{"id":91288,"date":"2016-07-08T19:40:00","date_gmt":"2016-07-08T17:40:00","guid":{"rendered":"http:\/\/hudo.com\/si\/2016\/07\/08\/celjanu-robertu-rennerju-bron-v-amsterdamu\/"},"modified":"2016-07-10T00:07:18","modified_gmt":"2016-07-09T22:07:18","slug":"celjanu-robertu-rennerju-bron-v-amsterdamu","status":"publish","type":"post","link":"https:\/\/hudo.com\/si\/aktualno\/celjanu-robertu-rennerju-bron-v-amsterdamu\/","title":{"rendered":"Celjanu Robertu Rennerju bron v Amsterdamu"},"content":{"rendered":"<p>Dvaindvajsetletni slovenski rekorder Robert Renner je tretji dan evropskega prvenstva v atletiki v Amsterdamu v skoku s palico osvojil bronasto medaljo, presko\u010dil je 5,50 metra. Zmagal je Poljak Robert Sobera (5,60 m), ki je tako kot Renner osvojil svojo prvo veliko \u010dlansko medaljo. Drugi je bil \u010ceh Jan Kudli\u010dka (5,60 m), bronast leta 2014 na dvoranskem SP in na EP na prostem. Celjan Renner v prvem poskusu je presko\u010dil 5,30 in 5,50 in tedaj s \u0161e tremi tekmovalci delil tretje mesto. Na vi\u0161ini 5,60 m je letvico trikrat podrl in bil tedaj \u0161e tretji, vendar svetovni rekorder in aktualni olimpijski zmagovalec Francoz Renaud Lavillenie, ki je od leta 2010 osvojil tri zaporedne evropske naslove, \u0161e ni tekmoval. Lavillenie je pred tem izpustil vse vi\u0161ine, za\u010del na 5,75 m, kjer pa pa je letvico dvakrat podrl. Nato je na tretji poskus dolgo \u010dakal, pri\u0161el po zaletu s palico \u017ee do korita, potem pa skoka ni izvedel. V drugem poskusu na tej kon\u010dni vi\u0161ini EP je letvico podrl in Slovenija je po desetih letih vnovi\u010d osvojila medaljo na prvenstvih stare celine.\u0160port<\/p>\n","protected":false},"excerpt":{"rendered":"<p>Dvaindvajsetletni slovenski rekorder Robert Renner je tretji dan evropskega prvenstva v atletiki v Amsterdamu v skoku s palico osvojil bronasto medaljo, presko\u010dil je 5,50 metra. Zmagal je Poljak Robert Sobera (5,60 m), ki je tako kot Renner osvojil svojo prvo veliko \u010dlansko medaljo. Drugi je bil \u010ceh Jan Kudli\u010dka (5,60 m), bronast leta 2014 na dvoranskem SP in na EP na prostem. Celjan Renner v prvem poskusu je presko\u010dil 5,30 in 5,50 in tedaj s \u0161e tremi tekmovalci delil tretje mesto. Na vi\u0161ini 5,60 m je letvico trikrat podrl in bil tedaj \u0161e tretji, vendar svetovni rekorder in aktualni olimpijski zmagovalec Francoz Renaud Lavillenie, ki je od leta 2010 osvojil tri zaporedne evropske naslove, \u0161e ni tekmoval. Lavillenie je pred tem izpustil vse vi\u0161ine, za\u010del na 5,75 m, kjer pa pa je letvico dvakrat podrl. Nato je na tretji poskus dolgo \u010dakal, pri\u0161el po zaletu s palico \u017ee do korita, potem pa skoka ni izvedel. V drugem poskusu na tej kon\u010dni vi\u0161ini EP je letvico podrl in Slovenija je po desetih letih vnovi\u010d osvojila medaljo na prvenstvih stare celine.\u0160port<\/p>\n","protected":false},"author":1,"featured_media":0,"comment_status":"closed","ping_status":"closed","sticky":false,"template":"","format":"standard","meta":{"footnotes":""},"categories":[1179],"tags":[],"source":[1711],"supertag":[],"acf":[],"yoast_head":"<!-- This site is optimized with the Yoast SEO plugin v21.3 - https:\/\/yoast.com\/wordpress\/plugins\/seo\/ -->\n<title>Celjanu Robertu Rennerju bron v Amsterdamu - Hudo Slovenija<\/title>\n<meta name=\"robots\" content=\"index, follow, max-snippet:-1, max-image-preview:large, max-video-preview:-1\" \/>\n<link rel=\"canonical\" href=\"https:\/\/hudo.com\/si\/aktualno\/celjanu-robertu-rennerju-bron-v-amsterdamu\/\" \/>\n<meta property=\"og:locale\" content=\"sl_SI\" \/>\n<meta property=\"og:type\" content=\"article\" \/>\n<meta property=\"og:title\" content=\"Celjanu Robertu Rennerju bron v Amsterdamu - Hudo Slovenija\" \/>\n<meta property=\"og:description\" content=\"Dvaindvajsetletni slovenski rekorder Robert Renner je tretji dan evropskega prvenstva v atletiki v Amsterdamu v skoku s palico osvojil bronasto medaljo, presko\u010dil je 5,50 metra. Zmagal je Poljak Robert Sobera (5,60 m), ki je tako kot Renner osvojil svojo prvo veliko \u010dlansko medaljo. Drugi je bil \u010ceh Jan Kudli\u010dka (5,60 m), bronast leta 2014 na dvoranskem SP in na EP na prostem. Celjan Renner v prvem poskusu je presko\u010dil 5,30 in 5,50 in tedaj s \u0161e tremi tekmovalci delil tretje mesto. Na vi\u0161ini 5,60 m je letvico trikrat podrl in bil tedaj \u0161e tretji, vendar svetovni rekorder in aktualni olimpijski zmagovalec Francoz Renaud Lavillenie, ki je od leta 2010 osvojil tri zaporedne evropske naslove, \u0161e ni tekmoval. Lavillenie je pred tem izpustil vse vi\u0161ine, za\u010del na 5,75 m, kjer pa pa je letvico dvakrat podrl. Nato je na tretji poskus dolgo \u010dakal, pri\u0161el po zaletu s palico \u017ee do korita, potem pa skoka ni izvedel. V drugem poskusu na tej kon\u010dni vi\u0161ini EP je letvico podrl in Slovenija je po desetih letih vnovi\u010d osvojila medaljo na prvenstvih stare celine.\u0160port\" \/>\n<meta property=\"og:url\" content=\"https:\/\/hudo.com\/si\/aktualno\/celjanu-robertu-rennerju-bron-v-amsterdamu\/\" \/>\n<meta property=\"og:site_name\" content=\"Hudo Slovenija\" \/>\n<meta property=\"article:publisher\" content=\"https:\/\/www.facebook.com\/hudo.si\" \/>\n<meta property=\"article:published_time\" content=\"2016-07-08T17:40:00+00:00\" \/>\n<meta property=\"article:modified_time\" content=\"2016-07-09T22:07:18+00:00\" \/>\n<meta property=\"og:image\" content=\"https:\/\/hudo.com\/si\/wp-content\/uploads\/sites\/2\/2016\/07\/01412930F-300.jpg\" \/>\n\t<meta property=\"og:image:width\" content=\"450\" \/>\n\t<meta property=\"og:image:height\" content=\"645\" \/>\n\t<meta property=\"og:image:type\" content=\"image\/jpeg\" \/>\n<meta name=\"author\" content=\"hudo\" \/>\n<meta name=\"twitter:card\" content=\"summary_large_image\" \/>\n<meta name=\"twitter:creator\" content=\"@hudo_si\" \/>\n<meta name=\"twitter:site\" content=\"@hudo_si\" \/>\n<meta name=\"twitter:label1\" content=\"Written by\" \/>\n\t<meta name=\"twitter:data1\" content=\"hudo\" \/>\n\t<meta name=\"twitter:label2\" content=\"Est. reading time\" \/>\n\t<meta name=\"twitter:data2\" content=\"1 minuta\" \/>\n<script type=\"application\/ld+json\" class=\"yoast-schema-graph\">{\"@context\":\"https:\/\/schema.org\",\"@graph\":[{\"@type\":\"Article\",\"@id\":\"https:\/\/hudo.com\/si\/aktualno\/celjanu-robertu-rennerju-bron-v-amsterdamu\/#article\",\"isPartOf\":{\"@id\":\"https:\/\/hudo.com\/si\/aktualno\/celjanu-robertu-rennerju-bron-v-amsterdamu\/\"},\"author\":{\"name\":\"hudo\",\"@id\":\"https:\/\/hudo.com\/si\/#\/schema\/person\/601cf3379633985b20f7e50f2bb47707\"},\"headline\":\"Celjanu Robertu Rennerju bron v Amsterdamu\",\"datePublished\":\"2016-07-08T17:40:00+00:00\",\"dateModified\":\"2016-07-09T22:07:18+00:00\",\"mainEntityOfPage\":{\"@id\":\"https:\/\/hudo.com\/si\/aktualno\/celjanu-robertu-rennerju-bron-v-amsterdamu\/\"},\"wordCount\":186,\"publisher\":{\"@id\":\"https:\/\/hudo.com\/si\/#organization\"},\"articleSection\":[\"Aktualno\"],\"inLanguage\":\"sl-SI\"},{\"@type\":\"WebPage\",\"@id\":\"https:\/\/hudo.com\/si\/aktualno\/celjanu-robertu-rennerju-bron-v-amsterdamu\/\",\"url\":\"https:\/\/hudo.com\/si\/aktualno\/celjanu-robertu-rennerju-bron-v-amsterdamu\/\",\"name\":\"Celjanu Robertu Rennerju bron v Amsterdamu - Hudo Slovenija\",\"isPartOf\":{\"@id\":\"https:\/\/hudo.com\/si\/#website\"},\"datePublished\":\"2016-07-08T17:40:00+00:00\",\"dateModified\":\"2016-07-09T22:07:18+00:00\",\"breadcrumb\":{\"@id\":\"https:\/\/hudo.com\/si\/aktualno\/celjanu-robertu-rennerju-bron-v-amsterdamu\/#breadcrumb\"},\"inLanguage\":\"sl-SI\",\"potentialAction\":[{\"@type\":\"ReadAction\",\"target\":[\"https:\/\/hudo.com\/si\/aktualno\/celjanu-robertu-rennerju-bron-v-amsterdamu\/\"]}]},{\"@type\":\"BreadcrumbList\",\"@id\":\"https:\/\/hudo.com\/si\/aktualno\/celjanu-robertu-rennerju-bron-v-amsterdamu\/#breadcrumb\",\"itemListElement\":[{\"@type\":\"ListItem\",\"position\":1,\"name\":\"Home\",\"item\":\"https:\/\/hudo.com\/si\/\"},{\"@type\":\"ListItem\",\"position\":2,\"name\":\"Celjanu Robertu Rennerju bron v Amsterdamu\"}]},{\"@type\":\"WebSite\",\"@id\":\"https:\/\/hudo.com\/si\/#website\",\"url\":\"https:\/\/hudo.com\/si\/\",\"name\":\"Hudo Slovenija\",\"description\":\"Vse novice iz Slovenije in sveta\",\"publisher\":{\"@id\":\"https:\/\/hudo.com\/si\/#organization\"},\"potentialAction\":[{\"@type\":\"SearchAction\",\"target\":{\"@type\":\"EntryPoint\",\"urlTemplate\":\"https:\/\/hudo.com\/si\/?s={search_term_string}\"},\"query-input\":\"required name=search_term_string\"}],\"inLanguage\":\"sl-SI\"},{\"@type\":\"Organization\",\"@id\":\"https:\/\/hudo.com\/si\/#organization\",\"name\":\"VSN Media\",\"url\":\"https:\/\/hudo.com\/si\/\",\"logo\":{\"@type\":\"ImageObject\",\"inLanguage\":\"sl-SI\",\"@id\":\"https:\/\/hudo.com\/si\/#\/schema\/logo\/image\/\",\"url\":\"https:\/\/hudo.com\/si\/wp-content\/uploads\/sites\/2\/2021\/03\/hudo-app-2.png\",\"contentUrl\":\"https:\/\/hudo.com\/si\/wp-content\/uploads\/sites\/2\/2021\/03\/hudo-app-2.png\",\"width\":2185,\"height\":2167,\"caption\":\"VSN Media\"},\"image\":{\"@id\":\"https:\/\/hudo.com\/si\/#\/schema\/logo\/image\/\"},\"sameAs\":[\"https:\/\/www.facebook.com\/hudo.si\",\"https:\/\/twitter.com\/hudo_si\"]},{\"@type\":\"Person\",\"@id\":\"https:\/\/hudo.com\/si\/#\/schema\/person\/601cf3379633985b20f7e50f2bb47707\",\"name\":\"hudo\",\"image\":{\"@type\":\"ImageObject\",\"inLanguage\":\"sl-SI\",\"@id\":\"https:\/\/hudo.com\/si\/#\/schema\/person\/image\/\",\"url\":\"https:\/\/secure.gravatar.com\/avatar\/c4ca25fa72cace7a696b52ff5db9e095?s=96&d=mm&r=g\",\"contentUrl\":\"https:\/\/secure.gravatar.com\/avatar\/c4ca25fa72cace7a696b52ff5db9e095?s=96&d=mm&r=g\",\"caption\":\"hudo\"},\"url\":\"https:\/\/hudo.com\/si\/author\/hudo\/\"}]}<\/script>\n<!-- \/ Yoast SEO plugin. -->","yoast_head_json":{"title":"Celjanu Robertu Rennerju bron v Amsterdamu - Hudo Slovenija","robots":{"index":"index","follow":"follow","max-snippet":"max-snippet:-1","max-image-preview":"max-image-preview:large","max-video-preview":"max-video-preview:-1"},"canonical":"https:\/\/hudo.com\/si\/aktualno\/celjanu-robertu-rennerju-bron-v-amsterdamu\/","og_locale":"sl_SI","og_type":"article","og_title":"Celjanu Robertu Rennerju bron v Amsterdamu - Hudo Slovenija","og_description":"Dvaindvajsetletni slovenski rekorder Robert Renner je tretji dan evropskega prvenstva v atletiki v Amsterdamu v skoku s palico osvojil bronasto medaljo, presko\u010dil je 5,50 metra. Zmagal je Poljak Robert Sobera (5,60 m), ki je tako kot Renner osvojil svojo prvo veliko \u010dlansko medaljo. Drugi je bil \u010ceh Jan Kudli\u010dka (5,60 m), bronast leta 2014 na dvoranskem SP in na EP na prostem. Celjan Renner v prvem poskusu je presko\u010dil 5,30 in 5,50 in tedaj s \u0161e tremi tekmovalci delil tretje mesto. Na vi\u0161ini 5,60 m je letvico trikrat podrl in bil tedaj \u0161e tretji, vendar svetovni rekorder in aktualni olimpijski zmagovalec Francoz Renaud Lavillenie, ki je od leta 2010 osvojil tri zaporedne evropske naslove, \u0161e ni tekmoval. Lavillenie je pred tem izpustil vse vi\u0161ine, za\u010del na 5,75 m, kjer pa pa je letvico dvakrat podrl. Nato je na tretji poskus dolgo \u010dakal, pri\u0161el po zaletu s palico \u017ee do korita, potem pa skoka ni izvedel. V drugem poskusu na tej kon\u010dni vi\u0161ini EP je letvico podrl in Slovenija je po desetih letih vnovi\u010d osvojila medaljo na prvenstvih stare celine.\u0160port","og_url":"https:\/\/hudo.com\/si\/aktualno\/celjanu-robertu-rennerju-bron-v-amsterdamu\/","og_site_name":"Hudo Slovenija","article_publisher":"https:\/\/www.facebook.com\/hudo.si","article_published_time":"2016-07-08T17:40:00+00:00","article_modified_time":"2016-07-09T22:07:18+00:00","og_image":[{"width":450,"height":645,"url":"https:\/\/hudo.com\/si\/wp-content\/uploads\/sites\/2\/2016\/07\/01412930F-300.jpg","type":"image\/jpeg"}],"author":"hudo","twitter_card":"summary_large_image","twitter_creator":"@hudo_si","twitter_site":"@hudo_si","twitter_misc":{"Written by":"hudo","Est. reading time":"1 minuta"},"schema":{"@context":"https:\/\/schema.org","@graph":[{"@type":"Article","@id":"https:\/\/hudo.com\/si\/aktualno\/celjanu-robertu-rennerju-bron-v-amsterdamu\/#article","isPartOf":{"@id":"https:\/\/hudo.com\/si\/aktualno\/celjanu-robertu-rennerju-bron-v-amsterdamu\/"},"author":{"name":"hudo","@id":"https:\/\/hudo.com\/si\/#\/schema\/person\/601cf3379633985b20f7e50f2bb47707"},"headline":"Celjanu Robertu Rennerju bron v Amsterdamu","datePublished":"2016-07-08T17:40:00+00:00","dateModified":"2016-07-09T22:07:18+00:00","mainEntityOfPage":{"@id":"https:\/\/hudo.com\/si\/aktualno\/celjanu-robertu-rennerju-bron-v-amsterdamu\/"},"wordCount":186,"publisher":{"@id":"https:\/\/hudo.com\/si\/#organization"},"articleSection":["Aktualno"],"inLanguage":"sl-SI"},{"@type":"WebPage","@id":"https:\/\/hudo.com\/si\/aktualno\/celjanu-robertu-rennerju-bron-v-amsterdamu\/","url":"https:\/\/hudo.com\/si\/aktualno\/celjanu-robertu-rennerju-bron-v-amsterdamu\/","name":"Celjanu Robertu Rennerju bron v Amsterdamu - Hudo Slovenija","isPartOf":{"@id":"https:\/\/hudo.com\/si\/#website"},"datePublished":"2016-07-08T17:40:00+00:00","dateModified":"2016-07-09T22:07:18+00:00","breadcrumb":{"@id":"https:\/\/hudo.com\/si\/aktualno\/celjanu-robertu-rennerju-bron-v-amsterdamu\/#breadcrumb"},"inLanguage":"sl-SI","potentialAction":[{"@type":"ReadAction","target":["https:\/\/hudo.com\/si\/aktualno\/celjanu-robertu-rennerju-bron-v-amsterdamu\/"]}]},{"@type":"BreadcrumbList","@id":"https:\/\/hudo.com\/si\/aktualno\/celjanu-robertu-rennerju-bron-v-amsterdamu\/#breadcrumb","itemListElement":[{"@type":"ListItem","position":1,"name":"Home","item":"https:\/\/hudo.com\/si\/"},{"@type":"ListItem","position":2,"name":"Celjanu Robertu Rennerju bron v Amsterdamu"}]},{"@type":"WebSite","@id":"https:\/\/hudo.com\/si\/#website","url":"https:\/\/hudo.com\/si\/","name":"Hudo Slovenija","description":"Vse novice iz Slovenije in sveta","publisher":{"@id":"https:\/\/hudo.com\/si\/#organization"},"potentialAction":[{"@type":"SearchAction","target":{"@type":"EntryPoint","urlTemplate":"https:\/\/hudo.com\/si\/?s={search_term_string}"},"query-input":"required name=search_term_string"}],"inLanguage":"sl-SI"},{"@type":"Organization","@id":"https:\/\/hudo.com\/si\/#organization","name":"VSN Media","url":"https:\/\/hudo.com\/si\/","logo":{"@type":"ImageObject","inLanguage":"sl-SI","@id":"https:\/\/hudo.com\/si\/#\/schema\/logo\/image\/","url":"https:\/\/hudo.com\/si\/wp-content\/uploads\/sites\/2\/2021\/03\/hudo-app-2.png","contentUrl":"https:\/\/hudo.com\/si\/wp-content\/uploads\/sites\/2\/2021\/03\/hudo-app-2.png","width":2185,"height":2167,"caption":"VSN Media"},"image":{"@id":"https:\/\/hudo.com\/si\/#\/schema\/logo\/image\/"},"sameAs":["https:\/\/www.facebook.com\/hudo.si","https:\/\/twitter.com\/hudo_si"]},{"@type":"Person","@id":"https:\/\/hudo.com\/si\/#\/schema\/person\/601cf3379633985b20f7e50f2bb47707","name":"hudo","image":{"@type":"ImageObject","inLanguage":"sl-SI","@id":"https:\/\/hudo.com\/si\/#\/schema\/person\/image\/","url":"https:\/\/secure.gravatar.com\/avatar\/c4ca25fa72cace7a696b52ff5db9e095?s=96&d=mm&r=g","contentUrl":"https:\/\/secure.gravatar.com\/avatar\/c4ca25fa72cace7a696b52ff5db9e095?s=96&d=mm&r=g","caption":"hudo"},"url":"https:\/\/hudo.com\/si\/author\/hudo\/"}]}},"amp_enabled":true,"_links":{"self":[{"href":"https:\/\/hudo.com\/si\/wp-json\/wp\/v2\/posts\/91288"}],"collection":[{"href":"https:\/\/hudo.com\/si\/wp-json\/wp\/v2\/posts"}],"about":[{"href":"https:\/\/hudo.com\/si\/wp-json\/wp\/v2\/types\/post"}],"author":[{"embeddable":true,"href":"https:\/\/hudo.com\/si\/wp-json\/wp\/v2\/users\/1"}],"replies":[{"embeddable":true,"href":"https:\/\/hudo.com\/si\/wp-json\/wp\/v2\/comments?post=91288"}],"version-history":[{"count":1,"href":"https:\/\/hudo.com\/si\/wp-json\/wp\/v2\/posts\/91288\/revisions"}],"predecessor-version":[{"id":91376,"href":"https:\/\/hudo.com\/si\/wp-json\/wp\/v2\/posts\/91288\/revisions\/91376"}],"wp:attachment":[{"href":"https:\/\/hudo.com\/si\/wp-json\/wp\/v2\/media?parent=91288"}],"wp:term":[{"taxonomy":"category","embeddable":true,"href":"https:\/\/hudo.com\/si\/wp-json\/wp\/v2\/categories?post=91288"},{"taxonomy":"post_tag","embeddable":true,"href":"https:\/\/hudo.com\/si\/wp-json\/wp\/v2\/tags?post=91288"},{"taxonomy":"source","embeddable":true,"href":"https:\/\/hudo.com\/si\/wp-json\/wp\/v2\/source?post=91288"},{"taxonomy":"supertag","embeddable":true,"href":"https:\/\/hudo.com\/si\/wp-json\/wp\/v2\/supertag?post=91288"}],"curies":[{"name":"wp","href":"https:\/\/api.w.org\/{rel}","templated":true}]}}