{"id":91316,"date":"2016-07-08T22:00:00","date_gmt":"2016-07-08T20:00:00","guid":{"rendered":"http:\/\/hudo.com\/si\/2016\/07\/08\/po-pocitnicah-bo-ostala-zaprta\/"},"modified":"2016-07-09T19:06:49","modified_gmt":"2016-07-09T17:06:49","slug":"po-pocitnicah-bo-ostala-zaprta","status":"publish","type":"post","link":"https:\/\/hudo.com\/si\/aktualno\/po-pocitnicah-bo-ostala-zaprta\/","title":{"rendered":"Po po\u010ditnicah bo ostala zaprta"},"content":{"rendered":"<p>V \u010crni na Koro\u0161kem v zadnjih dveh letih ukinjajo \u017ee drugo podru\u017eni\u010dno \u0161olo (PO\u0160). Po koprivenski leta 2014 zdaj &#8211; menda za\u010dasno &#8211; ukinjajo \u0161e najvi\u0161je le\u017ee\u010do PO\u0160 v Sloveniji, v Javorju. Razlog: premalo otrok. Za naslednje \u0161olsko leto so bili vpisani le trije, za obmejna obmo\u010dja je minimum pet u\u010dencev. Kot je pojasnila ravnateljica Osnovne \u0161ole (O\u0160) \u010crna na Kro\u0161kem Romana Ko\u0161utnik , so v preteklem letu v \u0161oli imeli \u0161est u\u010dencev, \u0161esto\u0161olec bo jeseni nadaljeval na mati\u010dni \u0161oli, zato bi jih ostalo pet, kar je minimum, zato so kadrovsko in sicer na tej \u0161oli na\u010drtovali novo \u0161olsko leto. Vse dokler niso sredi junija izvedeli, da dva otroka v prihodnjem leti ne bosta obiskovala te podru\u017enice. Neuradno (ne od \u0161ole ali ob\u010dine) smo izvedeli, da so se star\u0161i s tega obmo\u010dja odlo\u010dili, da svoja otroka vpi\u0161ejo v PO\u0160 Razbor, ki je podru\u017enica O\u0160 Podgorje, kar je v skladu s pravico do svobodne izbire osnovne \u0161ole. Le  trije so ostali \u010crnjanski ob\u010dinski svet je ta teden soglasno sprejel sklep o za\u010dasnem zaprtju PO\u0160 Javorje. Kot je pojasnila \u017eupanja ob\u010dine \u010crna na Koro\u0161kem Romana Lesjak , \u0161ole ne zapira ne dr\u017eava ne ob\u010dina, ampak jo za\u010dasno zapirajo, ker ni dovolj otrok. Kljub temu da bi se na \u0161oli \u0161olali le trije otroci, bi ta teoreti\u010dno sicer lahko obstala, a bi morala njeno delovanje financirati ob\u010dina, kar bi po izra\u010dunih ravnateljice zna\u0161alo okoli 50 tiso\u010d evrov na leto. A o tej mo\u017enosti niti ni bilo govora, kajti na zboru va\u0161ke skupnosti Magdalena so po besedah \u017eupanje tudi star\u0161i otrok, ki so bili za naslednje leto \u0161e kandidati za \u0161olanje v PO\u0160 Javorje, izraz ili namero, da svoje otroke vpi\u0161ejo v mati\u010dno \u0161olo.Za\u010dasna ukinitev bo terjala tudi zmanj\u0161anje zaposlenih na O\u0160 \u010crna. Delo bo izgubila ena od profesoric razrednega pouka, prav tako ne bodo potrebovali gospodinjca (\u010distilec in kuhar v eni osebi), en oddelek manj pa bo pomenil tudi zmanj\u0161ano obveznost ra\u010dunalnikarja, knji\u017eni\u010darja, ra\u010dunovodske slu\u017ebe, administracije. Ugotavljanje poslovnih vi\u0161kov bo ravnateljica prepustila n<\/p>\n","protected":false},"excerpt":{"rendered":"<p>V \u010crni na Koro\u0161kem v zadnjih dveh letih ukinjajo \u017ee drugo podru\u017eni\u010dno \u0161olo (PO\u0160). Po koprivenski leta 2014 zdaj &#8211; menda za\u010dasno &#8211; ukinjajo \u0161e najvi\u0161je le\u017ee\u010do PO\u0160 v Sloveniji, v Javorju. Razlog: premalo otrok. Za naslednje \u0161olsko leto so bili vpisani le trije, za obmejna obmo\u010dja je minimum pet u\u010dencev. Kot je pojasnila ravnateljica Osnovne \u0161ole (O\u0160) \u010crna na Kro\u0161kem Romana Ko\u0161utnik , so v preteklem letu v \u0161oli imeli \u0161est u\u010dencev, \u0161esto\u0161olec bo jeseni nadaljeval na mati\u010dni \u0161oli, zato bi jih ostalo pet, kar je minimum, zato so kadrovsko in sicer na tej \u0161oli na\u010drtovali novo \u0161olsko leto. Vse dokler niso sredi junija izvedeli, da dva otroka v prihodnjem leti ne bosta obiskovala te podru\u017enice. Neuradno (ne od \u0161ole ali ob\u010dine) smo izvedeli, da so se star\u0161i s tega obmo\u010dja odlo\u010dili, da svoja otroka vpi\u0161ejo v PO\u0160 Razbor, ki je podru\u017enica O\u0160 Podgorje, kar je v skladu s pravico do svobodne izbire osnovne \u0161ole. Le  trije so ostali \u010crnjanski ob\u010dinski svet je ta teden soglasno sprejel sklep o za\u010dasnem zaprtju PO\u0160 Javorje. Kot je pojasnila \u017eupanja ob\u010dine \u010crna na Koro\u0161kem Romana Lesjak , \u0161ole ne zapira ne dr\u017eava ne ob\u010dina, ampak jo za\u010dasno zapirajo, ker ni dovolj otrok. Kljub temu da bi se na \u0161oli \u0161olali le trije otroci, bi ta teoreti\u010dno sicer lahko obstala, a bi morala njeno delovanje financirati ob\u010dina, kar bi po izra\u010dunih ravnateljice zna\u0161alo okoli 50 tiso\u010d evrov na leto. A o tej mo\u017enosti niti ni bilo govora, kajti na zboru va\u0161ke skupnosti Magdalena so po besedah \u017eupanje tudi star\u0161i otrok, ki so bili za naslednje leto \u0161e kandidati za \u0161olanje v PO\u0160 Javorje, izraz ili namero, da svoje otroke vpi\u0161ejo v mati\u010dno \u0161olo.Za\u010dasna ukinitev bo terjala tudi zmanj\u0161anje zaposlenih na O\u0160 \u010crna. Delo bo izgubila ena od profesoric razrednega pouka, prav tako ne bodo potrebovali gospodinjca (\u010distilec in kuhar v eni osebi), en oddelek manj pa bo pomenil tudi zmanj\u0161ano obveznost ra\u010dunalnikarja, knji\u017eni\u010darja, ra\u010dunovodske slu\u017ebe, administracije. Ugotavljanje poslovnih vi\u0161kov bo ravnateljica prepustila n<\/p>\n","protected":false},"author":1,"featured_media":0,"comment_status":"closed","ping_status":"closed","sticky":false,"template":"","format":"standard","meta":{"footnotes":""},"categories":[1179],"tags":[],"source":[1711],"supertag":[],"acf":[],"yoast_head":"<!-- This site is optimized with the Yoast SEO plugin v21.3 - https:\/\/yoast.com\/wordpress\/plugins\/seo\/ -->\n<title>Po po\u010ditnicah bo ostala zaprta - Hudo Slovenija<\/title>\n<meta name=\"robots\" content=\"index, follow, max-snippet:-1, max-image-preview:large, max-video-preview:-1\" \/>\n<link rel=\"canonical\" href=\"https:\/\/hudo.com\/si\/aktualno\/po-pocitnicah-bo-ostala-zaprta\/\" \/>\n<meta property=\"og:locale\" content=\"sl_SI\" \/>\n<meta property=\"og:type\" content=\"article\" \/>\n<meta property=\"og:title\" content=\"Po po\u010ditnicah bo ostala zaprta - Hudo Slovenija\" \/>\n<meta property=\"og:description\" content=\"V \u010crni na Koro\u0161kem v zadnjih dveh letih ukinjajo \u017ee drugo podru\u017eni\u010dno \u0161olo (PO\u0160). Po koprivenski leta 2014 zdaj - menda za\u010dasno - ukinjajo \u0161e najvi\u0161je le\u017ee\u010do PO\u0160 v Sloveniji, v Javorju. Razlog: premalo otrok. Za naslednje \u0161olsko leto so bili vpisani le trije, za obmejna obmo\u010dja je minimum pet u\u010dencev. Kot je pojasnila ravnateljica Osnovne \u0161ole (O\u0160) \u010crna na Kro\u0161kem Romana Ko\u0161utnik , so v preteklem letu v \u0161oli imeli \u0161est u\u010dencev, \u0161esto\u0161olec bo jeseni nadaljeval na mati\u010dni \u0161oli, zato bi jih ostalo pet, kar je minimum, zato so kadrovsko in sicer na tej \u0161oli na\u010drtovali novo \u0161olsko leto. Vse dokler niso sredi junija izvedeli, da dva otroka v prihodnjem leti ne bosta obiskovala te podru\u017enice. Neuradno (ne od \u0161ole ali ob\u010dine) smo izvedeli, da so se star\u0161i s tega obmo\u010dja odlo\u010dili, da svoja otroka vpi\u0161ejo v PO\u0160 Razbor, ki je podru\u017enica O\u0160 Podgorje, kar je v skladu s pravico do svobodne izbire osnovne \u0161ole. Le trije so ostali \u010crnjanski ob\u010dinski svet je ta teden soglasno sprejel sklep o za\u010dasnem zaprtju PO\u0160 Javorje. Kot je pojasnila \u017eupanja ob\u010dine \u010crna na Koro\u0161kem Romana Lesjak , \u0161ole ne zapira ne dr\u017eava ne ob\u010dina, ampak jo za\u010dasno zapirajo, ker ni dovolj otrok. Kljub temu da bi se na \u0161oli \u0161olali le trije otroci, bi ta teoreti\u010dno sicer lahko obstala, a bi morala njeno delovanje financirati ob\u010dina, kar bi po izra\u010dunih ravnateljice zna\u0161alo okoli 50 tiso\u010d evrov na leto. A o tej mo\u017enosti niti ni bilo govora, kajti na zboru va\u0161ke skupnosti Magdalena so po besedah \u017eupanje tudi star\u0161i otrok, ki so bili za naslednje leto \u0161e kandidati za \u0161olanje v PO\u0160 Javorje, izraz ili namero, da svoje otroke vpi\u0161ejo v mati\u010dno \u0161olo.Za\u010dasna ukinitev bo terjala tudi zmanj\u0161anje zaposlenih na O\u0160 \u010crna. Delo bo izgubila ena od profesoric razrednega pouka, prav tako ne bodo potrebovali gospodinjca (\u010distilec in kuhar v eni osebi), en oddelek manj pa bo pomenil tudi zmanj\u0161ano obveznost ra\u010dunalnikarja, knji\u017eni\u010darja, ra\u010dunovodske slu\u017ebe, administracije. Ugotavljanje poslovnih vi\u0161kov bo ravnateljica prepustila n\" \/>\n<meta property=\"og:url\" content=\"https:\/\/hudo.com\/si\/aktualno\/po-pocitnicah-bo-ostala-zaprta\/\" \/>\n<meta property=\"og:site_name\" content=\"Hudo Slovenija\" \/>\n<meta property=\"article:publisher\" content=\"https:\/\/www.facebook.com\/hudo.si\" \/>\n<meta property=\"article:published_time\" content=\"2016-07-08T20:00:00+00:00\" \/>\n<meta property=\"article:modified_time\" content=\"2016-07-09T17:06:49+00:00\" \/>\n<meta property=\"og:image\" content=\"https:\/\/hudo.com\/si\/wp-content\/uploads\/sites\/2\/2016\/07\/00624877F-300.jpg\" \/>\n\t<meta property=\"og:image:width\" content=\"450\" \/>\n\t<meta property=\"og:image:height\" content=\"324\" \/>\n\t<meta property=\"og:image:type\" content=\"image\/jpeg\" \/>\n<meta name=\"author\" content=\"hudo\" \/>\n<meta name=\"twitter:card\" content=\"summary_large_image\" \/>\n<meta name=\"twitter:creator\" content=\"@hudo_si\" \/>\n<meta name=\"twitter:site\" content=\"@hudo_si\" \/>\n<meta name=\"twitter:label1\" content=\"Written by\" \/>\n\t<meta name=\"twitter:data1\" content=\"hudo\" \/>\n\t<meta name=\"twitter:label2\" content=\"Est. reading time\" \/>\n\t<meta name=\"twitter:data2\" content=\"2 minuti\" \/>\n<script type=\"application\/ld+json\" class=\"yoast-schema-graph\">{\"@context\":\"https:\/\/schema.org\",\"@graph\":[{\"@type\":\"Article\",\"@id\":\"https:\/\/hudo.com\/si\/aktualno\/po-pocitnicah-bo-ostala-zaprta\/#article\",\"isPartOf\":{\"@id\":\"https:\/\/hudo.com\/si\/aktualno\/po-pocitnicah-bo-ostala-zaprta\/\"},\"author\":{\"name\":\"hudo\",\"@id\":\"https:\/\/hudo.com\/si\/#\/schema\/person\/601cf3379633985b20f7e50f2bb47707\"},\"headline\":\"Po po\u010ditnicah bo ostala zaprta\",\"datePublished\":\"2016-07-08T20:00:00+00:00\",\"dateModified\":\"2016-07-09T17:06:49+00:00\",\"mainEntityOfPage\":{\"@id\":\"https:\/\/hudo.com\/si\/aktualno\/po-pocitnicah-bo-ostala-zaprta\/\"},\"wordCount\":380,\"publisher\":{\"@id\":\"https:\/\/hudo.com\/si\/#organization\"},\"articleSection\":[\"Aktualno\"],\"inLanguage\":\"sl-SI\"},{\"@type\":\"WebPage\",\"@id\":\"https:\/\/hudo.com\/si\/aktualno\/po-pocitnicah-bo-ostala-zaprta\/\",\"url\":\"https:\/\/hudo.com\/si\/aktualno\/po-pocitnicah-bo-ostala-zaprta\/\",\"name\":\"Po po\u010ditnicah bo ostala zaprta - Hudo Slovenija\",\"isPartOf\":{\"@id\":\"https:\/\/hudo.com\/si\/#website\"},\"datePublished\":\"2016-07-08T20:00:00+00:00\",\"dateModified\":\"2016-07-09T17:06:49+00:00\",\"breadcrumb\":{\"@id\":\"https:\/\/hudo.com\/si\/aktualno\/po-pocitnicah-bo-ostala-zaprta\/#breadcrumb\"},\"inLanguage\":\"sl-SI\",\"potentialAction\":[{\"@type\":\"ReadAction\",\"target\":[\"https:\/\/hudo.com\/si\/aktualno\/po-pocitnicah-bo-ostala-zaprta\/\"]}]},{\"@type\":\"BreadcrumbList\",\"@id\":\"https:\/\/hudo.com\/si\/aktualno\/po-pocitnicah-bo-ostala-zaprta\/#breadcrumb\",\"itemListElement\":[{\"@type\":\"ListItem\",\"position\":1,\"name\":\"Home\",\"item\":\"https:\/\/hudo.com\/si\/\"},{\"@type\":\"ListItem\",\"position\":2,\"name\":\"Po po\u010ditnicah bo ostala zaprta\"}]},{\"@type\":\"WebSite\",\"@id\":\"https:\/\/hudo.com\/si\/#website\",\"url\":\"https:\/\/hudo.com\/si\/\",\"name\":\"Hudo Slovenija\",\"description\":\"Vse novice iz Slovenije in sveta\",\"publisher\":{\"@id\":\"https:\/\/hudo.com\/si\/#organization\"},\"potentialAction\":[{\"@type\":\"SearchAction\",\"target\":{\"@type\":\"EntryPoint\",\"urlTemplate\":\"https:\/\/hudo.com\/si\/?s={search_term_string}\"},\"query-input\":\"required name=search_term_string\"}],\"inLanguage\":\"sl-SI\"},{\"@type\":\"Organization\",\"@id\":\"https:\/\/hudo.com\/si\/#organization\",\"name\":\"VSN Media\",\"url\":\"https:\/\/hudo.com\/si\/\",\"logo\":{\"@type\":\"ImageObject\",\"inLanguage\":\"sl-SI\",\"@id\":\"https:\/\/hudo.com\/si\/#\/schema\/logo\/image\/\",\"url\":\"https:\/\/hudo.com\/si\/wp-content\/uploads\/sites\/2\/2021\/03\/hudo-app-2.png\",\"contentUrl\":\"https:\/\/hudo.com\/si\/wp-content\/uploads\/sites\/2\/2021\/03\/hudo-app-2.png\",\"width\":2185,\"height\":2167,\"caption\":\"VSN Media\"},\"image\":{\"@id\":\"https:\/\/hudo.com\/si\/#\/schema\/logo\/image\/\"},\"sameAs\":[\"https:\/\/www.facebook.com\/hudo.si\",\"https:\/\/twitter.com\/hudo_si\"]},{\"@type\":\"Person\",\"@id\":\"https:\/\/hudo.com\/si\/#\/schema\/person\/601cf3379633985b20f7e50f2bb47707\",\"name\":\"hudo\",\"image\":{\"@type\":\"ImageObject\",\"inLanguage\":\"sl-SI\",\"@id\":\"https:\/\/hudo.com\/si\/#\/schema\/person\/image\/\",\"url\":\"https:\/\/secure.gravatar.com\/avatar\/c4ca25fa72cace7a696b52ff5db9e095?s=96&d=mm&r=g\",\"contentUrl\":\"https:\/\/secure.gravatar.com\/avatar\/c4ca25fa72cace7a696b52ff5db9e095?s=96&d=mm&r=g\",\"caption\":\"hudo\"},\"url\":\"https:\/\/hudo.com\/si\/author\/hudo\/\"}]}<\/script>\n<!-- \/ Yoast SEO plugin. -->","yoast_head_json":{"title":"Po po\u010ditnicah bo ostala zaprta - Hudo Slovenija","robots":{"index":"index","follow":"follow","max-snippet":"max-snippet:-1","max-image-preview":"max-image-preview:large","max-video-preview":"max-video-preview:-1"},"canonical":"https:\/\/hudo.com\/si\/aktualno\/po-pocitnicah-bo-ostala-zaprta\/","og_locale":"sl_SI","og_type":"article","og_title":"Po po\u010ditnicah bo ostala zaprta - Hudo Slovenija","og_description":"V \u010crni na Koro\u0161kem v zadnjih dveh letih ukinjajo \u017ee drugo podru\u017eni\u010dno \u0161olo (PO\u0160). Po koprivenski leta 2014 zdaj - menda za\u010dasno - ukinjajo \u0161e najvi\u0161je le\u017ee\u010do PO\u0160 v Sloveniji, v Javorju. Razlog: premalo otrok. Za naslednje \u0161olsko leto so bili vpisani le trije, za obmejna obmo\u010dja je minimum pet u\u010dencev. Kot je pojasnila ravnateljica Osnovne \u0161ole (O\u0160) \u010crna na Kro\u0161kem Romana Ko\u0161utnik , so v preteklem letu v \u0161oli imeli \u0161est u\u010dencev, \u0161esto\u0161olec bo jeseni nadaljeval na mati\u010dni \u0161oli, zato bi jih ostalo pet, kar je minimum, zato so kadrovsko in sicer na tej \u0161oli na\u010drtovali novo \u0161olsko leto. Vse dokler niso sredi junija izvedeli, da dva otroka v prihodnjem leti ne bosta obiskovala te podru\u017enice. Neuradno (ne od \u0161ole ali ob\u010dine) smo izvedeli, da so se star\u0161i s tega obmo\u010dja odlo\u010dili, da svoja otroka vpi\u0161ejo v PO\u0160 Razbor, ki je podru\u017enica O\u0160 Podgorje, kar je v skladu s pravico do svobodne izbire osnovne \u0161ole. Le trije so ostali \u010crnjanski ob\u010dinski svet je ta teden soglasno sprejel sklep o za\u010dasnem zaprtju PO\u0160 Javorje. Kot je pojasnila \u017eupanja ob\u010dine \u010crna na Koro\u0161kem Romana Lesjak , \u0161ole ne zapira ne dr\u017eava ne ob\u010dina, ampak jo za\u010dasno zapirajo, ker ni dovolj otrok. Kljub temu da bi se na \u0161oli \u0161olali le trije otroci, bi ta teoreti\u010dno sicer lahko obstala, a bi morala njeno delovanje financirati ob\u010dina, kar bi po izra\u010dunih ravnateljice zna\u0161alo okoli 50 tiso\u010d evrov na leto. A o tej mo\u017enosti niti ni bilo govora, kajti na zboru va\u0161ke skupnosti Magdalena so po besedah \u017eupanje tudi star\u0161i otrok, ki so bili za naslednje leto \u0161e kandidati za \u0161olanje v PO\u0160 Javorje, izraz ili namero, da svoje otroke vpi\u0161ejo v mati\u010dno \u0161olo.Za\u010dasna ukinitev bo terjala tudi zmanj\u0161anje zaposlenih na O\u0160 \u010crna. Delo bo izgubila ena od profesoric razrednega pouka, prav tako ne bodo potrebovali gospodinjca (\u010distilec in kuhar v eni osebi), en oddelek manj pa bo pomenil tudi zmanj\u0161ano obveznost ra\u010dunalnikarja, knji\u017eni\u010darja, ra\u010dunovodske slu\u017ebe, administracije. Ugotavljanje poslovnih vi\u0161kov bo ravnateljica prepustila n","og_url":"https:\/\/hudo.com\/si\/aktualno\/po-pocitnicah-bo-ostala-zaprta\/","og_site_name":"Hudo Slovenija","article_publisher":"https:\/\/www.facebook.com\/hudo.si","article_published_time":"2016-07-08T20:00:00+00:00","article_modified_time":"2016-07-09T17:06:49+00:00","og_image":[{"width":450,"height":324,"url":"https:\/\/hudo.com\/si\/wp-content\/uploads\/sites\/2\/2016\/07\/00624877F-300.jpg","type":"image\/jpeg"}],"author":"hudo","twitter_card":"summary_large_image","twitter_creator":"@hudo_si","twitter_site":"@hudo_si","twitter_misc":{"Written by":"hudo","Est. reading time":"2 minuti"},"schema":{"@context":"https:\/\/schema.org","@graph":[{"@type":"Article","@id":"https:\/\/hudo.com\/si\/aktualno\/po-pocitnicah-bo-ostala-zaprta\/#article","isPartOf":{"@id":"https:\/\/hudo.com\/si\/aktualno\/po-pocitnicah-bo-ostala-zaprta\/"},"author":{"name":"hudo","@id":"https:\/\/hudo.com\/si\/#\/schema\/person\/601cf3379633985b20f7e50f2bb47707"},"headline":"Po po\u010ditnicah bo ostala zaprta","datePublished":"2016-07-08T20:00:00+00:00","dateModified":"2016-07-09T17:06:49+00:00","mainEntityOfPage":{"@id":"https:\/\/hudo.com\/si\/aktualno\/po-pocitnicah-bo-ostala-zaprta\/"},"wordCount":380,"publisher":{"@id":"https:\/\/hudo.com\/si\/#organization"},"articleSection":["Aktualno"],"inLanguage":"sl-SI"},{"@type":"WebPage","@id":"https:\/\/hudo.com\/si\/aktualno\/po-pocitnicah-bo-ostala-zaprta\/","url":"https:\/\/hudo.com\/si\/aktualno\/po-pocitnicah-bo-ostala-zaprta\/","name":"Po po\u010ditnicah bo ostala zaprta - Hudo Slovenija","isPartOf":{"@id":"https:\/\/hudo.com\/si\/#website"},"datePublished":"2016-07-08T20:00:00+00:00","dateModified":"2016-07-09T17:06:49+00:00","breadcrumb":{"@id":"https:\/\/hudo.com\/si\/aktualno\/po-pocitnicah-bo-ostala-zaprta\/#breadcrumb"},"inLanguage":"sl-SI","potentialAction":[{"@type":"ReadAction","target":["https:\/\/hudo.com\/si\/aktualno\/po-pocitnicah-bo-ostala-zaprta\/"]}]},{"@type":"BreadcrumbList","@id":"https:\/\/hudo.com\/si\/aktualno\/po-pocitnicah-bo-ostala-zaprta\/#breadcrumb","itemListElement":[{"@type":"ListItem","position":1,"name":"Home","item":"https:\/\/hudo.com\/si\/"},{"@type":"ListItem","position":2,"name":"Po po\u010ditnicah bo ostala zaprta"}]},{"@type":"WebSite","@id":"https:\/\/hudo.com\/si\/#website","url":"https:\/\/hudo.com\/si\/","name":"Hudo Slovenija","description":"Vse novice iz Slovenije in sveta","publisher":{"@id":"https:\/\/hudo.com\/si\/#organization"},"potentialAction":[{"@type":"SearchAction","target":{"@type":"EntryPoint","urlTemplate":"https:\/\/hudo.com\/si\/?s={search_term_string}"},"query-input":"required name=search_term_string"}],"inLanguage":"sl-SI"},{"@type":"Organization","@id":"https:\/\/hudo.com\/si\/#organization","name":"VSN Media","url":"https:\/\/hudo.com\/si\/","logo":{"@type":"ImageObject","inLanguage":"sl-SI","@id":"https:\/\/hudo.com\/si\/#\/schema\/logo\/image\/","url":"https:\/\/hudo.com\/si\/wp-content\/uploads\/sites\/2\/2021\/03\/hudo-app-2.png","contentUrl":"https:\/\/hudo.com\/si\/wp-content\/uploads\/sites\/2\/2021\/03\/hudo-app-2.png","width":2185,"height":2167,"caption":"VSN Media"},"image":{"@id":"https:\/\/hudo.com\/si\/#\/schema\/logo\/image\/"},"sameAs":["https:\/\/www.facebook.com\/hudo.si","https:\/\/twitter.com\/hudo_si"]},{"@type":"Person","@id":"https:\/\/hudo.com\/si\/#\/schema\/person\/601cf3379633985b20f7e50f2bb47707","name":"hudo","image":{"@type":"ImageObject","inLanguage":"sl-SI","@id":"https:\/\/hudo.com\/si\/#\/schema\/person\/image\/","url":"https:\/\/secure.gravatar.com\/avatar\/c4ca25fa72cace7a696b52ff5db9e095?s=96&d=mm&r=g","contentUrl":"https:\/\/secure.gravatar.com\/avatar\/c4ca25fa72cace7a696b52ff5db9e095?s=96&d=mm&r=g","caption":"hudo"},"url":"https:\/\/hudo.com\/si\/author\/hudo\/"}]}},"amp_enabled":true,"_links":{"self":[{"href":"https:\/\/hudo.com\/si\/wp-json\/wp\/v2\/posts\/91316"}],"collection":[{"href":"https:\/\/hudo.com\/si\/wp-json\/wp\/v2\/posts"}],"about":[{"href":"https:\/\/hudo.com\/si\/wp-json\/wp\/v2\/types\/post"}],"author":[{"embeddable":true,"href":"https:\/\/hudo.com\/si\/wp-json\/wp\/v2\/users\/1"}],"replies":[{"embeddable":true,"href":"https:\/\/hudo.com\/si\/wp-json\/wp\/v2\/comments?post=91316"}],"version-history":[{"count":1,"href":"https:\/\/hudo.com\/si\/wp-json\/wp\/v2\/posts\/91316\/revisions"}],"predecessor-version":[{"id":91443,"href":"https:\/\/hudo.com\/si\/wp-json\/wp\/v2\/posts\/91316\/revisions\/91443"}],"wp:attachment":[{"href":"https:\/\/hudo.com\/si\/wp-json\/wp\/v2\/media?parent=91316"}],"wp:term":[{"taxonomy":"category","embeddable":true,"href":"https:\/\/hudo.com\/si\/wp-json\/wp\/v2\/categories?post=91316"},{"taxonomy":"post_tag","embeddable":true,"href":"https:\/\/hudo.com\/si\/wp-json\/wp\/v2\/tags?post=91316"},{"taxonomy":"source","embeddable":true,"href":"https:\/\/hudo.com\/si\/wp-json\/wp\/v2\/source?post=91316"},{"taxonomy":"supertag","embeddable":true,"href":"https:\/\/hudo.com\/si\/wp-json\/wp\/v2\/supertag?post=91316"}],"curies":[{"name":"wp","href":"https:\/\/api.w.org\/{rel}","templated":true}]}}