{"id":9136,"date":"2016-03-30T10:00:10","date_gmt":"2016-03-30T08:00:10","guid":{"rendered":"http:\/\/master.hudo.com\/si\/2016\/03\/30\/sproscena-in-modna-pomlad-z-mano\/"},"modified":"2016-04-08T10:34:21","modified_gmt":"2016-04-08T08:34:21","slug":"sproscena-in-modna-pomlad-z-mano","status":"publish","type":"post","link":"https:\/\/hudo.com\/si\/lifestyle\/sproscena-in-modna-pomlad-z-mano\/","title":{"rendered":"Spro\u0161\u010dena in modna pomlad z MANO!"},"content":{"rendered":"<p><a href=\"http:\/\/zenska.hudo.com\/moda-lepota\/modni-soping\/spros-in-modna-pomlad-z-mano\/galerija\/03_zenskasi\/\" rel=\"attachment wp-att-253593\"><img loading=\"lazy\" decoding=\"async\" class=\"alignnone size-large wp-image-253593\" src=\"http:\/\/zenska.hudo.com\/files\/2016\/03\/03_zenskasi-660x320.png\" alt=\"03_zenskasi\" width=\"660\" height=\"320\" \/><\/a><\/p>\n<p>&nbsp;<\/p>\n<p><span style=\"font-weight: 400;\">Kolekcija pomlad-poletje <\/span><strong><a href=\"http:\/\/www.mana.eu\/\">blagovne znamke MANA<\/a><\/strong><span style=\"font-weight: 400;\">, ki jo predstavlja priljubljena voditeljica Darja Gaj\u0161ek, vas bo zapeljala s paleto sve\u017eih barv in s premi\u0161ljenimi elementi vsakdanjega \u017eivljenja. Pestra ponudba modnih in kakovostnih obla\u010dil MANA zajema tako <\/span><strong><a href=\"http:\/\/www.mana.eu\/si\/430\/01\/zENSKE.aspx\">\u017eenska<\/a>, <a href=\"http:\/\/www.mana.eu\/si\/430\/02\/MOsKI.aspx\">mo\u0161ka<\/a><\/strong><span style=\"font-weight: 400;\"> kot tudi <\/span><strong><a href=\"http:\/\/www.mana.eu\/si\/430\/03\/OTROCI.aspx\">otro\u0161ka obla\u010dila<\/a><\/strong><span style=\"font-weight: 400;\">.<\/span><\/p>\n<p><a href=\"http:\/\/zenska.hudo.com\/moda-lepota\/modni-soping\/sproscena-in-modna-pomlad-z-mano\/galerija\/04_pr2\/\" rel=\"attachment wp-att-253527\"><img loading=\"lazy\" decoding=\"async\" class=\"alignnone size-large wp-image-253527\" src=\"http:\/\/zenska.hudo.com\/files\/2016\/03\/04_pr2-660x412.png\" alt=\"04_pr2\" width=\"660\" height=\"412\" \/><\/a><\/p>\n<h2><b>Spro\u0161\u010dena moda<\/b><\/h2>\n<p><strong><a href=\"http:\/\/www.mana.eu\/\">Kolekcija pomlad-poletje MANA<\/a><\/strong><span style=\"font-weight: 400;\"> v ve\u010dji meri zajema obla\u010dila, namenjena aktivnemu pre\u017eivljanju prostega \u010dasa z dru\u017eino tako v urbanih sredi\u0161\u010dih kot v naravi. Obla\u010dila iz jeansa ostajajo odli\u010dna izbira za spro\u0161\u010den sprehod po mestu ali parku. Sve\u017e pomladanski videz bodo soustvarjale majice z zanimivimi potiski in jakne v ve\u010dno modni beli ali modri barvi.<\/span><\/p>\n<p><a href=\"http:\/\/zenska.hudo.com\/moda-lepota\/modni-soping\/sproscena-in-modna-pomlad-z-mano\/galerija\/04_pr3\/\" rel=\"attachment wp-att-253528\"><img loading=\"lazy\" decoding=\"async\" class=\"alignnone size-large wp-image-253528\" src=\"http:\/\/zenska.hudo.com\/files\/2016\/03\/04_pr3-660x412.png\" alt=\"04_pr3\" width=\"660\" height=\"412\" \/><\/a><\/p>\n<h2><b>V poslovni svet s stilom<\/b><\/h2>\n<p><span style=\"font-weight: 400;\">V poslovnem svetu kot vedno kraljujeta poslovni barvi \u010drna in modra, toda letos morate biti pozorni na zanimive vzorce, ki bodo jemali pozornost. Z njimi bodo modne kombinacije pridobile nov in bolj udaren karakter.<\/span><\/p>\n<p><a href=\"http:\/\/zenska.hudo.com\/moda-lepota\/modni-soping\/sproscena-in-modna-pomlad-z-mano\/galerija\/04_pr4\/\" rel=\"attachment wp-att-253529\"><img loading=\"lazy\" decoding=\"async\" class=\"alignnone size-large wp-image-253529\" src=\"http:\/\/zenska.hudo.com\/files\/2016\/03\/04_pr4-660x412.png\" alt=\"04_pr4\" width=\"660\" height=\"412\" \/><\/a><\/p>\n<h2><b>Otro\u0161ka igrivost preko barv<\/b><\/h2>\n<p><strong><a href=\"http:\/\/www.mana.eu\/si\/430\/03\/OTROCI.aspx\">Otro\u0161ko kolekcijo MANA<\/a><\/strong><span style=\"font-weight: 400;\"> zaznamuje pestra paleta barv v bolj \u017eivih odtenkih. Pomladna igrivost prina\u0161a nepozabne modne kombinacije preko ljubkih vzorcev, zanimivih potiskov in detajlov v obliki \u010dipk in poudarjenih \u0161ivov.<\/span><\/p>\n<p><a href=\"http:\/\/zenska.hudo.com\/moda-lepota\/modni-soping\/sproscena-in-modna-pomlad-z-mano\/galerija\/04_pr5\/\" rel=\"attachment wp-att-253530\"><img loading=\"lazy\" decoding=\"async\" class=\"alignnone size-large wp-image-253530\" src=\"http:\/\/zenska.hudo.com\/files\/2016\/03\/04_pr5-660x412.png\" alt=\"04_pr5\" width=\"660\" height=\"412\" \/><\/a><\/p>\n<p>\u017divi modno in super ugodno!<\/p>\n<p><span style=\"font-weight: 400;\">Spremljajte nas na <\/span><strong><span style=\"color: #ff00ff;\"><a style=\"color: #ff00ff;\" href=\"http:\/\/www.facebook.com\/MojaMANA\">www.facebook.com\/MojaMANA<\/a><\/span><\/strong><\/p>\n<p><span style=\"font-weight: 400;\">Preverite lokacije trgovin na <\/span><strong><span style=\"color: #ff00ff;\"><a style=\"color: #ff00ff;\" href=\"http:\/\/www.mana.eu\">www.mana.eu<\/a><\/span><\/strong><\/p>\n","protected":false},"excerpt":{"rendered":"<p>Pomlad prina\u0161a pozitivne vibracije in \u017eeljo po novih, druga\u010dnih modnih kombinacijah.<\/p>\n","protected":false},"author":1,"featured_media":0,"comment_status":"closed","ping_status":"closed","sticky":false,"template":"","format":"standard","meta":{"footnotes":""},"categories":[1091],"tags":[1339,1340],"source":[1341,1342,1334],"supertag":[],"acf":[],"yoast_head":"<!-- This site is optimized with the Yoast SEO plugin v21.3 - https:\/\/yoast.com\/wordpress\/plugins\/seo\/ -->\n<title>Spro\u0161\u010dena in modna pomlad z MANO! - Hudo Slovenija<\/title>\n<meta name=\"robots\" content=\"index, follow, max-snippet:-1, max-image-preview:large, max-video-preview:-1\" \/>\n<link rel=\"canonical\" href=\"https:\/\/hudo.com\/si\/lifestyle\/sproscena-in-modna-pomlad-z-mano\/\" \/>\n<meta property=\"og:locale\" content=\"sl_SI\" \/>\n<meta property=\"og:type\" content=\"article\" \/>\n<meta property=\"og:title\" content=\"Spro\u0161\u010dena in modna pomlad z MANO! - Hudo Slovenija\" \/>\n<meta property=\"og:description\" content=\"Pomlad prina\u0161a pozitivne vibracije in \u017eeljo po novih, druga\u010dnih modnih kombinacijah.\" \/>\n<meta property=\"og:url\" content=\"https:\/\/hudo.com\/si\/lifestyle\/sproscena-in-modna-pomlad-z-mano\/\" \/>\n<meta property=\"og:site_name\" content=\"Hudo Slovenija\" \/>\n<meta property=\"article:publisher\" content=\"https:\/\/www.facebook.com\/hudo.si\" \/>\n<meta property=\"article:published_time\" content=\"2016-03-30T08:00:10+00:00\" \/>\n<meta property=\"article:modified_time\" content=\"2016-04-08T08:34:21+00:00\" \/>\n<meta property=\"og:image\" content=\"https:\/\/hudo.com\/si\/wp-content\/uploads\/sites\/2\/2016\/03\/03_zenskasi.png\" \/>\n\t<meta property=\"og:image:width\" content=\"660\" \/>\n\t<meta property=\"og:image:height\" content=\"320\" \/>\n\t<meta property=\"og:image:type\" content=\"image\/png\" \/>\n<meta name=\"author\" content=\"hudo\" \/>\n<meta name=\"twitter:card\" content=\"summary_large_image\" \/>\n<meta name=\"twitter:creator\" content=\"@hudo_si\" \/>\n<meta name=\"twitter:site\" content=\"@hudo_si\" \/>\n<meta name=\"twitter:label1\" content=\"Written by\" \/>\n\t<meta name=\"twitter:data1\" content=\"hudo\" \/>\n\t<meta name=\"twitter:label2\" content=\"Est. reading time\" \/>\n\t<meta name=\"twitter:data2\" content=\"1 minuta\" \/>\n<script type=\"application\/ld+json\" class=\"yoast-schema-graph\">{\"@context\":\"https:\/\/schema.org\",\"@graph\":[{\"@type\":\"Article\",\"@id\":\"https:\/\/hudo.com\/si\/lifestyle\/sproscena-in-modna-pomlad-z-mano\/#article\",\"isPartOf\":{\"@id\":\"https:\/\/hudo.com\/si\/lifestyle\/sproscena-in-modna-pomlad-z-mano\/\"},\"author\":{\"name\":\"hudo\",\"@id\":\"https:\/\/hudo.com\/si\/#\/schema\/person\/601cf3379633985b20f7e50f2bb47707\"},\"headline\":\"Spro\u0161\u010dena in modna pomlad z MANO!\",\"datePublished\":\"2016-03-30T08:00:10+00:00\",\"dateModified\":\"2016-04-08T08:34:21+00:00\",\"mainEntityOfPage\":{\"@id\":\"https:\/\/hudo.com\/si\/lifestyle\/sproscena-in-modna-pomlad-z-mano\/\"},\"wordCount\":215,\"publisher\":{\"@id\":\"https:\/\/hudo.com\/si\/#organization\"},\"keywords\":[\"mana\",\"moda pomlad 2016\"],\"articleSection\":[\"Lifestyle\"],\"inLanguage\":\"sl-SI\"},{\"@type\":\"WebPage\",\"@id\":\"https:\/\/hudo.com\/si\/lifestyle\/sproscena-in-modna-pomlad-z-mano\/\",\"url\":\"https:\/\/hudo.com\/si\/lifestyle\/sproscena-in-modna-pomlad-z-mano\/\",\"name\":\"Spro\u0161\u010dena in modna pomlad z MANO! - Hudo Slovenija\",\"isPartOf\":{\"@id\":\"https:\/\/hudo.com\/si\/#website\"},\"datePublished\":\"2016-03-30T08:00:10+00:00\",\"dateModified\":\"2016-04-08T08:34:21+00:00\",\"breadcrumb\":{\"@id\":\"https:\/\/hudo.com\/si\/lifestyle\/sproscena-in-modna-pomlad-z-mano\/#breadcrumb\"},\"inLanguage\":\"sl-SI\",\"potentialAction\":[{\"@type\":\"ReadAction\",\"target\":[\"https:\/\/hudo.com\/si\/lifestyle\/sproscena-in-modna-pomlad-z-mano\/\"]}]},{\"@type\":\"BreadcrumbList\",\"@id\":\"https:\/\/hudo.com\/si\/lifestyle\/sproscena-in-modna-pomlad-z-mano\/#breadcrumb\",\"itemListElement\":[{\"@type\":\"ListItem\",\"position\":1,\"name\":\"Home\",\"item\":\"https:\/\/hudo.com\/si\/\"},{\"@type\":\"ListItem\",\"position\":2,\"name\":\"Spro\u0161\u010dena in modna pomlad z MANO!\"}]},{\"@type\":\"WebSite\",\"@id\":\"https:\/\/hudo.com\/si\/#website\",\"url\":\"https:\/\/hudo.com\/si\/\",\"name\":\"Hudo Slovenija\",\"description\":\"Vse novice iz Slovenije in sveta\",\"publisher\":{\"@id\":\"https:\/\/hudo.com\/si\/#organization\"},\"potentialAction\":[{\"@type\":\"SearchAction\",\"target\":{\"@type\":\"EntryPoint\",\"urlTemplate\":\"https:\/\/hudo.com\/si\/?s={search_term_string}\"},\"query-input\":\"required name=search_term_string\"}],\"inLanguage\":\"sl-SI\"},{\"@type\":\"Organization\",\"@id\":\"https:\/\/hudo.com\/si\/#organization\",\"name\":\"VSN Media\",\"url\":\"https:\/\/hudo.com\/si\/\",\"logo\":{\"@type\":\"ImageObject\",\"inLanguage\":\"sl-SI\",\"@id\":\"https:\/\/hudo.com\/si\/#\/schema\/logo\/image\/\",\"url\":\"https:\/\/hudo.com\/si\/wp-content\/uploads\/sites\/2\/2021\/03\/hudo-app-2.png\",\"contentUrl\":\"https:\/\/hudo.com\/si\/wp-content\/uploads\/sites\/2\/2021\/03\/hudo-app-2.png\",\"width\":2185,\"height\":2167,\"caption\":\"VSN Media\"},\"image\":{\"@id\":\"https:\/\/hudo.com\/si\/#\/schema\/logo\/image\/\"},\"sameAs\":[\"https:\/\/www.facebook.com\/hudo.si\",\"https:\/\/twitter.com\/hudo_si\"]},{\"@type\":\"Person\",\"@id\":\"https:\/\/hudo.com\/si\/#\/schema\/person\/601cf3379633985b20f7e50f2bb47707\",\"name\":\"hudo\",\"image\":{\"@type\":\"ImageObject\",\"inLanguage\":\"sl-SI\",\"@id\":\"https:\/\/hudo.com\/si\/#\/schema\/person\/image\/\",\"url\":\"https:\/\/secure.gravatar.com\/avatar\/c4ca25fa72cace7a696b52ff5db9e095?s=96&d=mm&r=g\",\"contentUrl\":\"https:\/\/secure.gravatar.com\/avatar\/c4ca25fa72cace7a696b52ff5db9e095?s=96&d=mm&r=g\",\"caption\":\"hudo\"},\"url\":\"https:\/\/hudo.com\/si\/author\/hudo\/\"}]}<\/script>\n<!-- \/ Yoast SEO plugin. -->","yoast_head_json":{"title":"Spro\u0161\u010dena in modna pomlad z MANO! - Hudo Slovenija","robots":{"index":"index","follow":"follow","max-snippet":"max-snippet:-1","max-image-preview":"max-image-preview:large","max-video-preview":"max-video-preview:-1"},"canonical":"https:\/\/hudo.com\/si\/lifestyle\/sproscena-in-modna-pomlad-z-mano\/","og_locale":"sl_SI","og_type":"article","og_title":"Spro\u0161\u010dena in modna pomlad z MANO! - Hudo Slovenija","og_description":"Pomlad prina\u0161a pozitivne vibracije in \u017eeljo po novih, druga\u010dnih modnih kombinacijah.","og_url":"https:\/\/hudo.com\/si\/lifestyle\/sproscena-in-modna-pomlad-z-mano\/","og_site_name":"Hudo Slovenija","article_publisher":"https:\/\/www.facebook.com\/hudo.si","article_published_time":"2016-03-30T08:00:10+00:00","article_modified_time":"2016-04-08T08:34:21+00:00","og_image":[{"width":660,"height":320,"url":"https:\/\/hudo.com\/si\/wp-content\/uploads\/sites\/2\/2016\/03\/03_zenskasi.png","type":"image\/png"}],"author":"hudo","twitter_card":"summary_large_image","twitter_creator":"@hudo_si","twitter_site":"@hudo_si","twitter_misc":{"Written by":"hudo","Est. reading time":"1 minuta"},"schema":{"@context":"https:\/\/schema.org","@graph":[{"@type":"Article","@id":"https:\/\/hudo.com\/si\/lifestyle\/sproscena-in-modna-pomlad-z-mano\/#article","isPartOf":{"@id":"https:\/\/hudo.com\/si\/lifestyle\/sproscena-in-modna-pomlad-z-mano\/"},"author":{"name":"hudo","@id":"https:\/\/hudo.com\/si\/#\/schema\/person\/601cf3379633985b20f7e50f2bb47707"},"headline":"Spro\u0161\u010dena in modna pomlad z MANO!","datePublished":"2016-03-30T08:00:10+00:00","dateModified":"2016-04-08T08:34:21+00:00","mainEntityOfPage":{"@id":"https:\/\/hudo.com\/si\/lifestyle\/sproscena-in-modna-pomlad-z-mano\/"},"wordCount":215,"publisher":{"@id":"https:\/\/hudo.com\/si\/#organization"},"keywords":["mana","moda pomlad 2016"],"articleSection":["Lifestyle"],"inLanguage":"sl-SI"},{"@type":"WebPage","@id":"https:\/\/hudo.com\/si\/lifestyle\/sproscena-in-modna-pomlad-z-mano\/","url":"https:\/\/hudo.com\/si\/lifestyle\/sproscena-in-modna-pomlad-z-mano\/","name":"Spro\u0161\u010dena in modna pomlad z MANO! - Hudo Slovenija","isPartOf":{"@id":"https:\/\/hudo.com\/si\/#website"},"datePublished":"2016-03-30T08:00:10+00:00","dateModified":"2016-04-08T08:34:21+00:00","breadcrumb":{"@id":"https:\/\/hudo.com\/si\/lifestyle\/sproscena-in-modna-pomlad-z-mano\/#breadcrumb"},"inLanguage":"sl-SI","potentialAction":[{"@type":"ReadAction","target":["https:\/\/hudo.com\/si\/lifestyle\/sproscena-in-modna-pomlad-z-mano\/"]}]},{"@type":"BreadcrumbList","@id":"https:\/\/hudo.com\/si\/lifestyle\/sproscena-in-modna-pomlad-z-mano\/#breadcrumb","itemListElement":[{"@type":"ListItem","position":1,"name":"Home","item":"https:\/\/hudo.com\/si\/"},{"@type":"ListItem","position":2,"name":"Spro\u0161\u010dena in modna pomlad z MANO!"}]},{"@type":"WebSite","@id":"https:\/\/hudo.com\/si\/#website","url":"https:\/\/hudo.com\/si\/","name":"Hudo Slovenija","description":"Vse novice iz Slovenije in sveta","publisher":{"@id":"https:\/\/hudo.com\/si\/#organization"},"potentialAction":[{"@type":"SearchAction","target":{"@type":"EntryPoint","urlTemplate":"https:\/\/hudo.com\/si\/?s={search_term_string}"},"query-input":"required name=search_term_string"}],"inLanguage":"sl-SI"},{"@type":"Organization","@id":"https:\/\/hudo.com\/si\/#organization","name":"VSN Media","url":"https:\/\/hudo.com\/si\/","logo":{"@type":"ImageObject","inLanguage":"sl-SI","@id":"https:\/\/hudo.com\/si\/#\/schema\/logo\/image\/","url":"https:\/\/hudo.com\/si\/wp-content\/uploads\/sites\/2\/2021\/03\/hudo-app-2.png","contentUrl":"https:\/\/hudo.com\/si\/wp-content\/uploads\/sites\/2\/2021\/03\/hudo-app-2.png","width":2185,"height":2167,"caption":"VSN Media"},"image":{"@id":"https:\/\/hudo.com\/si\/#\/schema\/logo\/image\/"},"sameAs":["https:\/\/www.facebook.com\/hudo.si","https:\/\/twitter.com\/hudo_si"]},{"@type":"Person","@id":"https:\/\/hudo.com\/si\/#\/schema\/person\/601cf3379633985b20f7e50f2bb47707","name":"hudo","image":{"@type":"ImageObject","inLanguage":"sl-SI","@id":"https:\/\/hudo.com\/si\/#\/schema\/person\/image\/","url":"https:\/\/secure.gravatar.com\/avatar\/c4ca25fa72cace7a696b52ff5db9e095?s=96&d=mm&r=g","contentUrl":"https:\/\/secure.gravatar.com\/avatar\/c4ca25fa72cace7a696b52ff5db9e095?s=96&d=mm&r=g","caption":"hudo"},"url":"https:\/\/hudo.com\/si\/author\/hudo\/"}]}},"amp_enabled":true,"_links":{"self":[{"href":"https:\/\/hudo.com\/si\/wp-json\/wp\/v2\/posts\/9136"}],"collection":[{"href":"https:\/\/hudo.com\/si\/wp-json\/wp\/v2\/posts"}],"about":[{"href":"https:\/\/hudo.com\/si\/wp-json\/wp\/v2\/types\/post"}],"author":[{"embeddable":true,"href":"https:\/\/hudo.com\/si\/wp-json\/wp\/v2\/users\/1"}],"replies":[{"embeddable":true,"href":"https:\/\/hudo.com\/si\/wp-json\/wp\/v2\/comments?post=9136"}],"version-history":[{"count":1,"href":"https:\/\/hudo.com\/si\/wp-json\/wp\/v2\/posts\/9136\/revisions"}],"predecessor-version":[{"id":10101,"href":"https:\/\/hudo.com\/si\/wp-json\/wp\/v2\/posts\/9136\/revisions\/10101"}],"wp:attachment":[{"href":"https:\/\/hudo.com\/si\/wp-json\/wp\/v2\/media?parent=9136"}],"wp:term":[{"taxonomy":"category","embeddable":true,"href":"https:\/\/hudo.com\/si\/wp-json\/wp\/v2\/categories?post=9136"},{"taxonomy":"post_tag","embeddable":true,"href":"https:\/\/hudo.com\/si\/wp-json\/wp\/v2\/tags?post=9136"},{"taxonomy":"source","embeddable":true,"href":"https:\/\/hudo.com\/si\/wp-json\/wp\/v2\/source?post=9136"},{"taxonomy":"supertag","embeddable":true,"href":"https:\/\/hudo.com\/si\/wp-json\/wp\/v2\/supertag?post=9136"}],"curies":[{"name":"wp","href":"https:\/\/api.w.org\/{rel}","templated":true}]}}