{"id":91399,"date":"2016-07-09T04:00:00","date_gmt":"2016-07-09T02:00:00","guid":{"rendered":"http:\/\/hudo.com\/si\/2016\/07\/09\/lavillenie-padel-za-slovenijo-rennerju-bron\/"},"modified":"2016-07-09T23:26:17","modified_gmt":"2016-07-09T21:26:17","slug":"lavillenie-padel-za-slovenijo-rennerju-bron","status":"publish","type":"post","link":"https:\/\/hudo.com\/si\/aktualno\/lavillenie-padel-za-slovenijo-rennerju-bron\/","title":{"rendered":"Lavillenie padel za Slovenijo, Rennerju bron"},"content":{"rendered":"<p>Kategorija: Drugi \u0161porti Sat, 09 Jul 2016 06:00:00 +0200  Amsterdam \u2013 Ko je Robert Renner v finalu evropskega prvenstva v skoku s palico tretji\u010d podrl letvico na 560 cm in kon\u010dal tekmovanje, je bil na 3. mestu. Na\u010deloma bi bil to lahko razlog za slavje, a kaj, ko najbolj\u0161i skakalec na svetu zadnjih let Renaud Lavillenie ni \u0161e niti za\u010del\u00a0\u2026 Toda olimpijski prvak in svetovni rekorder je nato \u00bbpadel za Slovenijo\u00ab in 22-letni Celjan je osvojil bronasto kolajno!Kak\u0161en finale evropskega prvenstva, v katerem je nastopilo kar 15 tekmovalcev! \u017de druga vi\u0161ina, 550 cm, je prinesla izjemen osip, le \u0161e \u0161est tekmovalcev je ostalo v igri, \u010de od\u0161tejemo Lavillenieja, ki \u0161e ni za\u010del tekme. Med njimi je bil najvi\u0161je, z dvema uspe\u0161nima poskusoma, tudi Renner, ob Poljaku Robertu Soberi in Janu Kudli\u010dki. Kako lep pogled, \u010de bi bil tak\u0161en\u00a0&#8230;<\/p>\n","protected":false},"excerpt":{"rendered":"<p>Kategorija: Drugi \u0161porti Sat, 09 Jul 2016 06:00:00 +0200  Amsterdam \u2013 Ko je Robert Renner v finalu evropskega prvenstva v skoku s palico tretji\u010d podrl letvico na 560 cm in kon\u010dal tekmovanje, je bil na 3. mestu. Na\u010deloma bi bil to lahko razlog za slavje, a kaj, ko najbolj\u0161i skakalec na svetu zadnjih let Renaud Lavillenie ni \u0161e niti za\u010del\u00a0\u2026 Toda olimpijski prvak in svetovni rekorder je nato \u00bbpadel za Slovenijo\u00ab in 22-letni Celjan je osvojil bronasto kolajno!Kak\u0161en finale evropskega prvenstva, v katerem je nastopilo kar 15 tekmovalcev! \u017de druga vi\u0161ina, 550 cm, je prinesla izjemen osip, le \u0161e \u0161est tekmovalcev je ostalo v igri, \u010de od\u0161tejemo Lavillenieja, ki \u0161e ni za\u010del tekme. Med njimi je bil najvi\u0161je, z dvema uspe\u0161nima poskusoma, tudi Renner, ob Poljaku Robertu Soberi in Janu Kudli\u010dki. Kako lep pogled, \u010de bi bil tak\u0161en\u00a0&#8230;<\/p>\n","protected":false},"author":1,"featured_media":0,"comment_status":"closed","ping_status":"closed","sticky":false,"template":"","format":"standard","meta":{"footnotes":""},"categories":[1179],"tags":[],"source":[4511],"supertag":[],"acf":[],"yoast_head":"<!-- This site is optimized with the Yoast SEO plugin v21.3 - https:\/\/yoast.com\/wordpress\/plugins\/seo\/ -->\n<title>Lavillenie padel za Slovenijo, Rennerju bron - Hudo Slovenija<\/title>\n<meta name=\"robots\" content=\"index, follow, max-snippet:-1, max-image-preview:large, max-video-preview:-1\" \/>\n<link rel=\"canonical\" href=\"https:\/\/hudo.com\/si\/aktualno\/lavillenie-padel-za-slovenijo-rennerju-bron\/\" \/>\n<meta property=\"og:locale\" content=\"sl_SI\" \/>\n<meta property=\"og:type\" content=\"article\" \/>\n<meta property=\"og:title\" content=\"Lavillenie padel za Slovenijo, Rennerju bron - Hudo Slovenija\" \/>\n<meta property=\"og:description\" content=\"Kategorija: Drugi \u0161porti Sat, 09 Jul 2016 06:00:00 +0200 Amsterdam \u2013 Ko je Robert Renner v finalu evropskega prvenstva v skoku s palico tretji\u010d podrl letvico na 560 cm in kon\u010dal tekmovanje, je bil na 3. mestu. Na\u010deloma bi bil to lahko razlog za slavje, a kaj, ko najbolj\u0161i skakalec na svetu zadnjih let Renaud Lavillenie ni \u0161e niti za\u010del\u00a0\u2026 Toda olimpijski prvak in svetovni rekorder je nato \u00bbpadel za Slovenijo\u00ab in 22-letni Celjan je osvojil bronasto kolajno!Kak\u0161en finale evropskega prvenstva, v katerem je nastopilo kar 15 tekmovalcev! \u017de druga vi\u0161ina, 550 cm, je prinesla izjemen osip, le \u0161e \u0161est tekmovalcev je ostalo v igri, \u010de od\u0161tejemo Lavillenieja, ki \u0161e ni za\u010del tekme. Med njimi je bil najvi\u0161je, z dvema uspe\u0161nima poskusoma, tudi Renner, ob Poljaku Robertu Soberi in Janu Kudli\u010dki. Kako lep pogled, \u010de bi bil tak\u0161en\u00a0...\" \/>\n<meta property=\"og:url\" content=\"https:\/\/hudo.com\/si\/aktualno\/lavillenie-padel-za-slovenijo-rennerju-bron\/\" \/>\n<meta property=\"og:site_name\" content=\"Hudo Slovenija\" \/>\n<meta property=\"article:publisher\" content=\"https:\/\/www.facebook.com\/hudo.si\" \/>\n<meta property=\"article:published_time\" content=\"2016-07-09T02:00:00+00:00\" \/>\n<meta property=\"article:modified_time\" content=\"2016-07-09T21:26:17+00:00\" \/>\n<meta property=\"og:image\" content=\"https:\/\/hudo.com\/si\/wp-content\/uploads\/sites\/2\/2016\/07\/480x290_Sport__djvu_2151847_mihaho__hires1.jpeg\" \/>\n\t<meta property=\"og:image:width\" content=\"480\" \/>\n\t<meta property=\"og:image:height\" content=\"290\" \/>\n\t<meta property=\"og:image:type\" content=\"image\/jpeg\" \/>\n<meta name=\"author\" content=\"hudo\" \/>\n<meta name=\"twitter:card\" content=\"summary_large_image\" \/>\n<meta name=\"twitter:creator\" content=\"@hudo_si\" \/>\n<meta name=\"twitter:site\" content=\"@hudo_si\" \/>\n<meta name=\"twitter:label1\" content=\"Written by\" \/>\n\t<meta name=\"twitter:data1\" content=\"hudo\" \/>\n\t<meta name=\"twitter:label2\" content=\"Est. reading time\" \/>\n\t<meta name=\"twitter:data2\" content=\"1 minuta\" \/>\n<script type=\"application\/ld+json\" class=\"yoast-schema-graph\">{\"@context\":\"https:\/\/schema.org\",\"@graph\":[{\"@type\":\"Article\",\"@id\":\"https:\/\/hudo.com\/si\/aktualno\/lavillenie-padel-za-slovenijo-rennerju-bron\/#article\",\"isPartOf\":{\"@id\":\"https:\/\/hudo.com\/si\/aktualno\/lavillenie-padel-za-slovenijo-rennerju-bron\/\"},\"author\":{\"name\":\"hudo\",\"@id\":\"https:\/\/hudo.com\/si\/#\/schema\/person\/601cf3379633985b20f7e50f2bb47707\"},\"headline\":\"Lavillenie padel za Slovenijo, Rennerju bron\",\"datePublished\":\"2016-07-09T02:00:00+00:00\",\"dateModified\":\"2016-07-09T21:26:17+00:00\",\"mainEntityOfPage\":{\"@id\":\"https:\/\/hudo.com\/si\/aktualno\/lavillenie-padel-za-slovenijo-rennerju-bron\/\"},\"wordCount\":148,\"publisher\":{\"@id\":\"https:\/\/hudo.com\/si\/#organization\"},\"articleSection\":[\"Aktualno\"],\"inLanguage\":\"sl-SI\"},{\"@type\":\"WebPage\",\"@id\":\"https:\/\/hudo.com\/si\/aktualno\/lavillenie-padel-za-slovenijo-rennerju-bron\/\",\"url\":\"https:\/\/hudo.com\/si\/aktualno\/lavillenie-padel-za-slovenijo-rennerju-bron\/\",\"name\":\"Lavillenie padel za Slovenijo, Rennerju bron - Hudo Slovenija\",\"isPartOf\":{\"@id\":\"https:\/\/hudo.com\/si\/#website\"},\"datePublished\":\"2016-07-09T02:00:00+00:00\",\"dateModified\":\"2016-07-09T21:26:17+00:00\",\"breadcrumb\":{\"@id\":\"https:\/\/hudo.com\/si\/aktualno\/lavillenie-padel-za-slovenijo-rennerju-bron\/#breadcrumb\"},\"inLanguage\":\"sl-SI\",\"potentialAction\":[{\"@type\":\"ReadAction\",\"target\":[\"https:\/\/hudo.com\/si\/aktualno\/lavillenie-padel-za-slovenijo-rennerju-bron\/\"]}]},{\"@type\":\"BreadcrumbList\",\"@id\":\"https:\/\/hudo.com\/si\/aktualno\/lavillenie-padel-za-slovenijo-rennerju-bron\/#breadcrumb\",\"itemListElement\":[{\"@type\":\"ListItem\",\"position\":1,\"name\":\"Home\",\"item\":\"https:\/\/hudo.com\/si\/\"},{\"@type\":\"ListItem\",\"position\":2,\"name\":\"Lavillenie padel za Slovenijo, Rennerju bron\"}]},{\"@type\":\"WebSite\",\"@id\":\"https:\/\/hudo.com\/si\/#website\",\"url\":\"https:\/\/hudo.com\/si\/\",\"name\":\"Hudo Slovenija\",\"description\":\"Vse novice iz Slovenije in sveta\",\"publisher\":{\"@id\":\"https:\/\/hudo.com\/si\/#organization\"},\"potentialAction\":[{\"@type\":\"SearchAction\",\"target\":{\"@type\":\"EntryPoint\",\"urlTemplate\":\"https:\/\/hudo.com\/si\/?s={search_term_string}\"},\"query-input\":\"required name=search_term_string\"}],\"inLanguage\":\"sl-SI\"},{\"@type\":\"Organization\",\"@id\":\"https:\/\/hudo.com\/si\/#organization\",\"name\":\"VSN Media\",\"url\":\"https:\/\/hudo.com\/si\/\",\"logo\":{\"@type\":\"ImageObject\",\"inLanguage\":\"sl-SI\",\"@id\":\"https:\/\/hudo.com\/si\/#\/schema\/logo\/image\/\",\"url\":\"https:\/\/hudo.com\/si\/wp-content\/uploads\/sites\/2\/2021\/03\/hudo-app-2.png\",\"contentUrl\":\"https:\/\/hudo.com\/si\/wp-content\/uploads\/sites\/2\/2021\/03\/hudo-app-2.png\",\"width\":2185,\"height\":2167,\"caption\":\"VSN Media\"},\"image\":{\"@id\":\"https:\/\/hudo.com\/si\/#\/schema\/logo\/image\/\"},\"sameAs\":[\"https:\/\/www.facebook.com\/hudo.si\",\"https:\/\/twitter.com\/hudo_si\"]},{\"@type\":\"Person\",\"@id\":\"https:\/\/hudo.com\/si\/#\/schema\/person\/601cf3379633985b20f7e50f2bb47707\",\"name\":\"hudo\",\"image\":{\"@type\":\"ImageObject\",\"inLanguage\":\"sl-SI\",\"@id\":\"https:\/\/hudo.com\/si\/#\/schema\/person\/image\/\",\"url\":\"https:\/\/secure.gravatar.com\/avatar\/c4ca25fa72cace7a696b52ff5db9e095?s=96&d=mm&r=g\",\"contentUrl\":\"https:\/\/secure.gravatar.com\/avatar\/c4ca25fa72cace7a696b52ff5db9e095?s=96&d=mm&r=g\",\"caption\":\"hudo\"},\"url\":\"https:\/\/hudo.com\/si\/author\/hudo\/\"}]}<\/script>\n<!-- \/ Yoast SEO plugin. -->","yoast_head_json":{"title":"Lavillenie padel za Slovenijo, Rennerju bron - Hudo Slovenija","robots":{"index":"index","follow":"follow","max-snippet":"max-snippet:-1","max-image-preview":"max-image-preview:large","max-video-preview":"max-video-preview:-1"},"canonical":"https:\/\/hudo.com\/si\/aktualno\/lavillenie-padel-za-slovenijo-rennerju-bron\/","og_locale":"sl_SI","og_type":"article","og_title":"Lavillenie padel za Slovenijo, Rennerju bron - Hudo Slovenija","og_description":"Kategorija: Drugi \u0161porti Sat, 09 Jul 2016 06:00:00 +0200 Amsterdam \u2013 Ko je Robert Renner v finalu evropskega prvenstva v skoku s palico tretji\u010d podrl letvico na 560 cm in kon\u010dal tekmovanje, je bil na 3. mestu. Na\u010deloma bi bil to lahko razlog za slavje, a kaj, ko najbolj\u0161i skakalec na svetu zadnjih let Renaud Lavillenie ni \u0161e niti za\u010del\u00a0\u2026 Toda olimpijski prvak in svetovni rekorder je nato \u00bbpadel za Slovenijo\u00ab in 22-letni Celjan je osvojil bronasto kolajno!Kak\u0161en finale evropskega prvenstva, v katerem je nastopilo kar 15 tekmovalcev! \u017de druga vi\u0161ina, 550 cm, je prinesla izjemen osip, le \u0161e \u0161est tekmovalcev je ostalo v igri, \u010de od\u0161tejemo Lavillenieja, ki \u0161e ni za\u010del tekme. Med njimi je bil najvi\u0161je, z dvema uspe\u0161nima poskusoma, tudi Renner, ob Poljaku Robertu Soberi in Janu Kudli\u010dki. Kako lep pogled, \u010de bi bil tak\u0161en\u00a0...","og_url":"https:\/\/hudo.com\/si\/aktualno\/lavillenie-padel-za-slovenijo-rennerju-bron\/","og_site_name":"Hudo Slovenija","article_publisher":"https:\/\/www.facebook.com\/hudo.si","article_published_time":"2016-07-09T02:00:00+00:00","article_modified_time":"2016-07-09T21:26:17+00:00","og_image":[{"width":480,"height":290,"url":"https:\/\/hudo.com\/si\/wp-content\/uploads\/sites\/2\/2016\/07\/480x290_Sport__djvu_2151847_mihaho__hires1.jpeg","type":"image\/jpeg"}],"author":"hudo","twitter_card":"summary_large_image","twitter_creator":"@hudo_si","twitter_site":"@hudo_si","twitter_misc":{"Written by":"hudo","Est. reading time":"1 minuta"},"schema":{"@context":"https:\/\/schema.org","@graph":[{"@type":"Article","@id":"https:\/\/hudo.com\/si\/aktualno\/lavillenie-padel-za-slovenijo-rennerju-bron\/#article","isPartOf":{"@id":"https:\/\/hudo.com\/si\/aktualno\/lavillenie-padel-za-slovenijo-rennerju-bron\/"},"author":{"name":"hudo","@id":"https:\/\/hudo.com\/si\/#\/schema\/person\/601cf3379633985b20f7e50f2bb47707"},"headline":"Lavillenie padel za Slovenijo, Rennerju bron","datePublished":"2016-07-09T02:00:00+00:00","dateModified":"2016-07-09T21:26:17+00:00","mainEntityOfPage":{"@id":"https:\/\/hudo.com\/si\/aktualno\/lavillenie-padel-za-slovenijo-rennerju-bron\/"},"wordCount":148,"publisher":{"@id":"https:\/\/hudo.com\/si\/#organization"},"articleSection":["Aktualno"],"inLanguage":"sl-SI"},{"@type":"WebPage","@id":"https:\/\/hudo.com\/si\/aktualno\/lavillenie-padel-za-slovenijo-rennerju-bron\/","url":"https:\/\/hudo.com\/si\/aktualno\/lavillenie-padel-za-slovenijo-rennerju-bron\/","name":"Lavillenie padel za Slovenijo, Rennerju bron - Hudo Slovenija","isPartOf":{"@id":"https:\/\/hudo.com\/si\/#website"},"datePublished":"2016-07-09T02:00:00+00:00","dateModified":"2016-07-09T21:26:17+00:00","breadcrumb":{"@id":"https:\/\/hudo.com\/si\/aktualno\/lavillenie-padel-za-slovenijo-rennerju-bron\/#breadcrumb"},"inLanguage":"sl-SI","potentialAction":[{"@type":"ReadAction","target":["https:\/\/hudo.com\/si\/aktualno\/lavillenie-padel-za-slovenijo-rennerju-bron\/"]}]},{"@type":"BreadcrumbList","@id":"https:\/\/hudo.com\/si\/aktualno\/lavillenie-padel-za-slovenijo-rennerju-bron\/#breadcrumb","itemListElement":[{"@type":"ListItem","position":1,"name":"Home","item":"https:\/\/hudo.com\/si\/"},{"@type":"ListItem","position":2,"name":"Lavillenie padel za Slovenijo, Rennerju bron"}]},{"@type":"WebSite","@id":"https:\/\/hudo.com\/si\/#website","url":"https:\/\/hudo.com\/si\/","name":"Hudo Slovenija","description":"Vse novice iz Slovenije in sveta","publisher":{"@id":"https:\/\/hudo.com\/si\/#organization"},"potentialAction":[{"@type":"SearchAction","target":{"@type":"EntryPoint","urlTemplate":"https:\/\/hudo.com\/si\/?s={search_term_string}"},"query-input":"required name=search_term_string"}],"inLanguage":"sl-SI"},{"@type":"Organization","@id":"https:\/\/hudo.com\/si\/#organization","name":"VSN Media","url":"https:\/\/hudo.com\/si\/","logo":{"@type":"ImageObject","inLanguage":"sl-SI","@id":"https:\/\/hudo.com\/si\/#\/schema\/logo\/image\/","url":"https:\/\/hudo.com\/si\/wp-content\/uploads\/sites\/2\/2021\/03\/hudo-app-2.png","contentUrl":"https:\/\/hudo.com\/si\/wp-content\/uploads\/sites\/2\/2021\/03\/hudo-app-2.png","width":2185,"height":2167,"caption":"VSN Media"},"image":{"@id":"https:\/\/hudo.com\/si\/#\/schema\/logo\/image\/"},"sameAs":["https:\/\/www.facebook.com\/hudo.si","https:\/\/twitter.com\/hudo_si"]},{"@type":"Person","@id":"https:\/\/hudo.com\/si\/#\/schema\/person\/601cf3379633985b20f7e50f2bb47707","name":"hudo","image":{"@type":"ImageObject","inLanguage":"sl-SI","@id":"https:\/\/hudo.com\/si\/#\/schema\/person\/image\/","url":"https:\/\/secure.gravatar.com\/avatar\/c4ca25fa72cace7a696b52ff5db9e095?s=96&d=mm&r=g","contentUrl":"https:\/\/secure.gravatar.com\/avatar\/c4ca25fa72cace7a696b52ff5db9e095?s=96&d=mm&r=g","caption":"hudo"},"url":"https:\/\/hudo.com\/si\/author\/hudo\/"}]}},"amp_enabled":true,"_links":{"self":[{"href":"https:\/\/hudo.com\/si\/wp-json\/wp\/v2\/posts\/91399"}],"collection":[{"href":"https:\/\/hudo.com\/si\/wp-json\/wp\/v2\/posts"}],"about":[{"href":"https:\/\/hudo.com\/si\/wp-json\/wp\/v2\/types\/post"}],"author":[{"embeddable":true,"href":"https:\/\/hudo.com\/si\/wp-json\/wp\/v2\/users\/1"}],"replies":[{"embeddable":true,"href":"https:\/\/hudo.com\/si\/wp-json\/wp\/v2\/comments?post=91399"}],"version-history":[{"count":1,"href":"https:\/\/hudo.com\/si\/wp-json\/wp\/v2\/posts\/91399\/revisions"}],"predecessor-version":[{"id":91560,"href":"https:\/\/hudo.com\/si\/wp-json\/wp\/v2\/posts\/91399\/revisions\/91560"}],"wp:attachment":[{"href":"https:\/\/hudo.com\/si\/wp-json\/wp\/v2\/media?parent=91399"}],"wp:term":[{"taxonomy":"category","embeddable":true,"href":"https:\/\/hudo.com\/si\/wp-json\/wp\/v2\/categories?post=91399"},{"taxonomy":"post_tag","embeddable":true,"href":"https:\/\/hudo.com\/si\/wp-json\/wp\/v2\/tags?post=91399"},{"taxonomy":"source","embeddable":true,"href":"https:\/\/hudo.com\/si\/wp-json\/wp\/v2\/source?post=91399"},{"taxonomy":"supertag","embeddable":true,"href":"https:\/\/hudo.com\/si\/wp-json\/wp\/v2\/supertag?post=91399"}],"curies":[{"name":"wp","href":"https:\/\/api.w.org\/{rel}","templated":true}]}}