{"id":91439,"date":"2016-07-09T03:00:40","date_gmt":"2016-07-09T01:00:40","guid":{"rendered":"http:\/\/hudo.com\/si\/2016\/07\/09\/migranti-v-nemcijo-niso-prinesli-novega-gospodarskega-cudeza\/"},"modified":"2016-07-10T04:51:41","modified_gmt":"2016-07-10T02:51:41","slug":"migranti-v-nemcijo-niso-prinesli-novega-gospodarskega-cudeza","status":"publish","type":"post","link":"https:\/\/hudo.com\/si\/aktualno\/migranti-v-nemcijo-niso-prinesli-novega-gospodarskega-cudeza\/","title":{"rendered":"Migranti v Nem\u010dijo niso prinesli novega gospodarskega \u010dude\u017ea"},"content":{"rendered":"<p>&#8220;Migranti so lahko temelj novega nem\u0161kega gospodarskega \u010dude\u017ea.&#8221; Tako je septembra lani, potem ko je nem\u0161ka kanclerka Angela Merkel odprla vrata za ve\u010d kot milijon migrantov\u00a0iz Bli\u017enjega vzhoda,\u00a0napovedal prvi mo\u017e avtomobilskega velikana Daimler Dieter Zetsche. Prihodnost ga je postavila na la\u017e. To so visokomotivirani ljudje, je o sto tiso\u010dih migrantih oziroma prosilcih za azil, ki<\/p>\n","protected":false},"excerpt":{"rendered":"<p>&#8220;Migranti so lahko temelj novega nem\u0161kega gospodarskega \u010dude\u017ea.&#8221; Tako je septembra lani, potem ko je nem\u0161ka kanclerka Angela Merkel odprla vrata za ve\u010d kot milijon migrantov\u00a0iz Bli\u017enjega vzhoda,\u00a0napovedal prvi mo\u017e avtomobilskega velikana Daimler Dieter Zetsche. Prihodnost ga je postavila na la\u017e. To so visokomotivirani ljudje, je o sto tiso\u010dih migrantih oziroma prosilcih za azil, ki<\/p>\n","protected":false},"author":1,"featured_media":0,"comment_status":"closed","ping_status":"closed","sticky":false,"template":"","format":"standard","meta":{"footnotes":""},"categories":[1179],"tags":[],"source":[1710],"supertag":[],"acf":[],"yoast_head":"<!-- This site is optimized with the Yoast SEO plugin v21.3 - https:\/\/yoast.com\/wordpress\/plugins\/seo\/ -->\n<title>Migranti v Nem\u010dijo niso prinesli novega gospodarskega \u010dude\u017ea - Hudo Slovenija<\/title>\n<meta name=\"robots\" content=\"index, follow, max-snippet:-1, max-image-preview:large, max-video-preview:-1\" \/>\n<link rel=\"canonical\" href=\"https:\/\/hudo.com\/si\/aktualno\/migranti-v-nemcijo-niso-prinesli-novega-gospodarskega-cudeza\/\" \/>\n<meta property=\"og:locale\" content=\"sl_SI\" \/>\n<meta property=\"og:type\" content=\"article\" \/>\n<meta property=\"og:title\" content=\"Migranti v Nem\u010dijo niso prinesli novega gospodarskega \u010dude\u017ea - Hudo Slovenija\" \/>\n<meta property=\"og:description\" content=\"&#8220;Migranti so lahko temelj novega nem\u0161kega gospodarskega \u010dude\u017ea.&#8221; Tako je septembra lani, potem ko je nem\u0161ka kanclerka Angela Merkel odprla vrata za ve\u010d kot milijon migrantov\u00a0iz Bli\u017enjega vzhoda,\u00a0napovedal prvi mo\u017e avtomobilskega velikana Daimler Dieter Zetsche. Prihodnost ga je postavila na la\u017e. To so visokomotivirani ljudje, je o sto tiso\u010dih migrantih oziroma prosilcih za azil, ki\" \/>\n<meta property=\"og:url\" content=\"https:\/\/hudo.com\/si\/aktualno\/migranti-v-nemcijo-niso-prinesli-novega-gospodarskega-cudeza\/\" \/>\n<meta property=\"og:site_name\" content=\"Hudo Slovenija\" \/>\n<meta property=\"article:publisher\" content=\"https:\/\/www.facebook.com\/hudo.si\" \/>\n<meta property=\"article:published_time\" content=\"2016-07-09T01:00:40+00:00\" \/>\n<meta property=\"article:modified_time\" content=\"2016-07-10T02:51:41+00:00\" \/>\n<meta property=\"og:image\" content=\"https:\/\/hudo.com\/si\/wp-content\/uploads\/sites\/2\/2016\/07\/tudi-skandinavce-srecala-pamet-finska-zacela-vracati-migrante-iz-iraka-somalije-in-afganistana-01.jpg\" \/>\n\t<meta property=\"og:image:width\" content=\"1438\" \/>\n\t<meta property=\"og:image:height\" content=\"1080\" \/>\n\t<meta property=\"og:image:type\" content=\"image\/jpeg\" \/>\n<meta name=\"author\" content=\"hudo\" \/>\n<meta name=\"twitter:card\" content=\"summary_large_image\" \/>\n<meta name=\"twitter:creator\" content=\"@hudo_si\" \/>\n<meta name=\"twitter:site\" content=\"@hudo_si\" \/>\n<meta name=\"twitter:label1\" content=\"Written by\" \/>\n\t<meta name=\"twitter:data1\" content=\"hudo\" \/>\n<script type=\"application\/ld+json\" class=\"yoast-schema-graph\">{\"@context\":\"https:\/\/schema.org\",\"@graph\":[{\"@type\":\"Article\",\"@id\":\"https:\/\/hudo.com\/si\/aktualno\/migranti-v-nemcijo-niso-prinesli-novega-gospodarskega-cudeza\/#article\",\"isPartOf\":{\"@id\":\"https:\/\/hudo.com\/si\/aktualno\/migranti-v-nemcijo-niso-prinesli-novega-gospodarskega-cudeza\/\"},\"author\":{\"name\":\"hudo\",\"@id\":\"https:\/\/hudo.com\/si\/#\/schema\/person\/601cf3379633985b20f7e50f2bb47707\"},\"headline\":\"Migranti v Nem\u010dijo niso prinesli novega gospodarskega \u010dude\u017ea\",\"datePublished\":\"2016-07-09T01:00:40+00:00\",\"dateModified\":\"2016-07-10T02:51:41+00:00\",\"mainEntityOfPage\":{\"@id\":\"https:\/\/hudo.com\/si\/aktualno\/migranti-v-nemcijo-niso-prinesli-novega-gospodarskega-cudeza\/\"},\"wordCount\":72,\"publisher\":{\"@id\":\"https:\/\/hudo.com\/si\/#organization\"},\"articleSection\":[\"Aktualno\"],\"inLanguage\":\"sl-SI\"},{\"@type\":\"WebPage\",\"@id\":\"https:\/\/hudo.com\/si\/aktualno\/migranti-v-nemcijo-niso-prinesli-novega-gospodarskega-cudeza\/\",\"url\":\"https:\/\/hudo.com\/si\/aktualno\/migranti-v-nemcijo-niso-prinesli-novega-gospodarskega-cudeza\/\",\"name\":\"Migranti v Nem\u010dijo niso prinesli novega gospodarskega \u010dude\u017ea - Hudo Slovenija\",\"isPartOf\":{\"@id\":\"https:\/\/hudo.com\/si\/#website\"},\"datePublished\":\"2016-07-09T01:00:40+00:00\",\"dateModified\":\"2016-07-10T02:51:41+00:00\",\"breadcrumb\":{\"@id\":\"https:\/\/hudo.com\/si\/aktualno\/migranti-v-nemcijo-niso-prinesli-novega-gospodarskega-cudeza\/#breadcrumb\"},\"inLanguage\":\"sl-SI\",\"potentialAction\":[{\"@type\":\"ReadAction\",\"target\":[\"https:\/\/hudo.com\/si\/aktualno\/migranti-v-nemcijo-niso-prinesli-novega-gospodarskega-cudeza\/\"]}]},{\"@type\":\"BreadcrumbList\",\"@id\":\"https:\/\/hudo.com\/si\/aktualno\/migranti-v-nemcijo-niso-prinesli-novega-gospodarskega-cudeza\/#breadcrumb\",\"itemListElement\":[{\"@type\":\"ListItem\",\"position\":1,\"name\":\"Home\",\"item\":\"https:\/\/hudo.com\/si\/\"},{\"@type\":\"ListItem\",\"position\":2,\"name\":\"Migranti v Nem\u010dijo niso prinesli novega gospodarskega \u010dude\u017ea\"}]},{\"@type\":\"WebSite\",\"@id\":\"https:\/\/hudo.com\/si\/#website\",\"url\":\"https:\/\/hudo.com\/si\/\",\"name\":\"Hudo Slovenija\",\"description\":\"Vse novice iz Slovenije in sveta\",\"publisher\":{\"@id\":\"https:\/\/hudo.com\/si\/#organization\"},\"potentialAction\":[{\"@type\":\"SearchAction\",\"target\":{\"@type\":\"EntryPoint\",\"urlTemplate\":\"https:\/\/hudo.com\/si\/?s={search_term_string}\"},\"query-input\":\"required name=search_term_string\"}],\"inLanguage\":\"sl-SI\"},{\"@type\":\"Organization\",\"@id\":\"https:\/\/hudo.com\/si\/#organization\",\"name\":\"VSN Media\",\"url\":\"https:\/\/hudo.com\/si\/\",\"logo\":{\"@type\":\"ImageObject\",\"inLanguage\":\"sl-SI\",\"@id\":\"https:\/\/hudo.com\/si\/#\/schema\/logo\/image\/\",\"url\":\"https:\/\/hudo.com\/si\/wp-content\/uploads\/sites\/2\/2021\/03\/hudo-app-2.png\",\"contentUrl\":\"https:\/\/hudo.com\/si\/wp-content\/uploads\/sites\/2\/2021\/03\/hudo-app-2.png\",\"width\":2185,\"height\":2167,\"caption\":\"VSN Media\"},\"image\":{\"@id\":\"https:\/\/hudo.com\/si\/#\/schema\/logo\/image\/\"},\"sameAs\":[\"https:\/\/www.facebook.com\/hudo.si\",\"https:\/\/twitter.com\/hudo_si\"]},{\"@type\":\"Person\",\"@id\":\"https:\/\/hudo.com\/si\/#\/schema\/person\/601cf3379633985b20f7e50f2bb47707\",\"name\":\"hudo\",\"image\":{\"@type\":\"ImageObject\",\"inLanguage\":\"sl-SI\",\"@id\":\"https:\/\/hudo.com\/si\/#\/schema\/person\/image\/\",\"url\":\"https:\/\/secure.gravatar.com\/avatar\/c4ca25fa72cace7a696b52ff5db9e095?s=96&d=mm&r=g\",\"contentUrl\":\"https:\/\/secure.gravatar.com\/avatar\/c4ca25fa72cace7a696b52ff5db9e095?s=96&d=mm&r=g\",\"caption\":\"hudo\"},\"url\":\"https:\/\/hudo.com\/si\/author\/hudo\/\"}]}<\/script>\n<!-- \/ Yoast SEO plugin. -->","yoast_head_json":{"title":"Migranti v Nem\u010dijo niso prinesli novega gospodarskega \u010dude\u017ea - Hudo Slovenija","robots":{"index":"index","follow":"follow","max-snippet":"max-snippet:-1","max-image-preview":"max-image-preview:large","max-video-preview":"max-video-preview:-1"},"canonical":"https:\/\/hudo.com\/si\/aktualno\/migranti-v-nemcijo-niso-prinesli-novega-gospodarskega-cudeza\/","og_locale":"sl_SI","og_type":"article","og_title":"Migranti v Nem\u010dijo niso prinesli novega gospodarskega \u010dude\u017ea - Hudo Slovenija","og_description":"&#8220;Migranti so lahko temelj novega nem\u0161kega gospodarskega \u010dude\u017ea.&#8221; Tako je septembra lani, potem ko je nem\u0161ka kanclerka Angela Merkel odprla vrata za ve\u010d kot milijon migrantov\u00a0iz Bli\u017enjega vzhoda,\u00a0napovedal prvi mo\u017e avtomobilskega velikana Daimler Dieter Zetsche. Prihodnost ga je postavila na la\u017e. To so visokomotivirani ljudje, je o sto tiso\u010dih migrantih oziroma prosilcih za azil, ki","og_url":"https:\/\/hudo.com\/si\/aktualno\/migranti-v-nemcijo-niso-prinesli-novega-gospodarskega-cudeza\/","og_site_name":"Hudo Slovenija","article_publisher":"https:\/\/www.facebook.com\/hudo.si","article_published_time":"2016-07-09T01:00:40+00:00","article_modified_time":"2016-07-10T02:51:41+00:00","og_image":[{"width":1438,"height":1080,"url":"https:\/\/hudo.com\/si\/wp-content\/uploads\/sites\/2\/2016\/07\/tudi-skandinavce-srecala-pamet-finska-zacela-vracati-migrante-iz-iraka-somalije-in-afganistana-01.jpg","type":"image\/jpeg"}],"author":"hudo","twitter_card":"summary_large_image","twitter_creator":"@hudo_si","twitter_site":"@hudo_si","twitter_misc":{"Written by":"hudo"},"schema":{"@context":"https:\/\/schema.org","@graph":[{"@type":"Article","@id":"https:\/\/hudo.com\/si\/aktualno\/migranti-v-nemcijo-niso-prinesli-novega-gospodarskega-cudeza\/#article","isPartOf":{"@id":"https:\/\/hudo.com\/si\/aktualno\/migranti-v-nemcijo-niso-prinesli-novega-gospodarskega-cudeza\/"},"author":{"name":"hudo","@id":"https:\/\/hudo.com\/si\/#\/schema\/person\/601cf3379633985b20f7e50f2bb47707"},"headline":"Migranti v Nem\u010dijo niso prinesli novega gospodarskega \u010dude\u017ea","datePublished":"2016-07-09T01:00:40+00:00","dateModified":"2016-07-10T02:51:41+00:00","mainEntityOfPage":{"@id":"https:\/\/hudo.com\/si\/aktualno\/migranti-v-nemcijo-niso-prinesli-novega-gospodarskega-cudeza\/"},"wordCount":72,"publisher":{"@id":"https:\/\/hudo.com\/si\/#organization"},"articleSection":["Aktualno"],"inLanguage":"sl-SI"},{"@type":"WebPage","@id":"https:\/\/hudo.com\/si\/aktualno\/migranti-v-nemcijo-niso-prinesli-novega-gospodarskega-cudeza\/","url":"https:\/\/hudo.com\/si\/aktualno\/migranti-v-nemcijo-niso-prinesli-novega-gospodarskega-cudeza\/","name":"Migranti v Nem\u010dijo niso prinesli novega gospodarskega \u010dude\u017ea - Hudo Slovenija","isPartOf":{"@id":"https:\/\/hudo.com\/si\/#website"},"datePublished":"2016-07-09T01:00:40+00:00","dateModified":"2016-07-10T02:51:41+00:00","breadcrumb":{"@id":"https:\/\/hudo.com\/si\/aktualno\/migranti-v-nemcijo-niso-prinesli-novega-gospodarskega-cudeza\/#breadcrumb"},"inLanguage":"sl-SI","potentialAction":[{"@type":"ReadAction","target":["https:\/\/hudo.com\/si\/aktualno\/migranti-v-nemcijo-niso-prinesli-novega-gospodarskega-cudeza\/"]}]},{"@type":"BreadcrumbList","@id":"https:\/\/hudo.com\/si\/aktualno\/migranti-v-nemcijo-niso-prinesli-novega-gospodarskega-cudeza\/#breadcrumb","itemListElement":[{"@type":"ListItem","position":1,"name":"Home","item":"https:\/\/hudo.com\/si\/"},{"@type":"ListItem","position":2,"name":"Migranti v Nem\u010dijo niso prinesli novega gospodarskega \u010dude\u017ea"}]},{"@type":"WebSite","@id":"https:\/\/hudo.com\/si\/#website","url":"https:\/\/hudo.com\/si\/","name":"Hudo Slovenija","description":"Vse novice iz Slovenije in sveta","publisher":{"@id":"https:\/\/hudo.com\/si\/#organization"},"potentialAction":[{"@type":"SearchAction","target":{"@type":"EntryPoint","urlTemplate":"https:\/\/hudo.com\/si\/?s={search_term_string}"},"query-input":"required name=search_term_string"}],"inLanguage":"sl-SI"},{"@type":"Organization","@id":"https:\/\/hudo.com\/si\/#organization","name":"VSN Media","url":"https:\/\/hudo.com\/si\/","logo":{"@type":"ImageObject","inLanguage":"sl-SI","@id":"https:\/\/hudo.com\/si\/#\/schema\/logo\/image\/","url":"https:\/\/hudo.com\/si\/wp-content\/uploads\/sites\/2\/2021\/03\/hudo-app-2.png","contentUrl":"https:\/\/hudo.com\/si\/wp-content\/uploads\/sites\/2\/2021\/03\/hudo-app-2.png","width":2185,"height":2167,"caption":"VSN Media"},"image":{"@id":"https:\/\/hudo.com\/si\/#\/schema\/logo\/image\/"},"sameAs":["https:\/\/www.facebook.com\/hudo.si","https:\/\/twitter.com\/hudo_si"]},{"@type":"Person","@id":"https:\/\/hudo.com\/si\/#\/schema\/person\/601cf3379633985b20f7e50f2bb47707","name":"hudo","image":{"@type":"ImageObject","inLanguage":"sl-SI","@id":"https:\/\/hudo.com\/si\/#\/schema\/person\/image\/","url":"https:\/\/secure.gravatar.com\/avatar\/c4ca25fa72cace7a696b52ff5db9e095?s=96&d=mm&r=g","contentUrl":"https:\/\/secure.gravatar.com\/avatar\/c4ca25fa72cace7a696b52ff5db9e095?s=96&d=mm&r=g","caption":"hudo"},"url":"https:\/\/hudo.com\/si\/author\/hudo\/"}]}},"amp_enabled":true,"_links":{"self":[{"href":"https:\/\/hudo.com\/si\/wp-json\/wp\/v2\/posts\/91439"}],"collection":[{"href":"https:\/\/hudo.com\/si\/wp-json\/wp\/v2\/posts"}],"about":[{"href":"https:\/\/hudo.com\/si\/wp-json\/wp\/v2\/types\/post"}],"author":[{"embeddable":true,"href":"https:\/\/hudo.com\/si\/wp-json\/wp\/v2\/users\/1"}],"replies":[{"embeddable":true,"href":"https:\/\/hudo.com\/si\/wp-json\/wp\/v2\/comments?post=91439"}],"version-history":[{"count":1,"href":"https:\/\/hudo.com\/si\/wp-json\/wp\/v2\/posts\/91439\/revisions"}],"predecessor-version":[{"id":91566,"href":"https:\/\/hudo.com\/si\/wp-json\/wp\/v2\/posts\/91439\/revisions\/91566"}],"wp:attachment":[{"href":"https:\/\/hudo.com\/si\/wp-json\/wp\/v2\/media?parent=91439"}],"wp:term":[{"taxonomy":"category","embeddable":true,"href":"https:\/\/hudo.com\/si\/wp-json\/wp\/v2\/categories?post=91439"},{"taxonomy":"post_tag","embeddable":true,"href":"https:\/\/hudo.com\/si\/wp-json\/wp\/v2\/tags?post=91439"},{"taxonomy":"source","embeddable":true,"href":"https:\/\/hudo.com\/si\/wp-json\/wp\/v2\/source?post=91439"},{"taxonomy":"supertag","embeddable":true,"href":"https:\/\/hudo.com\/si\/wp-json\/wp\/v2\/supertag?post=91439"}],"curies":[{"name":"wp","href":"https:\/\/api.w.org\/{rel}","templated":true}]}}