{"id":91441,"date":"2016-07-09T03:00:00","date_gmt":"2016-07-09T01:00:00","guid":{"rendered":"http:\/\/hudo.com\/si\/2016\/07\/09\/ob-zmagi-portugalcev-predsednik-dz-enemu-bralcu-vecera-casti-pico-in-pivo\/"},"modified":"2016-07-10T04:51:44","modified_gmt":"2016-07-10T02:51:44","slug":"ob-zmagi-portugalcev-predsednik-dz-enemu-bralcu-vecera-casti-pico-in-pivo","status":"publish","type":"post","link":"https:\/\/hudo.com\/si\/aktualno\/ob-zmagi-portugalcev-predsednik-dz-enemu-bralcu-vecera-casti-pico-in-pivo\/","title":{"rendered":"Ob zmagi Portugalcev predsednik DZ enemu bralcu Ve\u010dera \u010dasti pico in pivo"},"content":{"rendered":"<p>Predsednik dr\u017eavnega zbora Milan Brglez je, ko smo ga vpra\u0161ali po napovedi za finale leto\u0161njega evropskega prvenstva v nogometu, dejal: &#8220;Evropsko prvenstvo v nogometu sem gledal, kolikor mi je \u010das dopu\u0161\u010dal. Na za\u010detku sem se bal, da bi se lahko huliganski izpadi nadaljevali, me pa sedaj, ko se kon\u010duje, veseli, da do tega ni pri\u0161lo. Prepri\u010dan sem, da vedno zmaga zmagovalec. Ni pa ta nujno vedno najbolj\u0161i. Sicer pa stavim na Francoze. \u010ce ne zmagajo, potem sem stavo izgubil. In pora\u017eenec mora nekaj narediti. Zato javno obljubljam, da \u010de Francozi izgubijo, z veseljem peljem enega bralca ali bralko Ve\u010dera na vro\u010do pico in mrzlo pivo!&#8221; Zato vas pozivamo, da nam po elektronski po\u0161ti internet@vecer.com (kot zadevo napi\u0161ite Stava z Milanom Brglezom), preko na\u0161e facebook strani @CasopisVecer ali na\u0161ega twitter ra\u010duna @vecer na kratko napi\u0161ete, zakaj se Brglez moti in zakaj bo zmagala Portugalska. V primeru zmage Cristiana Ronalda in njegovih soigralcev bomo med vami izbrali enega, ki bo potem od\u0161el na pico in pija\u010do s predsednikom dr\u017eavnega zbora Milanom Brglezom. Poskrbeli bomo, da bo obljubo dr\u017eal. Ne pozabite pripisati va\u0161ih kontaktnih podatkov.\u0160port<\/p>\n","protected":false},"excerpt":{"rendered":"<p>Predsednik dr\u017eavnega zbora Milan Brglez je, ko smo ga vpra\u0161ali po napovedi za finale leto\u0161njega evropskega prvenstva v nogometu, dejal: &#8220;Evropsko prvenstvo v nogometu sem gledal, kolikor mi je \u010das dopu\u0161\u010dal. Na za\u010detku sem se bal, da bi se lahko huliganski izpadi nadaljevali, me pa sedaj, ko se kon\u010duje, veseli, da do tega ni pri\u0161lo. Prepri\u010dan sem, da vedno zmaga zmagovalec. Ni pa ta nujno vedno najbolj\u0161i. Sicer pa stavim na Francoze. \u010ce ne zmagajo, potem sem stavo izgubil. In pora\u017eenec mora nekaj narediti. Zato javno obljubljam, da \u010de Francozi izgubijo, z veseljem peljem enega bralca ali bralko Ve\u010dera na vro\u010do pico in mrzlo pivo!&#8221; Zato vas pozivamo, da nam po elektronski po\u0161ti internet@vecer.com (kot zadevo napi\u0161ite Stava z Milanom Brglezom), preko na\u0161e facebook strani @CasopisVecer ali na\u0161ega twitter ra\u010duna @vecer na kratko napi\u0161ete, zakaj se Brglez moti in zakaj bo zmagala Portugalska. V primeru zmage Cristiana Ronalda in njegovih soigralcev bomo med vami izbrali enega, ki bo potem od\u0161el na pico in pija\u010do s predsednikom dr\u017eavnega zbora Milanom Brglezom. Poskrbeli bomo, da bo obljubo dr\u017eal. Ne pozabite pripisati va\u0161ih kontaktnih podatkov.\u0160port<\/p>\n","protected":false},"author":1,"featured_media":0,"comment_status":"closed","ping_status":"closed","sticky":false,"template":"","format":"standard","meta":{"footnotes":""},"categories":[1179],"tags":[],"source":[1711],"supertag":[],"acf":[],"yoast_head":"<!-- This site is optimized with the Yoast SEO plugin v21.3 - https:\/\/yoast.com\/wordpress\/plugins\/seo\/ -->\n<title>Ob zmagi Portugalcev predsednik DZ enemu bralcu Ve\u010dera \u010dasti pico in pivo - Hudo Slovenija<\/title>\n<meta name=\"robots\" content=\"index, follow, max-snippet:-1, max-image-preview:large, max-video-preview:-1\" \/>\n<link rel=\"canonical\" href=\"https:\/\/hudo.com\/si\/aktualno\/ob-zmagi-portugalcev-predsednik-dz-enemu-bralcu-vecera-casti-pico-in-pivo\/\" \/>\n<meta property=\"og:locale\" content=\"sl_SI\" \/>\n<meta property=\"og:type\" content=\"article\" \/>\n<meta property=\"og:title\" content=\"Ob zmagi Portugalcev predsednik DZ enemu bralcu Ve\u010dera \u010dasti pico in pivo - Hudo Slovenija\" \/>\n<meta property=\"og:description\" content=\"Predsednik dr\u017eavnega zbora Milan Brglez je, ko smo ga vpra\u0161ali po napovedi za finale leto\u0161njega evropskega prvenstva v nogometu, dejal: &quot;Evropsko prvenstvo v nogometu sem gledal, kolikor mi je \u010das dopu\u0161\u010dal. Na za\u010detku sem se bal, da bi se lahko huliganski izpadi nadaljevali, me pa sedaj, ko se kon\u010duje, veseli, da do tega ni pri\u0161lo. Prepri\u010dan sem, da vedno zmaga zmagovalec. Ni pa ta nujno vedno najbolj\u0161i. Sicer pa stavim na Francoze. \u010ce ne zmagajo, potem sem stavo izgubil. In pora\u017eenec mora nekaj narediti. Zato javno obljubljam, da \u010de Francozi izgubijo, z veseljem peljem enega bralca ali bralko Ve\u010dera na vro\u010do pico in mrzlo pivo!&quot; Zato vas pozivamo, da nam po elektronski po\u0161ti internet@vecer.com (kot zadevo napi\u0161ite Stava z Milanom Brglezom), preko na\u0161e facebook strani @CasopisVecer ali na\u0161ega twitter ra\u010duna @vecer na kratko napi\u0161ete, zakaj se Brglez moti in zakaj bo zmagala Portugalska. V primeru zmage Cristiana Ronalda in njegovih soigralcev bomo med vami izbrali enega, ki bo potem od\u0161el na pico in pija\u010do s predsednikom dr\u017eavnega zbora Milanom Brglezom. Poskrbeli bomo, da bo obljubo dr\u017eal. Ne pozabite pripisati va\u0161ih kontaktnih podatkov.\u0160port\" \/>\n<meta property=\"og:url\" content=\"https:\/\/hudo.com\/si\/aktualno\/ob-zmagi-portugalcev-predsednik-dz-enemu-bralcu-vecera-casti-pico-in-pivo\/\" \/>\n<meta property=\"og:site_name\" content=\"Hudo Slovenija\" \/>\n<meta property=\"article:publisher\" content=\"https:\/\/www.facebook.com\/hudo.si\" \/>\n<meta property=\"article:published_time\" content=\"2016-07-09T01:00:00+00:00\" \/>\n<meta property=\"article:modified_time\" content=\"2016-07-10T02:51:44+00:00\" \/>\n<meta property=\"og:image\" content=\"https:\/\/hudo.com\/si\/wp-content\/uploads\/sites\/2\/2016\/07\/MDF84095-300.jpg\" \/>\n\t<meta property=\"og:image:width\" content=\"450\" \/>\n\t<meta property=\"og:image:height\" content=\"322\" \/>\n\t<meta property=\"og:image:type\" content=\"image\/jpeg\" \/>\n<meta name=\"author\" content=\"hudo\" \/>\n<meta name=\"twitter:card\" content=\"summary_large_image\" \/>\n<meta name=\"twitter:creator\" content=\"@hudo_si\" \/>\n<meta name=\"twitter:site\" content=\"@hudo_si\" \/>\n<meta name=\"twitter:label1\" content=\"Written by\" \/>\n\t<meta name=\"twitter:data1\" content=\"hudo\" \/>\n\t<meta name=\"twitter:label2\" content=\"Est. reading time\" \/>\n\t<meta name=\"twitter:data2\" content=\"1 minuta\" \/>\n<script type=\"application\/ld+json\" class=\"yoast-schema-graph\">{\"@context\":\"https:\/\/schema.org\",\"@graph\":[{\"@type\":\"Article\",\"@id\":\"https:\/\/hudo.com\/si\/aktualno\/ob-zmagi-portugalcev-predsednik-dz-enemu-bralcu-vecera-casti-pico-in-pivo\/#article\",\"isPartOf\":{\"@id\":\"https:\/\/hudo.com\/si\/aktualno\/ob-zmagi-portugalcev-predsednik-dz-enemu-bralcu-vecera-casti-pico-in-pivo\/\"},\"author\":{\"name\":\"hudo\",\"@id\":\"https:\/\/hudo.com\/si\/#\/schema\/person\/601cf3379633985b20f7e50f2bb47707\"},\"headline\":\"Ob zmagi Portugalcev predsednik DZ enemu bralcu Ve\u010dera \u010dasti pico in pivo\",\"datePublished\":\"2016-07-09T01:00:00+00:00\",\"dateModified\":\"2016-07-10T02:51:44+00:00\",\"mainEntityOfPage\":{\"@id\":\"https:\/\/hudo.com\/si\/aktualno\/ob-zmagi-portugalcev-predsednik-dz-enemu-bralcu-vecera-casti-pico-in-pivo\/\"},\"wordCount\":221,\"publisher\":{\"@id\":\"https:\/\/hudo.com\/si\/#organization\"},\"articleSection\":[\"Aktualno\"],\"inLanguage\":\"sl-SI\"},{\"@type\":\"WebPage\",\"@id\":\"https:\/\/hudo.com\/si\/aktualno\/ob-zmagi-portugalcev-predsednik-dz-enemu-bralcu-vecera-casti-pico-in-pivo\/\",\"url\":\"https:\/\/hudo.com\/si\/aktualno\/ob-zmagi-portugalcev-predsednik-dz-enemu-bralcu-vecera-casti-pico-in-pivo\/\",\"name\":\"Ob zmagi Portugalcev predsednik DZ enemu bralcu Ve\u010dera \u010dasti pico in pivo - Hudo Slovenija\",\"isPartOf\":{\"@id\":\"https:\/\/hudo.com\/si\/#website\"},\"datePublished\":\"2016-07-09T01:00:00+00:00\",\"dateModified\":\"2016-07-10T02:51:44+00:00\",\"breadcrumb\":{\"@id\":\"https:\/\/hudo.com\/si\/aktualno\/ob-zmagi-portugalcev-predsednik-dz-enemu-bralcu-vecera-casti-pico-in-pivo\/#breadcrumb\"},\"inLanguage\":\"sl-SI\",\"potentialAction\":[{\"@type\":\"ReadAction\",\"target\":[\"https:\/\/hudo.com\/si\/aktualno\/ob-zmagi-portugalcev-predsednik-dz-enemu-bralcu-vecera-casti-pico-in-pivo\/\"]}]},{\"@type\":\"BreadcrumbList\",\"@id\":\"https:\/\/hudo.com\/si\/aktualno\/ob-zmagi-portugalcev-predsednik-dz-enemu-bralcu-vecera-casti-pico-in-pivo\/#breadcrumb\",\"itemListElement\":[{\"@type\":\"ListItem\",\"position\":1,\"name\":\"Home\",\"item\":\"https:\/\/hudo.com\/si\/\"},{\"@type\":\"ListItem\",\"position\":2,\"name\":\"Ob zmagi Portugalcev predsednik DZ enemu bralcu Ve\u010dera \u010dasti pico in pivo\"}]},{\"@type\":\"WebSite\",\"@id\":\"https:\/\/hudo.com\/si\/#website\",\"url\":\"https:\/\/hudo.com\/si\/\",\"name\":\"Hudo Slovenija\",\"description\":\"Vse novice iz Slovenije in sveta\",\"publisher\":{\"@id\":\"https:\/\/hudo.com\/si\/#organization\"},\"potentialAction\":[{\"@type\":\"SearchAction\",\"target\":{\"@type\":\"EntryPoint\",\"urlTemplate\":\"https:\/\/hudo.com\/si\/?s={search_term_string}\"},\"query-input\":\"required name=search_term_string\"}],\"inLanguage\":\"sl-SI\"},{\"@type\":\"Organization\",\"@id\":\"https:\/\/hudo.com\/si\/#organization\",\"name\":\"VSN Media\",\"url\":\"https:\/\/hudo.com\/si\/\",\"logo\":{\"@type\":\"ImageObject\",\"inLanguage\":\"sl-SI\",\"@id\":\"https:\/\/hudo.com\/si\/#\/schema\/logo\/image\/\",\"url\":\"https:\/\/hudo.com\/si\/wp-content\/uploads\/sites\/2\/2021\/03\/hudo-app-2.png\",\"contentUrl\":\"https:\/\/hudo.com\/si\/wp-content\/uploads\/sites\/2\/2021\/03\/hudo-app-2.png\",\"width\":2185,\"height\":2167,\"caption\":\"VSN Media\"},\"image\":{\"@id\":\"https:\/\/hudo.com\/si\/#\/schema\/logo\/image\/\"},\"sameAs\":[\"https:\/\/www.facebook.com\/hudo.si\",\"https:\/\/twitter.com\/hudo_si\"]},{\"@type\":\"Person\",\"@id\":\"https:\/\/hudo.com\/si\/#\/schema\/person\/601cf3379633985b20f7e50f2bb47707\",\"name\":\"hudo\",\"image\":{\"@type\":\"ImageObject\",\"inLanguage\":\"sl-SI\",\"@id\":\"https:\/\/hudo.com\/si\/#\/schema\/person\/image\/\",\"url\":\"https:\/\/secure.gravatar.com\/avatar\/c4ca25fa72cace7a696b52ff5db9e095?s=96&d=mm&r=g\",\"contentUrl\":\"https:\/\/secure.gravatar.com\/avatar\/c4ca25fa72cace7a696b52ff5db9e095?s=96&d=mm&r=g\",\"caption\":\"hudo\"},\"url\":\"https:\/\/hudo.com\/si\/author\/hudo\/\"}]}<\/script>\n<!-- \/ Yoast SEO plugin. -->","yoast_head_json":{"title":"Ob zmagi Portugalcev predsednik DZ enemu bralcu Ve\u010dera \u010dasti pico in pivo - Hudo Slovenija","robots":{"index":"index","follow":"follow","max-snippet":"max-snippet:-1","max-image-preview":"max-image-preview:large","max-video-preview":"max-video-preview:-1"},"canonical":"https:\/\/hudo.com\/si\/aktualno\/ob-zmagi-portugalcev-predsednik-dz-enemu-bralcu-vecera-casti-pico-in-pivo\/","og_locale":"sl_SI","og_type":"article","og_title":"Ob zmagi Portugalcev predsednik DZ enemu bralcu Ve\u010dera \u010dasti pico in pivo - Hudo Slovenija","og_description":"Predsednik dr\u017eavnega zbora Milan Brglez je, ko smo ga vpra\u0161ali po napovedi za finale leto\u0161njega evropskega prvenstva v nogometu, dejal: \"Evropsko prvenstvo v nogometu sem gledal, kolikor mi je \u010das dopu\u0161\u010dal. Na za\u010detku sem se bal, da bi se lahko huliganski izpadi nadaljevali, me pa sedaj, ko se kon\u010duje, veseli, da do tega ni pri\u0161lo. Prepri\u010dan sem, da vedno zmaga zmagovalec. Ni pa ta nujno vedno najbolj\u0161i. Sicer pa stavim na Francoze. \u010ce ne zmagajo, potem sem stavo izgubil. In pora\u017eenec mora nekaj narediti. Zato javno obljubljam, da \u010de Francozi izgubijo, z veseljem peljem enega bralca ali bralko Ve\u010dera na vro\u010do pico in mrzlo pivo!\" Zato vas pozivamo, da nam po elektronski po\u0161ti internet@vecer.com (kot zadevo napi\u0161ite Stava z Milanom Brglezom), preko na\u0161e facebook strani @CasopisVecer ali na\u0161ega twitter ra\u010duna @vecer na kratko napi\u0161ete, zakaj se Brglez moti in zakaj bo zmagala Portugalska. V primeru zmage Cristiana Ronalda in njegovih soigralcev bomo med vami izbrali enega, ki bo potem od\u0161el na pico in pija\u010do s predsednikom dr\u017eavnega zbora Milanom Brglezom. Poskrbeli bomo, da bo obljubo dr\u017eal. Ne pozabite pripisati va\u0161ih kontaktnih podatkov.\u0160port","og_url":"https:\/\/hudo.com\/si\/aktualno\/ob-zmagi-portugalcev-predsednik-dz-enemu-bralcu-vecera-casti-pico-in-pivo\/","og_site_name":"Hudo Slovenija","article_publisher":"https:\/\/www.facebook.com\/hudo.si","article_published_time":"2016-07-09T01:00:00+00:00","article_modified_time":"2016-07-10T02:51:44+00:00","og_image":[{"width":450,"height":322,"url":"https:\/\/hudo.com\/si\/wp-content\/uploads\/sites\/2\/2016\/07\/MDF84095-300.jpg","type":"image\/jpeg"}],"author":"hudo","twitter_card":"summary_large_image","twitter_creator":"@hudo_si","twitter_site":"@hudo_si","twitter_misc":{"Written by":"hudo","Est. reading time":"1 minuta"},"schema":{"@context":"https:\/\/schema.org","@graph":[{"@type":"Article","@id":"https:\/\/hudo.com\/si\/aktualno\/ob-zmagi-portugalcev-predsednik-dz-enemu-bralcu-vecera-casti-pico-in-pivo\/#article","isPartOf":{"@id":"https:\/\/hudo.com\/si\/aktualno\/ob-zmagi-portugalcev-predsednik-dz-enemu-bralcu-vecera-casti-pico-in-pivo\/"},"author":{"name":"hudo","@id":"https:\/\/hudo.com\/si\/#\/schema\/person\/601cf3379633985b20f7e50f2bb47707"},"headline":"Ob zmagi Portugalcev predsednik DZ enemu bralcu Ve\u010dera \u010dasti pico in pivo","datePublished":"2016-07-09T01:00:00+00:00","dateModified":"2016-07-10T02:51:44+00:00","mainEntityOfPage":{"@id":"https:\/\/hudo.com\/si\/aktualno\/ob-zmagi-portugalcev-predsednik-dz-enemu-bralcu-vecera-casti-pico-in-pivo\/"},"wordCount":221,"publisher":{"@id":"https:\/\/hudo.com\/si\/#organization"},"articleSection":["Aktualno"],"inLanguage":"sl-SI"},{"@type":"WebPage","@id":"https:\/\/hudo.com\/si\/aktualno\/ob-zmagi-portugalcev-predsednik-dz-enemu-bralcu-vecera-casti-pico-in-pivo\/","url":"https:\/\/hudo.com\/si\/aktualno\/ob-zmagi-portugalcev-predsednik-dz-enemu-bralcu-vecera-casti-pico-in-pivo\/","name":"Ob zmagi Portugalcev predsednik DZ enemu bralcu Ve\u010dera \u010dasti pico in pivo - Hudo Slovenija","isPartOf":{"@id":"https:\/\/hudo.com\/si\/#website"},"datePublished":"2016-07-09T01:00:00+00:00","dateModified":"2016-07-10T02:51:44+00:00","breadcrumb":{"@id":"https:\/\/hudo.com\/si\/aktualno\/ob-zmagi-portugalcev-predsednik-dz-enemu-bralcu-vecera-casti-pico-in-pivo\/#breadcrumb"},"inLanguage":"sl-SI","potentialAction":[{"@type":"ReadAction","target":["https:\/\/hudo.com\/si\/aktualno\/ob-zmagi-portugalcev-predsednik-dz-enemu-bralcu-vecera-casti-pico-in-pivo\/"]}]},{"@type":"BreadcrumbList","@id":"https:\/\/hudo.com\/si\/aktualno\/ob-zmagi-portugalcev-predsednik-dz-enemu-bralcu-vecera-casti-pico-in-pivo\/#breadcrumb","itemListElement":[{"@type":"ListItem","position":1,"name":"Home","item":"https:\/\/hudo.com\/si\/"},{"@type":"ListItem","position":2,"name":"Ob zmagi Portugalcev predsednik DZ enemu bralcu Ve\u010dera \u010dasti pico in pivo"}]},{"@type":"WebSite","@id":"https:\/\/hudo.com\/si\/#website","url":"https:\/\/hudo.com\/si\/","name":"Hudo Slovenija","description":"Vse novice iz Slovenije in sveta","publisher":{"@id":"https:\/\/hudo.com\/si\/#organization"},"potentialAction":[{"@type":"SearchAction","target":{"@type":"EntryPoint","urlTemplate":"https:\/\/hudo.com\/si\/?s={search_term_string}"},"query-input":"required name=search_term_string"}],"inLanguage":"sl-SI"},{"@type":"Organization","@id":"https:\/\/hudo.com\/si\/#organization","name":"VSN Media","url":"https:\/\/hudo.com\/si\/","logo":{"@type":"ImageObject","inLanguage":"sl-SI","@id":"https:\/\/hudo.com\/si\/#\/schema\/logo\/image\/","url":"https:\/\/hudo.com\/si\/wp-content\/uploads\/sites\/2\/2021\/03\/hudo-app-2.png","contentUrl":"https:\/\/hudo.com\/si\/wp-content\/uploads\/sites\/2\/2021\/03\/hudo-app-2.png","width":2185,"height":2167,"caption":"VSN Media"},"image":{"@id":"https:\/\/hudo.com\/si\/#\/schema\/logo\/image\/"},"sameAs":["https:\/\/www.facebook.com\/hudo.si","https:\/\/twitter.com\/hudo_si"]},{"@type":"Person","@id":"https:\/\/hudo.com\/si\/#\/schema\/person\/601cf3379633985b20f7e50f2bb47707","name":"hudo","image":{"@type":"ImageObject","inLanguage":"sl-SI","@id":"https:\/\/hudo.com\/si\/#\/schema\/person\/image\/","url":"https:\/\/secure.gravatar.com\/avatar\/c4ca25fa72cace7a696b52ff5db9e095?s=96&d=mm&r=g","contentUrl":"https:\/\/secure.gravatar.com\/avatar\/c4ca25fa72cace7a696b52ff5db9e095?s=96&d=mm&r=g","caption":"hudo"},"url":"https:\/\/hudo.com\/si\/author\/hudo\/"}]}},"amp_enabled":true,"_links":{"self":[{"href":"https:\/\/hudo.com\/si\/wp-json\/wp\/v2\/posts\/91441"}],"collection":[{"href":"https:\/\/hudo.com\/si\/wp-json\/wp\/v2\/posts"}],"about":[{"href":"https:\/\/hudo.com\/si\/wp-json\/wp\/v2\/types\/post"}],"author":[{"embeddable":true,"href":"https:\/\/hudo.com\/si\/wp-json\/wp\/v2\/users\/1"}],"replies":[{"embeddable":true,"href":"https:\/\/hudo.com\/si\/wp-json\/wp\/v2\/comments?post=91441"}],"version-history":[{"count":1,"href":"https:\/\/hudo.com\/si\/wp-json\/wp\/v2\/posts\/91441\/revisions"}],"predecessor-version":[{"id":91567,"href":"https:\/\/hudo.com\/si\/wp-json\/wp\/v2\/posts\/91441\/revisions\/91567"}],"wp:attachment":[{"href":"https:\/\/hudo.com\/si\/wp-json\/wp\/v2\/media?parent=91441"}],"wp:term":[{"taxonomy":"category","embeddable":true,"href":"https:\/\/hudo.com\/si\/wp-json\/wp\/v2\/categories?post=91441"},{"taxonomy":"post_tag","embeddable":true,"href":"https:\/\/hudo.com\/si\/wp-json\/wp\/v2\/tags?post=91441"},{"taxonomy":"source","embeddable":true,"href":"https:\/\/hudo.com\/si\/wp-json\/wp\/v2\/source?post=91441"},{"taxonomy":"supertag","embeddable":true,"href":"https:\/\/hudo.com\/si\/wp-json\/wp\/v2\/supertag?post=91441"}],"curies":[{"name":"wp","href":"https:\/\/api.w.org\/{rel}","templated":true}]}}