{"id":9147,"date":"2016-03-20T06:10:59","date_gmt":"2016-03-20T05:10:59","guid":{"rendered":"http:\/\/master.hudo.com\/si\/2016\/03\/20\/zgodba-ob-kateri-se-boste-razjokali-ta-deklica-se-je-rodila-4-mesece-po-smrti-svoje-mame\/"},"modified":"2016-04-06T06:07:17","modified_gmt":"2016-04-06T04:07:17","slug":"zgodba-ob-kateri-se-boste-razjokali-ta-deklica-se-je-rodila-4-mesece-po-smrti-svoje-mame","status":"publish","type":"post","link":"https:\/\/hudo.com\/si\/lifestyle\/zgodba-ob-kateri-se-boste-razjokali-ta-deklica-se-je-rodila-4-mesece-po-smrti-svoje-mame\/","title":{"rendered":"Zgodba, ob kateri se boste razjokali: Ta deklica se je rodila 4 mesece po smrti svoje mame"},"content":{"rendered":"<figure>\n\t\t\t\t\t<img loading=\"lazy\" decoding=\"async\" width=\"660\" height=\"320\" src=\"data:image\/gif;base64,R0lGODlhAQABAAAAACH5BAEKAAEALAAAAAABAAEAAAICTAEAOw==\" class=\"lazyload\" data-src=\"http:\/\/zenska.hudo.com\/files\/2014\/06\/beba-karolina-320x155.jpg\" data-srcset=\"http:\/\/zenska.hudo.com\/files\/2014\/06\/beba-karolina-660x320.jpg 660w,http:\/\/zenska.hudo.com\/files\/2014\/06\/beba-karolina-320x155.jpg 330w\" sizes=\"(max-width: 660px) 100vw, 660px\"\/><figcaption>Foto: facebook<\/figcaption><\/figure>\n<p style=\"color: #444444;\">Mala Karolina nikoli ne bo spoznala svoje mamice, toda to, kar mamina najbolj\u0161a prijateljica naredila, vsekakor dokazuje, da jo imela sedaj pokojna mama neizmerno rada. Kot poro\u010da Daily Mail je 30-letna Laura, sicer in\u0161truktorica\u00a0fitnesa, leta 2010, po tem, ko se je v telovadnici onesvestila, ugotovila, da ima raka. In ker z mo\u017eem nista \u017eelela, da ne bi imela skupnih potomcev, je Laura, preden je za\u010dela s kemoterapijo, dala zamrzniti svoja jaj\u010deca. Kasneje je njena najbolj\u0161a prijateljica Cara pristala, da bo otroka namesto nje donosila.<\/p>\n<figure>\n\t\t\t\t\t<img loading=\"lazy\" decoding=\"async\" width=\"660\" height=\"320\" src=\"data:image\/gif;base64,R0lGODlhAQABAAAAACH5BAEKAAEALAAAAAABAAEAAAICTAEAOw==\" class=\"lazyload\" data-src=\"http:\/\/zenska.hudo.com\/files\/2014\/06\/beba-karolina-2-320x155.jpg\" data-srcset=\"http:\/\/zenska.hudo.com\/files\/2014\/06\/beba-karolina-2-660x320.jpg 660w,http:\/\/zenska.hudo.com\/files\/2014\/06\/beba-karolina-2-320x155.jpg 330w\" sizes=\"(max-width: 660px) 100vw, 660px\"\/><figcaption>Foto: facebook<\/figcaption><\/figure>\n<p>Na \u017ealost Laura ni \u017eivela dovolj dolgo, da bi lahko h\u010derkico Carolino kon\u010dno dr\u017eala v svojih rokah, saj je umrla \u0161tiri mesece pred njenim rojstvom. Na sre\u010do pa imajo njeni prijatelji in dru\u017eina prav deklico za to, da jih spominja na ljubljeno Lauro.<\/p>\n<figure>\n\t\t\t\t\t<img loading=\"lazy\" decoding=\"async\" width=\"660\" height=\"320\" src=\"data:image\/gif;base64,R0lGODlhAQABAAAAACH5BAEKAAEALAAAAAABAAEAAAICTAEAOw==\" class=\"lazyload\" data-src=\"http:\/\/zenska.hudo.com\/files\/2014\/06\/net-laura-320x155.jpg\" data-srcset=\"http:\/\/zenska.hudo.com\/files\/2014\/06\/net-laura-660x320.jpg 660w,http:\/\/zenska.hudo.com\/files\/2014\/06\/net-laura-320x155.jpg 330w\" sizes=\"(max-width: 660px) 100vw, 660px\"\/><figcaption>Foto: facebook<\/figcaption><\/figure>\n<p>Seveda Laurin mo\u017e pravi, da ni besed, s katerimi bi se lahko zahvalil Cari, ker je storila nekaj tako neverjetnega zanj in za njegovo dru\u017eino. Cara pa pravi, da je presre\u010dna, da je imela mo\u017enost da to naredi za svojo najbolj\u0161o prijateljico in bo tako del nje, tudi po smrti, vedno ostal z njo.<\/p>\n","protected":false},"excerpt":{"rendered":"<p>To je zgodba o nesebi\u010dnem prijateljstvu in o malem \u010dude\u017eu, ki bo ostal kot ve\u010den spomin na svojo pokojno mamo!<\/p>\n","protected":false},"author":1,"featured_media":0,"comment_status":"closed","ping_status":"closed","sticky":false,"template":"","format":"standard","meta":{"footnotes":""},"categories":[1091],"tags":[1458,1459],"source":[1356,1357,1334],"supertag":[],"acf":[],"yoast_head":"<!-- This site is optimized with the Yoast SEO plugin v21.3 - https:\/\/yoast.com\/wordpress\/plugins\/seo\/ -->\n<title>Zgodba, ob kateri se boste razjokali: Ta deklica se je rodila 4 mesece po smrti svoje mame - Hudo Slovenija<\/title>\n<meta name=\"robots\" content=\"index, follow, max-snippet:-1, max-image-preview:large, max-video-preview:-1\" \/>\n<link rel=\"canonical\" href=\"https:\/\/hudo.com\/si\/lifestyle\/zgodba-ob-kateri-se-boste-razjokali-ta-deklica-se-je-rodila-4-mesece-po-smrti-svoje-mame\/\" \/>\n<meta property=\"og:locale\" content=\"sl_SI\" \/>\n<meta property=\"og:type\" content=\"article\" \/>\n<meta property=\"og:title\" content=\"Zgodba, ob kateri se boste razjokali: Ta deklica se je rodila 4 mesece po smrti svoje mame - Hudo Slovenija\" \/>\n<meta property=\"og:description\" content=\"To je zgodba o nesebi\u010dnem prijateljstvu in o malem \u010dude\u017eu, ki bo ostal kot ve\u010den spomin na svojo pokojno mamo!\" \/>\n<meta property=\"og:url\" content=\"https:\/\/hudo.com\/si\/lifestyle\/zgodba-ob-kateri-se-boste-razjokali-ta-deklica-se-je-rodila-4-mesece-po-smrti-svoje-mame\/\" \/>\n<meta property=\"og:site_name\" content=\"Hudo Slovenija\" \/>\n<meta property=\"article:publisher\" content=\"https:\/\/www.facebook.com\/hudo.si\" \/>\n<meta property=\"article:published_time\" content=\"2016-03-20T05:10:59+00:00\" \/>\n<meta property=\"article:modified_time\" content=\"2016-04-06T04:07:17+00:00\" \/>\n<meta property=\"og:image\" content=\"https:\/\/hudo.com\/si\/wp-content\/uploads\/sites\/2\/2016\/03\/beba-karolina.jpg\" \/>\n\t<meta property=\"og:image:width\" content=\"670\" \/>\n\t<meta property=\"og:image:height\" content=\"499\" \/>\n\t<meta property=\"og:image:type\" content=\"image\/jpeg\" \/>\n<meta name=\"author\" content=\"hudo\" \/>\n<meta name=\"twitter:card\" content=\"summary_large_image\" \/>\n<meta name=\"twitter:creator\" content=\"@hudo_si\" \/>\n<meta name=\"twitter:site\" content=\"@hudo_si\" \/>\n<meta name=\"twitter:label1\" content=\"Written by\" \/>\n\t<meta name=\"twitter:data1\" content=\"hudo\" \/>\n\t<meta name=\"twitter:label2\" content=\"Est. reading time\" \/>\n\t<meta name=\"twitter:data2\" content=\"1 minuta\" \/>\n<script type=\"application\/ld+json\" class=\"yoast-schema-graph\">{\"@context\":\"https:\/\/schema.org\",\"@graph\":[{\"@type\":\"Article\",\"@id\":\"https:\/\/hudo.com\/si\/lifestyle\/zgodba-ob-kateri-se-boste-razjokali-ta-deklica-se-je-rodila-4-mesece-po-smrti-svoje-mame\/#article\",\"isPartOf\":{\"@id\":\"https:\/\/hudo.com\/si\/lifestyle\/zgodba-ob-kateri-se-boste-razjokali-ta-deklica-se-je-rodila-4-mesece-po-smrti-svoje-mame\/\"},\"author\":{\"name\":\"hudo\",\"@id\":\"https:\/\/hudo.com\/si\/#\/schema\/person\/601cf3379633985b20f7e50f2bb47707\"},\"headline\":\"Zgodba, ob kateri se boste razjokali: Ta deklica se je rodila 4 mesece po smrti svoje mame\",\"datePublished\":\"2016-03-20T05:10:59+00:00\",\"dateModified\":\"2016-04-06T04:07:17+00:00\",\"mainEntityOfPage\":{\"@id\":\"https:\/\/hudo.com\/si\/lifestyle\/zgodba-ob-kateri-se-boste-razjokali-ta-deklica-se-je-rodila-4-mesece-po-smrti-svoje-mame\/\"},\"wordCount\":219,\"publisher\":{\"@id\":\"https:\/\/hudo.com\/si\/#organization\"},\"keywords\":[\"ganljivo\",\"resni\u010dne zgodbe\"],\"articleSection\":[\"Lifestyle\"],\"inLanguage\":\"sl-SI\"},{\"@type\":\"WebPage\",\"@id\":\"https:\/\/hudo.com\/si\/lifestyle\/zgodba-ob-kateri-se-boste-razjokali-ta-deklica-se-je-rodila-4-mesece-po-smrti-svoje-mame\/\",\"url\":\"https:\/\/hudo.com\/si\/lifestyle\/zgodba-ob-kateri-se-boste-razjokali-ta-deklica-se-je-rodila-4-mesece-po-smrti-svoje-mame\/\",\"name\":\"Zgodba, ob kateri se boste razjokali: Ta deklica se je rodila 4 mesece po smrti svoje mame - Hudo Slovenija\",\"isPartOf\":{\"@id\":\"https:\/\/hudo.com\/si\/#website\"},\"datePublished\":\"2016-03-20T05:10:59+00:00\",\"dateModified\":\"2016-04-06T04:07:17+00:00\",\"breadcrumb\":{\"@id\":\"https:\/\/hudo.com\/si\/lifestyle\/zgodba-ob-kateri-se-boste-razjokali-ta-deklica-se-je-rodila-4-mesece-po-smrti-svoje-mame\/#breadcrumb\"},\"inLanguage\":\"sl-SI\",\"potentialAction\":[{\"@type\":\"ReadAction\",\"target\":[\"https:\/\/hudo.com\/si\/lifestyle\/zgodba-ob-kateri-se-boste-razjokali-ta-deklica-se-je-rodila-4-mesece-po-smrti-svoje-mame\/\"]}]},{\"@type\":\"BreadcrumbList\",\"@id\":\"https:\/\/hudo.com\/si\/lifestyle\/zgodba-ob-kateri-se-boste-razjokali-ta-deklica-se-je-rodila-4-mesece-po-smrti-svoje-mame\/#breadcrumb\",\"itemListElement\":[{\"@type\":\"ListItem\",\"position\":1,\"name\":\"Home\",\"item\":\"https:\/\/hudo.com\/si\/\"},{\"@type\":\"ListItem\",\"position\":2,\"name\":\"Zgodba, ob kateri se boste razjokali: Ta deklica se je rodila 4 mesece po smrti svoje mame\"}]},{\"@type\":\"WebSite\",\"@id\":\"https:\/\/hudo.com\/si\/#website\",\"url\":\"https:\/\/hudo.com\/si\/\",\"name\":\"Hudo Slovenija\",\"description\":\"Vse novice iz Slovenije in sveta\",\"publisher\":{\"@id\":\"https:\/\/hudo.com\/si\/#organization\"},\"potentialAction\":[{\"@type\":\"SearchAction\",\"target\":{\"@type\":\"EntryPoint\",\"urlTemplate\":\"https:\/\/hudo.com\/si\/?s={search_term_string}\"},\"query-input\":\"required name=search_term_string\"}],\"inLanguage\":\"sl-SI\"},{\"@type\":\"Organization\",\"@id\":\"https:\/\/hudo.com\/si\/#organization\",\"name\":\"VSN Media\",\"url\":\"https:\/\/hudo.com\/si\/\",\"logo\":{\"@type\":\"ImageObject\",\"inLanguage\":\"sl-SI\",\"@id\":\"https:\/\/hudo.com\/si\/#\/schema\/logo\/image\/\",\"url\":\"https:\/\/hudo.com\/si\/wp-content\/uploads\/sites\/2\/2021\/03\/hudo-app-2.png\",\"contentUrl\":\"https:\/\/hudo.com\/si\/wp-content\/uploads\/sites\/2\/2021\/03\/hudo-app-2.png\",\"width\":2185,\"height\":2167,\"caption\":\"VSN Media\"},\"image\":{\"@id\":\"https:\/\/hudo.com\/si\/#\/schema\/logo\/image\/\"},\"sameAs\":[\"https:\/\/www.facebook.com\/hudo.si\",\"https:\/\/twitter.com\/hudo_si\"]},{\"@type\":\"Person\",\"@id\":\"https:\/\/hudo.com\/si\/#\/schema\/person\/601cf3379633985b20f7e50f2bb47707\",\"name\":\"hudo\",\"image\":{\"@type\":\"ImageObject\",\"inLanguage\":\"sl-SI\",\"@id\":\"https:\/\/hudo.com\/si\/#\/schema\/person\/image\/\",\"url\":\"https:\/\/secure.gravatar.com\/avatar\/c4ca25fa72cace7a696b52ff5db9e095?s=96&d=mm&r=g\",\"contentUrl\":\"https:\/\/secure.gravatar.com\/avatar\/c4ca25fa72cace7a696b52ff5db9e095?s=96&d=mm&r=g\",\"caption\":\"hudo\"},\"url\":\"https:\/\/hudo.com\/si\/author\/hudo\/\"}]}<\/script>\n<!-- \/ Yoast SEO plugin. -->","yoast_head_json":{"title":"Zgodba, ob kateri se boste razjokali: Ta deklica se je rodila 4 mesece po smrti svoje mame - Hudo Slovenija","robots":{"index":"index","follow":"follow","max-snippet":"max-snippet:-1","max-image-preview":"max-image-preview:large","max-video-preview":"max-video-preview:-1"},"canonical":"https:\/\/hudo.com\/si\/lifestyle\/zgodba-ob-kateri-se-boste-razjokali-ta-deklica-se-je-rodila-4-mesece-po-smrti-svoje-mame\/","og_locale":"sl_SI","og_type":"article","og_title":"Zgodba, ob kateri se boste razjokali: Ta deklica se je rodila 4 mesece po smrti svoje mame - Hudo Slovenija","og_description":"To je zgodba o nesebi\u010dnem prijateljstvu in o malem \u010dude\u017eu, ki bo ostal kot ve\u010den spomin na svojo pokojno mamo!","og_url":"https:\/\/hudo.com\/si\/lifestyle\/zgodba-ob-kateri-se-boste-razjokali-ta-deklica-se-je-rodila-4-mesece-po-smrti-svoje-mame\/","og_site_name":"Hudo Slovenija","article_publisher":"https:\/\/www.facebook.com\/hudo.si","article_published_time":"2016-03-20T05:10:59+00:00","article_modified_time":"2016-04-06T04:07:17+00:00","og_image":[{"width":670,"height":499,"url":"https:\/\/hudo.com\/si\/wp-content\/uploads\/sites\/2\/2016\/03\/beba-karolina.jpg","type":"image\/jpeg"}],"author":"hudo","twitter_card":"summary_large_image","twitter_creator":"@hudo_si","twitter_site":"@hudo_si","twitter_misc":{"Written by":"hudo","Est. reading time":"1 minuta"},"schema":{"@context":"https:\/\/schema.org","@graph":[{"@type":"Article","@id":"https:\/\/hudo.com\/si\/lifestyle\/zgodba-ob-kateri-se-boste-razjokali-ta-deklica-se-je-rodila-4-mesece-po-smrti-svoje-mame\/#article","isPartOf":{"@id":"https:\/\/hudo.com\/si\/lifestyle\/zgodba-ob-kateri-se-boste-razjokali-ta-deklica-se-je-rodila-4-mesece-po-smrti-svoje-mame\/"},"author":{"name":"hudo","@id":"https:\/\/hudo.com\/si\/#\/schema\/person\/601cf3379633985b20f7e50f2bb47707"},"headline":"Zgodba, ob kateri se boste razjokali: Ta deklica se je rodila 4 mesece po smrti svoje mame","datePublished":"2016-03-20T05:10:59+00:00","dateModified":"2016-04-06T04:07:17+00:00","mainEntityOfPage":{"@id":"https:\/\/hudo.com\/si\/lifestyle\/zgodba-ob-kateri-se-boste-razjokali-ta-deklica-se-je-rodila-4-mesece-po-smrti-svoje-mame\/"},"wordCount":219,"publisher":{"@id":"https:\/\/hudo.com\/si\/#organization"},"keywords":["ganljivo","resni\u010dne zgodbe"],"articleSection":["Lifestyle"],"inLanguage":"sl-SI"},{"@type":"WebPage","@id":"https:\/\/hudo.com\/si\/lifestyle\/zgodba-ob-kateri-se-boste-razjokali-ta-deklica-se-je-rodila-4-mesece-po-smrti-svoje-mame\/","url":"https:\/\/hudo.com\/si\/lifestyle\/zgodba-ob-kateri-se-boste-razjokali-ta-deklica-se-je-rodila-4-mesece-po-smrti-svoje-mame\/","name":"Zgodba, ob kateri se boste razjokali: Ta deklica se je rodila 4 mesece po smrti svoje mame - Hudo Slovenija","isPartOf":{"@id":"https:\/\/hudo.com\/si\/#website"},"datePublished":"2016-03-20T05:10:59+00:00","dateModified":"2016-04-06T04:07:17+00:00","breadcrumb":{"@id":"https:\/\/hudo.com\/si\/lifestyle\/zgodba-ob-kateri-se-boste-razjokali-ta-deklica-se-je-rodila-4-mesece-po-smrti-svoje-mame\/#breadcrumb"},"inLanguage":"sl-SI","potentialAction":[{"@type":"ReadAction","target":["https:\/\/hudo.com\/si\/lifestyle\/zgodba-ob-kateri-se-boste-razjokali-ta-deklica-se-je-rodila-4-mesece-po-smrti-svoje-mame\/"]}]},{"@type":"BreadcrumbList","@id":"https:\/\/hudo.com\/si\/lifestyle\/zgodba-ob-kateri-se-boste-razjokali-ta-deklica-se-je-rodila-4-mesece-po-smrti-svoje-mame\/#breadcrumb","itemListElement":[{"@type":"ListItem","position":1,"name":"Home","item":"https:\/\/hudo.com\/si\/"},{"@type":"ListItem","position":2,"name":"Zgodba, ob kateri se boste razjokali: Ta deklica se je rodila 4 mesece po smrti svoje mame"}]},{"@type":"WebSite","@id":"https:\/\/hudo.com\/si\/#website","url":"https:\/\/hudo.com\/si\/","name":"Hudo Slovenija","description":"Vse novice iz Slovenije in sveta","publisher":{"@id":"https:\/\/hudo.com\/si\/#organization"},"potentialAction":[{"@type":"SearchAction","target":{"@type":"EntryPoint","urlTemplate":"https:\/\/hudo.com\/si\/?s={search_term_string}"},"query-input":"required name=search_term_string"}],"inLanguage":"sl-SI"},{"@type":"Organization","@id":"https:\/\/hudo.com\/si\/#organization","name":"VSN Media","url":"https:\/\/hudo.com\/si\/","logo":{"@type":"ImageObject","inLanguage":"sl-SI","@id":"https:\/\/hudo.com\/si\/#\/schema\/logo\/image\/","url":"https:\/\/hudo.com\/si\/wp-content\/uploads\/sites\/2\/2021\/03\/hudo-app-2.png","contentUrl":"https:\/\/hudo.com\/si\/wp-content\/uploads\/sites\/2\/2021\/03\/hudo-app-2.png","width":2185,"height":2167,"caption":"VSN Media"},"image":{"@id":"https:\/\/hudo.com\/si\/#\/schema\/logo\/image\/"},"sameAs":["https:\/\/www.facebook.com\/hudo.si","https:\/\/twitter.com\/hudo_si"]},{"@type":"Person","@id":"https:\/\/hudo.com\/si\/#\/schema\/person\/601cf3379633985b20f7e50f2bb47707","name":"hudo","image":{"@type":"ImageObject","inLanguage":"sl-SI","@id":"https:\/\/hudo.com\/si\/#\/schema\/person\/image\/","url":"https:\/\/secure.gravatar.com\/avatar\/c4ca25fa72cace7a696b52ff5db9e095?s=96&d=mm&r=g","contentUrl":"https:\/\/secure.gravatar.com\/avatar\/c4ca25fa72cace7a696b52ff5db9e095?s=96&d=mm&r=g","caption":"hudo"},"url":"https:\/\/hudo.com\/si\/author\/hudo\/"}]}},"amp_enabled":true,"_links":{"self":[{"href":"https:\/\/hudo.com\/si\/wp-json\/wp\/v2\/posts\/9147"}],"collection":[{"href":"https:\/\/hudo.com\/si\/wp-json\/wp\/v2\/posts"}],"about":[{"href":"https:\/\/hudo.com\/si\/wp-json\/wp\/v2\/types\/post"}],"author":[{"embeddable":true,"href":"https:\/\/hudo.com\/si\/wp-json\/wp\/v2\/users\/1"}],"replies":[{"embeddable":true,"href":"https:\/\/hudo.com\/si\/wp-json\/wp\/v2\/comments?post=9147"}],"version-history":[{"count":0,"href":"https:\/\/hudo.com\/si\/wp-json\/wp\/v2\/posts\/9147\/revisions"}],"wp:attachment":[{"href":"https:\/\/hudo.com\/si\/wp-json\/wp\/v2\/media?parent=9147"}],"wp:term":[{"taxonomy":"category","embeddable":true,"href":"https:\/\/hudo.com\/si\/wp-json\/wp\/v2\/categories?post=9147"},{"taxonomy":"post_tag","embeddable":true,"href":"https:\/\/hudo.com\/si\/wp-json\/wp\/v2\/tags?post=9147"},{"taxonomy":"source","embeddable":true,"href":"https:\/\/hudo.com\/si\/wp-json\/wp\/v2\/source?post=9147"},{"taxonomy":"supertag","embeddable":true,"href":"https:\/\/hudo.com\/si\/wp-json\/wp\/v2\/supertag?post=9147"}],"curies":[{"name":"wp","href":"https:\/\/api.w.org\/{rel}","templated":true}]}}