{"id":9149,"date":"2016-03-18T09:49:06","date_gmt":"2016-03-18T08:49:06","guid":{"rendered":"http:\/\/master.hudo.com\/si\/2016\/03\/18\/napovedujemo-moja-obilna-grska-poroka-2-v-kinu-od-31-marca\/"},"modified":"2016-04-05T13:07:31","modified_gmt":"2016-04-05T11:07:31","slug":"napovedujemo-moja-obilna-grska-poroka-2-v-kinu-od-31-marca","status":"publish","type":"post","link":"https:\/\/hudo.com\/si\/lifestyle\/napovedujemo-moja-obilna-grska-poroka-2-v-kinu-od-31-marca\/","title":{"rendered":"Napovedujemo: Moja obilna gr\u0161ka poroka 2 &#8211; v kinu od 31. marca"},"content":{"rendered":"<p><a href=\"http:\/\/zenska.hudo.com\/prosti-cas\/filmi\/napovedujemo-moja-obilna-grska-poroka-2-v-kinu-od-31-marca\/galerija\/mbfgw2_1000x1200\/\" rel=\"attachment wp-att-253260\"><img loading=\"lazy\" decoding=\"async\" class=\"alignnone size-large wp-image-253260\" src=\"http:\/\/zenska.hudo.com\/files\/2016\/03\/mbfgw2_1000x1200-550x660.jpg\" alt=\"MBFGW2_1000x1200\" width=\"550\" height=\"660\" \/><\/a><\/p>\n<p>Toula (Nia Vardalos) in Ian (John Corbett) sta poro\u010dena \u017ee precej \u010dasa in v njunem odnosu \u2013 kot se pogosto zgodi \u2013 ni ve\u010d tiste stare iskrice. Podobno kot ve\u010dina mater najstnikov je tudi Toula nenehno v navzkri\u017eju s svojo h\u010derko Paris (Elena Kampouris), pri tem pa sku\u0161a najti tudi \u010das zase in za svoj odnos z mo\u017eem.\u00a0 Hkrati se Toulina star\u0161a Gus (Michael Constantine) in Maria (Lainie Kazan), zdaj ponosna stara star\u0161a, po vzoru mnogih parov spra\u0161ujeta, kam je izginila nekdanja zaljubljenost. Maria upa, da znova zaneti iskrico nekdanje strasti. In \u2013 jasno! \u2013 Gus je \u0161e vedno prepri\u010dan, da \u010distilo za okna odpravi sleherno zdravstveno tegobo\u2026<\/p>\n<p>Igrajo: Nia Vardalos, John Corbett, Lainie Kazan in drugi<\/p>\n<figure class=\"wp-caption video\" style=\"padding-top:56.212121212121%\">  \t<div class=\"embed\"><div class=\"embed-notice\">Za ogled vstavljene vsebine morate omogo\u010diti <a href=\"#\" onclick=\"Optanon.ToggleInfoDisplay()\">shranjevanje pi\u0161kotkov v napravi<\/a><\/div><iframe loading=\"lazy\" width=\"660\" height=\"371\"  class=\"optanon-category-C0002-C0003-C0004\" optanon-src=\"https:\/\/www.youtube.com\/embed\/FGM-BNb0SV0?autohide=1&#038;fs=1&#038;autoplay=0&#038;iv_load_policy=3&#038;rel=0&#038;modestbranding=1&#038;showinfo=0&#038;hd=1\" frameborder=\"0\" allowfullscreen><\/iframe><\/div>  <\/figure>\n","protected":false},"excerpt":{"rendered":"<p>Vsi se spreminjamo. Grki pa ne. Portokalosovi se vra\u010dajo: zgodba junakov, ki so jih gledalci po vsem svetu vzeli za svoje in v njih prepoznali lastne dru\u017eine, se odvija deset let po tistem, ko smo dru\u017eino videli nazadnje.<\/p>\n","protected":false},"author":1,"featured_media":0,"comment_status":"closed","ping_status":"closed","sticky":false,"template":"","format":"standard","meta":{"footnotes":""},"categories":[1091],"tags":[1414,1415],"source":[1416,1381,1334],"supertag":[],"acf":[],"yoast_head":"<!-- This site is optimized with the Yoast SEO plugin v21.3 - https:\/\/yoast.com\/wordpress\/plugins\/seo\/ -->\n<title>Napovedujemo: Moja obilna gr\u0161ka poroka 2 &#8211; v kinu od 31. marca - Hudo Slovenija<\/title>\n<meta name=\"robots\" content=\"index, follow, max-snippet:-1, max-image-preview:large, max-video-preview:-1\" \/>\n<link rel=\"canonical\" href=\"https:\/\/hudo.com\/si\/lifestyle\/napovedujemo-moja-obilna-grska-poroka-2-v-kinu-od-31-marca\/\" \/>\n<meta property=\"og:locale\" content=\"sl_SI\" \/>\n<meta property=\"og:type\" content=\"article\" \/>\n<meta property=\"og:title\" content=\"Napovedujemo: Moja obilna gr\u0161ka poroka 2 &#8211; v kinu od 31. marca - Hudo Slovenija\" \/>\n<meta property=\"og:description\" content=\"Vsi se spreminjamo. Grki pa ne. Portokalosovi se vra\u010dajo: zgodba junakov, ki so jih gledalci po vsem svetu vzeli za svoje in v njih prepoznali lastne dru\u017eine, se odvija deset let po tistem, ko smo dru\u017eino videli nazadnje.\" \/>\n<meta property=\"og:url\" content=\"https:\/\/hudo.com\/si\/lifestyle\/napovedujemo-moja-obilna-grska-poroka-2-v-kinu-od-31-marca\/\" \/>\n<meta property=\"og:site_name\" content=\"Hudo Slovenija\" \/>\n<meta property=\"article:publisher\" content=\"https:\/\/www.facebook.com\/hudo.si\" \/>\n<meta property=\"article:published_time\" content=\"2016-03-18T08:49:06+00:00\" \/>\n<meta property=\"article:modified_time\" content=\"2016-04-05T11:07:31+00:00\" \/>\n<meta property=\"og:image\" content=\"https:\/\/hudo.com\/si\/wp-content\/uploads\/sites\/2\/2016\/03\/mbfgw2_1000x1200.jpg\" \/>\n\t<meta property=\"og:image:width\" content=\"1000\" \/>\n\t<meta property=\"og:image:height\" content=\"1200\" \/>\n\t<meta property=\"og:image:type\" content=\"image\/jpeg\" \/>\n<meta name=\"author\" content=\"hudo\" \/>\n<meta name=\"twitter:card\" content=\"summary_large_image\" \/>\n<meta name=\"twitter:creator\" content=\"@hudo_si\" \/>\n<meta name=\"twitter:site\" content=\"@hudo_si\" \/>\n<meta name=\"twitter:label1\" content=\"Written by\" \/>\n\t<meta name=\"twitter:data1\" content=\"hudo\" \/>\n\t<meta name=\"twitter:label2\" content=\"Est. reading time\" \/>\n\t<meta name=\"twitter:data2\" content=\"1 minuta\" \/>\n<script type=\"application\/ld+json\" class=\"yoast-schema-graph\">{\"@context\":\"https:\/\/schema.org\",\"@graph\":[{\"@type\":\"Article\",\"@id\":\"https:\/\/hudo.com\/si\/lifestyle\/napovedujemo-moja-obilna-grska-poroka-2-v-kinu-od-31-marca\/#article\",\"isPartOf\":{\"@id\":\"https:\/\/hudo.com\/si\/lifestyle\/napovedujemo-moja-obilna-grska-poroka-2-v-kinu-od-31-marca\/\"},\"author\":{\"name\":\"hudo\",\"@id\":\"https:\/\/hudo.com\/si\/#\/schema\/person\/601cf3379633985b20f7e50f2bb47707\"},\"headline\":\"Napovedujemo: Moja obilna gr\u0161ka poroka 2 &#8211; v kinu od 31. marca\",\"datePublished\":\"2016-03-18T08:49:06+00:00\",\"dateModified\":\"2016-04-05T11:07:31+00:00\",\"mainEntityOfPage\":{\"@id\":\"https:\/\/hudo.com\/si\/lifestyle\/napovedujemo-moja-obilna-grska-poroka-2-v-kinu-od-31-marca\/\"},\"wordCount\":133,\"publisher\":{\"@id\":\"https:\/\/hudo.com\/si\/#organization\"},\"keywords\":[\"filmi 2016\",\"napovednik filma\"],\"articleSection\":[\"Lifestyle\"],\"inLanguage\":\"sl-SI\"},{\"@type\":\"WebPage\",\"@id\":\"https:\/\/hudo.com\/si\/lifestyle\/napovedujemo-moja-obilna-grska-poroka-2-v-kinu-od-31-marca\/\",\"url\":\"https:\/\/hudo.com\/si\/lifestyle\/napovedujemo-moja-obilna-grska-poroka-2-v-kinu-od-31-marca\/\",\"name\":\"Napovedujemo: Moja obilna gr\u0161ka poroka 2 &#8211; v kinu od 31. marca - Hudo Slovenija\",\"isPartOf\":{\"@id\":\"https:\/\/hudo.com\/si\/#website\"},\"datePublished\":\"2016-03-18T08:49:06+00:00\",\"dateModified\":\"2016-04-05T11:07:31+00:00\",\"breadcrumb\":{\"@id\":\"https:\/\/hudo.com\/si\/lifestyle\/napovedujemo-moja-obilna-grska-poroka-2-v-kinu-od-31-marca\/#breadcrumb\"},\"inLanguage\":\"sl-SI\",\"potentialAction\":[{\"@type\":\"ReadAction\",\"target\":[\"https:\/\/hudo.com\/si\/lifestyle\/napovedujemo-moja-obilna-grska-poroka-2-v-kinu-od-31-marca\/\"]}]},{\"@type\":\"BreadcrumbList\",\"@id\":\"https:\/\/hudo.com\/si\/lifestyle\/napovedujemo-moja-obilna-grska-poroka-2-v-kinu-od-31-marca\/#breadcrumb\",\"itemListElement\":[{\"@type\":\"ListItem\",\"position\":1,\"name\":\"Home\",\"item\":\"https:\/\/hudo.com\/si\/\"},{\"@type\":\"ListItem\",\"position\":2,\"name\":\"Napovedujemo: Moja obilna gr\u0161ka poroka 2 &#8211; v kinu od 31. marca\"}]},{\"@type\":\"WebSite\",\"@id\":\"https:\/\/hudo.com\/si\/#website\",\"url\":\"https:\/\/hudo.com\/si\/\",\"name\":\"Hudo Slovenija\",\"description\":\"Vse novice iz Slovenije in sveta\",\"publisher\":{\"@id\":\"https:\/\/hudo.com\/si\/#organization\"},\"potentialAction\":[{\"@type\":\"SearchAction\",\"target\":{\"@type\":\"EntryPoint\",\"urlTemplate\":\"https:\/\/hudo.com\/si\/?s={search_term_string}\"},\"query-input\":\"required name=search_term_string\"}],\"inLanguage\":\"sl-SI\"},{\"@type\":\"Organization\",\"@id\":\"https:\/\/hudo.com\/si\/#organization\",\"name\":\"VSN Media\",\"url\":\"https:\/\/hudo.com\/si\/\",\"logo\":{\"@type\":\"ImageObject\",\"inLanguage\":\"sl-SI\",\"@id\":\"https:\/\/hudo.com\/si\/#\/schema\/logo\/image\/\",\"url\":\"https:\/\/hudo.com\/si\/wp-content\/uploads\/sites\/2\/2021\/03\/hudo-app-2.png\",\"contentUrl\":\"https:\/\/hudo.com\/si\/wp-content\/uploads\/sites\/2\/2021\/03\/hudo-app-2.png\",\"width\":2185,\"height\":2167,\"caption\":\"VSN Media\"},\"image\":{\"@id\":\"https:\/\/hudo.com\/si\/#\/schema\/logo\/image\/\"},\"sameAs\":[\"https:\/\/www.facebook.com\/hudo.si\",\"https:\/\/twitter.com\/hudo_si\"]},{\"@type\":\"Person\",\"@id\":\"https:\/\/hudo.com\/si\/#\/schema\/person\/601cf3379633985b20f7e50f2bb47707\",\"name\":\"hudo\",\"image\":{\"@type\":\"ImageObject\",\"inLanguage\":\"sl-SI\",\"@id\":\"https:\/\/hudo.com\/si\/#\/schema\/person\/image\/\",\"url\":\"https:\/\/secure.gravatar.com\/avatar\/c4ca25fa72cace7a696b52ff5db9e095?s=96&d=mm&r=g\",\"contentUrl\":\"https:\/\/secure.gravatar.com\/avatar\/c4ca25fa72cace7a696b52ff5db9e095?s=96&d=mm&r=g\",\"caption\":\"hudo\"},\"url\":\"https:\/\/hudo.com\/si\/author\/hudo\/\"}]}<\/script>\n<!-- \/ Yoast SEO plugin. -->","yoast_head_json":{"title":"Napovedujemo: Moja obilna gr\u0161ka poroka 2 &#8211; v kinu od 31. marca - Hudo Slovenija","robots":{"index":"index","follow":"follow","max-snippet":"max-snippet:-1","max-image-preview":"max-image-preview:large","max-video-preview":"max-video-preview:-1"},"canonical":"https:\/\/hudo.com\/si\/lifestyle\/napovedujemo-moja-obilna-grska-poroka-2-v-kinu-od-31-marca\/","og_locale":"sl_SI","og_type":"article","og_title":"Napovedujemo: Moja obilna gr\u0161ka poroka 2 &#8211; v kinu od 31. marca - Hudo Slovenija","og_description":"Vsi se spreminjamo. Grki pa ne. Portokalosovi se vra\u010dajo: zgodba junakov, ki so jih gledalci po vsem svetu vzeli za svoje in v njih prepoznali lastne dru\u017eine, se odvija deset let po tistem, ko smo dru\u017eino videli nazadnje.","og_url":"https:\/\/hudo.com\/si\/lifestyle\/napovedujemo-moja-obilna-grska-poroka-2-v-kinu-od-31-marca\/","og_site_name":"Hudo Slovenija","article_publisher":"https:\/\/www.facebook.com\/hudo.si","article_published_time":"2016-03-18T08:49:06+00:00","article_modified_time":"2016-04-05T11:07:31+00:00","og_image":[{"width":1000,"height":1200,"url":"https:\/\/hudo.com\/si\/wp-content\/uploads\/sites\/2\/2016\/03\/mbfgw2_1000x1200.jpg","type":"image\/jpeg"}],"author":"hudo","twitter_card":"summary_large_image","twitter_creator":"@hudo_si","twitter_site":"@hudo_si","twitter_misc":{"Written by":"hudo","Est. reading time":"1 minuta"},"schema":{"@context":"https:\/\/schema.org","@graph":[{"@type":"Article","@id":"https:\/\/hudo.com\/si\/lifestyle\/napovedujemo-moja-obilna-grska-poroka-2-v-kinu-od-31-marca\/#article","isPartOf":{"@id":"https:\/\/hudo.com\/si\/lifestyle\/napovedujemo-moja-obilna-grska-poroka-2-v-kinu-od-31-marca\/"},"author":{"name":"hudo","@id":"https:\/\/hudo.com\/si\/#\/schema\/person\/601cf3379633985b20f7e50f2bb47707"},"headline":"Napovedujemo: Moja obilna gr\u0161ka poroka 2 &#8211; v kinu od 31. marca","datePublished":"2016-03-18T08:49:06+00:00","dateModified":"2016-04-05T11:07:31+00:00","mainEntityOfPage":{"@id":"https:\/\/hudo.com\/si\/lifestyle\/napovedujemo-moja-obilna-grska-poroka-2-v-kinu-od-31-marca\/"},"wordCount":133,"publisher":{"@id":"https:\/\/hudo.com\/si\/#organization"},"keywords":["filmi 2016","napovednik filma"],"articleSection":["Lifestyle"],"inLanguage":"sl-SI"},{"@type":"WebPage","@id":"https:\/\/hudo.com\/si\/lifestyle\/napovedujemo-moja-obilna-grska-poroka-2-v-kinu-od-31-marca\/","url":"https:\/\/hudo.com\/si\/lifestyle\/napovedujemo-moja-obilna-grska-poroka-2-v-kinu-od-31-marca\/","name":"Napovedujemo: Moja obilna gr\u0161ka poroka 2 &#8211; v kinu od 31. marca - Hudo Slovenija","isPartOf":{"@id":"https:\/\/hudo.com\/si\/#website"},"datePublished":"2016-03-18T08:49:06+00:00","dateModified":"2016-04-05T11:07:31+00:00","breadcrumb":{"@id":"https:\/\/hudo.com\/si\/lifestyle\/napovedujemo-moja-obilna-grska-poroka-2-v-kinu-od-31-marca\/#breadcrumb"},"inLanguage":"sl-SI","potentialAction":[{"@type":"ReadAction","target":["https:\/\/hudo.com\/si\/lifestyle\/napovedujemo-moja-obilna-grska-poroka-2-v-kinu-od-31-marca\/"]}]},{"@type":"BreadcrumbList","@id":"https:\/\/hudo.com\/si\/lifestyle\/napovedujemo-moja-obilna-grska-poroka-2-v-kinu-od-31-marca\/#breadcrumb","itemListElement":[{"@type":"ListItem","position":1,"name":"Home","item":"https:\/\/hudo.com\/si\/"},{"@type":"ListItem","position":2,"name":"Napovedujemo: Moja obilna gr\u0161ka poroka 2 &#8211; v kinu od 31. marca"}]},{"@type":"WebSite","@id":"https:\/\/hudo.com\/si\/#website","url":"https:\/\/hudo.com\/si\/","name":"Hudo Slovenija","description":"Vse novice iz Slovenije in sveta","publisher":{"@id":"https:\/\/hudo.com\/si\/#organization"},"potentialAction":[{"@type":"SearchAction","target":{"@type":"EntryPoint","urlTemplate":"https:\/\/hudo.com\/si\/?s={search_term_string}"},"query-input":"required name=search_term_string"}],"inLanguage":"sl-SI"},{"@type":"Organization","@id":"https:\/\/hudo.com\/si\/#organization","name":"VSN Media","url":"https:\/\/hudo.com\/si\/","logo":{"@type":"ImageObject","inLanguage":"sl-SI","@id":"https:\/\/hudo.com\/si\/#\/schema\/logo\/image\/","url":"https:\/\/hudo.com\/si\/wp-content\/uploads\/sites\/2\/2021\/03\/hudo-app-2.png","contentUrl":"https:\/\/hudo.com\/si\/wp-content\/uploads\/sites\/2\/2021\/03\/hudo-app-2.png","width":2185,"height":2167,"caption":"VSN Media"},"image":{"@id":"https:\/\/hudo.com\/si\/#\/schema\/logo\/image\/"},"sameAs":["https:\/\/www.facebook.com\/hudo.si","https:\/\/twitter.com\/hudo_si"]},{"@type":"Person","@id":"https:\/\/hudo.com\/si\/#\/schema\/person\/601cf3379633985b20f7e50f2bb47707","name":"hudo","image":{"@type":"ImageObject","inLanguage":"sl-SI","@id":"https:\/\/hudo.com\/si\/#\/schema\/person\/image\/","url":"https:\/\/secure.gravatar.com\/avatar\/c4ca25fa72cace7a696b52ff5db9e095?s=96&d=mm&r=g","contentUrl":"https:\/\/secure.gravatar.com\/avatar\/c4ca25fa72cace7a696b52ff5db9e095?s=96&d=mm&r=g","caption":"hudo"},"url":"https:\/\/hudo.com\/si\/author\/hudo\/"}]}},"amp_enabled":true,"_links":{"self":[{"href":"https:\/\/hudo.com\/si\/wp-json\/wp\/v2\/posts\/9149"}],"collection":[{"href":"https:\/\/hudo.com\/si\/wp-json\/wp\/v2\/posts"}],"about":[{"href":"https:\/\/hudo.com\/si\/wp-json\/wp\/v2\/types\/post"}],"author":[{"embeddable":true,"href":"https:\/\/hudo.com\/si\/wp-json\/wp\/v2\/users\/1"}],"replies":[{"embeddable":true,"href":"https:\/\/hudo.com\/si\/wp-json\/wp\/v2\/comments?post=9149"}],"version-history":[{"count":0,"href":"https:\/\/hudo.com\/si\/wp-json\/wp\/v2\/posts\/9149\/revisions"}],"wp:attachment":[{"href":"https:\/\/hudo.com\/si\/wp-json\/wp\/v2\/media?parent=9149"}],"wp:term":[{"taxonomy":"category","embeddable":true,"href":"https:\/\/hudo.com\/si\/wp-json\/wp\/v2\/categories?post=9149"},{"taxonomy":"post_tag","embeddable":true,"href":"https:\/\/hudo.com\/si\/wp-json\/wp\/v2\/tags?post=9149"},{"taxonomy":"source","embeddable":true,"href":"https:\/\/hudo.com\/si\/wp-json\/wp\/v2\/source?post=9149"},{"taxonomy":"supertag","embeddable":true,"href":"https:\/\/hudo.com\/si\/wp-json\/wp\/v2\/supertag?post=9149"}],"curies":[{"name":"wp","href":"https:\/\/api.w.org\/{rel}","templated":true}]}}