{"id":91500,"date":"2016-07-09T06:43:00","date_gmt":"2016-07-09T04:43:00","guid":{"rendered":"http:\/\/hudo.com\/si\/2016\/07\/09\/sneijder-ob-23-milijona-evrov\/"},"modified":"2016-07-10T02:56:08","modified_gmt":"2016-07-10T00:56:08","slug":"sneijder-ob-23-milijona-evrov","status":"publish","type":"post","link":"https:\/\/hudo.com\/si\/aktualno\/sneijder-ob-23-milijona-evrov\/","title":{"rendered":"Sneijder ob 2,3 milijona evrov"},"content":{"rendered":"<p>Kategorija: Nogomet Sat, 09 Jul 2016 08:43:00 +0200  Istanbul &#8211; Precej nenavaden na\u010din so izbrali pri Galatasarayju, da zni\u017eujejo stro\u0161ke. Tako so se odlo\u010dili, da bo Nizozemec Wesley Sneijder prejel kazen 2,3 milijona evrov, ker je v zadnji sezoni prejel preve\u010d rumenih kartonov. Znesek predstavlja pribli\u017eno polovico zneska, ki ga nogometa\u0161 prejme za vsako sezono. Tur\u0161ki mediji so poro\u010dali, da je Sneijder le eden od trinajstih igralcev Galatasarayja, ki so zaradi rumenih kartonov v zadnji sezoni prejeli kazen. Sam je sezono kon\u010dal pri 11 rumenih kaznih. &#8220;Res mi je \u017eal za to. V tem trenutku ni mogo\u010de re\u010di, kaj se bo zgodilo. Po\u010dakali bomo in videli, kaj prinesejo prihodnji dnevi. Kazni ne posve\u010dam preve\u010d pozornosti,&#8221; je za tur\u0161ko televizijo NTV dejal Sneijder. Nizozemski vezist ne izklju\u010duje mo\u017enosti, da se poslovi od tur\u0161kega velikana, ki letos zaradi kr\u0161itve finan\u010dnega fair playa\u00a0&#8230;<\/p>\n","protected":false},"excerpt":{"rendered":"<p>Kategorija: Nogomet Sat, 09 Jul 2016 08:43:00 +0200  Istanbul &#8211; Precej nenavaden na\u010din so izbrali pri Galatasarayju, da zni\u017eujejo stro\u0161ke. Tako so se odlo\u010dili, da bo Nizozemec Wesley Sneijder prejel kazen 2,3 milijona evrov, ker je v zadnji sezoni prejel preve\u010d rumenih kartonov. Znesek predstavlja pribli\u017eno polovico zneska, ki ga nogometa\u0161 prejme za vsako sezono. Tur\u0161ki mediji so poro\u010dali, da je Sneijder le eden od trinajstih igralcev Galatasarayja, ki so zaradi rumenih kartonov v zadnji sezoni prejeli kazen. Sam je sezono kon\u010dal pri 11 rumenih kaznih. &#8220;Res mi je \u017eal za to. V tem trenutku ni mogo\u010de re\u010di, kaj se bo zgodilo. Po\u010dakali bomo in videli, kaj prinesejo prihodnji dnevi. Kazni ne posve\u010dam preve\u010d pozornosti,&#8221; je za tur\u0161ko televizijo NTV dejal Sneijder. Nizozemski vezist ne izklju\u010duje mo\u017enosti, da se poslovi od tur\u0161kega velikana, ki letos zaradi kr\u0161itve finan\u010dnega fair playa\u00a0&#8230;<\/p>\n","protected":false},"author":1,"featured_media":0,"comment_status":"closed","ping_status":"closed","sticky":false,"template":"","format":"standard","meta":{"footnotes":""},"categories":[1179],"tags":[],"source":[4511],"supertag":[],"acf":[],"yoast_head":"<!-- This site is optimized with the Yoast SEO plugin v21.3 - https:\/\/yoast.com\/wordpress\/plugins\/seo\/ -->\n<title>Sneijder ob 2,3 milijona evrov - Hudo Slovenija<\/title>\n<meta name=\"robots\" content=\"index, follow, max-snippet:-1, max-image-preview:large, max-video-preview:-1\" \/>\n<link rel=\"canonical\" href=\"https:\/\/hudo.com\/si\/aktualno\/sneijder-ob-23-milijona-evrov\/\" \/>\n<meta property=\"og:locale\" content=\"sl_SI\" \/>\n<meta property=\"og:type\" content=\"article\" \/>\n<meta property=\"og:title\" content=\"Sneijder ob 2,3 milijona evrov - Hudo Slovenija\" \/>\n<meta property=\"og:description\" content=\"Kategorija: Nogomet Sat, 09 Jul 2016 08:43:00 +0200 Istanbul - Precej nenavaden na\u010din so izbrali pri Galatasarayju, da zni\u017eujejo stro\u0161ke. Tako so se odlo\u010dili, da bo Nizozemec Wesley Sneijder prejel kazen 2,3 milijona evrov, ker je v zadnji sezoni prejel preve\u010d rumenih kartonov. Znesek predstavlja pribli\u017eno polovico zneska, ki ga nogometa\u0161 prejme za vsako sezono. Tur\u0161ki mediji so poro\u010dali, da je Sneijder le eden od trinajstih igralcev Galatasarayja, ki so zaradi rumenih kartonov v zadnji sezoni prejeli kazen. Sam je sezono kon\u010dal pri 11 rumenih kaznih. &quot;Res mi je \u017eal za to. V tem trenutku ni mogo\u010de re\u010di, kaj se bo zgodilo. Po\u010dakali bomo in videli, kaj prinesejo prihodnji dnevi. Kazni ne posve\u010dam preve\u010d pozornosti,&quot; je za tur\u0161ko televizijo NTV dejal Sneijder. Nizozemski vezist ne izklju\u010duje mo\u017enosti, da se poslovi od tur\u0161kega velikana, ki letos zaradi kr\u0161itve finan\u010dnega fair playa\u00a0...\" \/>\n<meta property=\"og:url\" content=\"https:\/\/hudo.com\/si\/aktualno\/sneijder-ob-23-milijona-evrov\/\" \/>\n<meta property=\"og:site_name\" content=\"Hudo Slovenija\" \/>\n<meta property=\"article:publisher\" content=\"https:\/\/www.facebook.com\/hudo.si\" \/>\n<meta property=\"article:published_time\" content=\"2016-07-09T04:43:00+00:00\" \/>\n<meta property=\"article:modified_time\" content=\"2016-07-10T00:56:08+00:00\" \/>\n<meta property=\"og:image\" content=\"https:\/\/hudo.com\/si\/wp-content\/uploads\/sites\/2\/2016\/07\/480x290_Sport__djvu_1210559_sinisa__hires0.jpeg\" \/>\n\t<meta property=\"og:image:width\" content=\"480\" \/>\n\t<meta property=\"og:image:height\" content=\"290\" \/>\n\t<meta property=\"og:image:type\" content=\"image\/jpeg\" \/>\n<meta name=\"author\" content=\"hudo\" \/>\n<meta name=\"twitter:card\" content=\"summary_large_image\" \/>\n<meta name=\"twitter:creator\" content=\"@hudo_si\" \/>\n<meta name=\"twitter:site\" content=\"@hudo_si\" \/>\n<meta name=\"twitter:label1\" content=\"Written by\" \/>\n\t<meta name=\"twitter:data1\" content=\"hudo\" \/>\n\t<meta name=\"twitter:label2\" content=\"Est. reading time\" \/>\n\t<meta name=\"twitter:data2\" content=\"1 minuta\" \/>\n<script type=\"application\/ld+json\" class=\"yoast-schema-graph\">{\"@context\":\"https:\/\/schema.org\",\"@graph\":[{\"@type\":\"Article\",\"@id\":\"https:\/\/hudo.com\/si\/aktualno\/sneijder-ob-23-milijona-evrov\/#article\",\"isPartOf\":{\"@id\":\"https:\/\/hudo.com\/si\/aktualno\/sneijder-ob-23-milijona-evrov\/\"},\"author\":{\"name\":\"hudo\",\"@id\":\"https:\/\/hudo.com\/si\/#\/schema\/person\/601cf3379633985b20f7e50f2bb47707\"},\"headline\":\"Sneijder ob 2,3 milijona evrov\",\"datePublished\":\"2016-07-09T04:43:00+00:00\",\"dateModified\":\"2016-07-10T00:56:08+00:00\",\"mainEntityOfPage\":{\"@id\":\"https:\/\/hudo.com\/si\/aktualno\/sneijder-ob-23-milijona-evrov\/\"},\"wordCount\":156,\"publisher\":{\"@id\":\"https:\/\/hudo.com\/si\/#organization\"},\"articleSection\":[\"Aktualno\"],\"inLanguage\":\"sl-SI\"},{\"@type\":\"WebPage\",\"@id\":\"https:\/\/hudo.com\/si\/aktualno\/sneijder-ob-23-milijona-evrov\/\",\"url\":\"https:\/\/hudo.com\/si\/aktualno\/sneijder-ob-23-milijona-evrov\/\",\"name\":\"Sneijder ob 2,3 milijona evrov - Hudo Slovenija\",\"isPartOf\":{\"@id\":\"https:\/\/hudo.com\/si\/#website\"},\"datePublished\":\"2016-07-09T04:43:00+00:00\",\"dateModified\":\"2016-07-10T00:56:08+00:00\",\"breadcrumb\":{\"@id\":\"https:\/\/hudo.com\/si\/aktualno\/sneijder-ob-23-milijona-evrov\/#breadcrumb\"},\"inLanguage\":\"sl-SI\",\"potentialAction\":[{\"@type\":\"ReadAction\",\"target\":[\"https:\/\/hudo.com\/si\/aktualno\/sneijder-ob-23-milijona-evrov\/\"]}]},{\"@type\":\"BreadcrumbList\",\"@id\":\"https:\/\/hudo.com\/si\/aktualno\/sneijder-ob-23-milijona-evrov\/#breadcrumb\",\"itemListElement\":[{\"@type\":\"ListItem\",\"position\":1,\"name\":\"Home\",\"item\":\"https:\/\/hudo.com\/si\/\"},{\"@type\":\"ListItem\",\"position\":2,\"name\":\"Sneijder ob 2,3 milijona evrov\"}]},{\"@type\":\"WebSite\",\"@id\":\"https:\/\/hudo.com\/si\/#website\",\"url\":\"https:\/\/hudo.com\/si\/\",\"name\":\"Hudo Slovenija\",\"description\":\"Vse novice iz Slovenije in sveta\",\"publisher\":{\"@id\":\"https:\/\/hudo.com\/si\/#organization\"},\"potentialAction\":[{\"@type\":\"SearchAction\",\"target\":{\"@type\":\"EntryPoint\",\"urlTemplate\":\"https:\/\/hudo.com\/si\/?s={search_term_string}\"},\"query-input\":\"required name=search_term_string\"}],\"inLanguage\":\"sl-SI\"},{\"@type\":\"Organization\",\"@id\":\"https:\/\/hudo.com\/si\/#organization\",\"name\":\"VSN Media\",\"url\":\"https:\/\/hudo.com\/si\/\",\"logo\":{\"@type\":\"ImageObject\",\"inLanguage\":\"sl-SI\",\"@id\":\"https:\/\/hudo.com\/si\/#\/schema\/logo\/image\/\",\"url\":\"https:\/\/hudo.com\/si\/wp-content\/uploads\/sites\/2\/2021\/03\/hudo-app-2.png\",\"contentUrl\":\"https:\/\/hudo.com\/si\/wp-content\/uploads\/sites\/2\/2021\/03\/hudo-app-2.png\",\"width\":2185,\"height\":2167,\"caption\":\"VSN Media\"},\"image\":{\"@id\":\"https:\/\/hudo.com\/si\/#\/schema\/logo\/image\/\"},\"sameAs\":[\"https:\/\/www.facebook.com\/hudo.si\",\"https:\/\/twitter.com\/hudo_si\"]},{\"@type\":\"Person\",\"@id\":\"https:\/\/hudo.com\/si\/#\/schema\/person\/601cf3379633985b20f7e50f2bb47707\",\"name\":\"hudo\",\"image\":{\"@type\":\"ImageObject\",\"inLanguage\":\"sl-SI\",\"@id\":\"https:\/\/hudo.com\/si\/#\/schema\/person\/image\/\",\"url\":\"https:\/\/secure.gravatar.com\/avatar\/c4ca25fa72cace7a696b52ff5db9e095?s=96&d=mm&r=g\",\"contentUrl\":\"https:\/\/secure.gravatar.com\/avatar\/c4ca25fa72cace7a696b52ff5db9e095?s=96&d=mm&r=g\",\"caption\":\"hudo\"},\"url\":\"https:\/\/hudo.com\/si\/author\/hudo\/\"}]}<\/script>\n<!-- \/ Yoast SEO plugin. -->","yoast_head_json":{"title":"Sneijder ob 2,3 milijona evrov - Hudo Slovenija","robots":{"index":"index","follow":"follow","max-snippet":"max-snippet:-1","max-image-preview":"max-image-preview:large","max-video-preview":"max-video-preview:-1"},"canonical":"https:\/\/hudo.com\/si\/aktualno\/sneijder-ob-23-milijona-evrov\/","og_locale":"sl_SI","og_type":"article","og_title":"Sneijder ob 2,3 milijona evrov - Hudo Slovenija","og_description":"Kategorija: Nogomet Sat, 09 Jul 2016 08:43:00 +0200 Istanbul - Precej nenavaden na\u010din so izbrali pri Galatasarayju, da zni\u017eujejo stro\u0161ke. Tako so se odlo\u010dili, da bo Nizozemec Wesley Sneijder prejel kazen 2,3 milijona evrov, ker je v zadnji sezoni prejel preve\u010d rumenih kartonov. Znesek predstavlja pribli\u017eno polovico zneska, ki ga nogometa\u0161 prejme za vsako sezono. Tur\u0161ki mediji so poro\u010dali, da je Sneijder le eden od trinajstih igralcev Galatasarayja, ki so zaradi rumenih kartonov v zadnji sezoni prejeli kazen. Sam je sezono kon\u010dal pri 11 rumenih kaznih. \"Res mi je \u017eal za to. V tem trenutku ni mogo\u010de re\u010di, kaj se bo zgodilo. Po\u010dakali bomo in videli, kaj prinesejo prihodnji dnevi. Kazni ne posve\u010dam preve\u010d pozornosti,\" je za tur\u0161ko televizijo NTV dejal Sneijder. Nizozemski vezist ne izklju\u010duje mo\u017enosti, da se poslovi od tur\u0161kega velikana, ki letos zaradi kr\u0161itve finan\u010dnega fair playa\u00a0...","og_url":"https:\/\/hudo.com\/si\/aktualno\/sneijder-ob-23-milijona-evrov\/","og_site_name":"Hudo Slovenija","article_publisher":"https:\/\/www.facebook.com\/hudo.si","article_published_time":"2016-07-09T04:43:00+00:00","article_modified_time":"2016-07-10T00:56:08+00:00","og_image":[{"width":480,"height":290,"url":"https:\/\/hudo.com\/si\/wp-content\/uploads\/sites\/2\/2016\/07\/480x290_Sport__djvu_1210559_sinisa__hires0.jpeg","type":"image\/jpeg"}],"author":"hudo","twitter_card":"summary_large_image","twitter_creator":"@hudo_si","twitter_site":"@hudo_si","twitter_misc":{"Written by":"hudo","Est. reading time":"1 minuta"},"schema":{"@context":"https:\/\/schema.org","@graph":[{"@type":"Article","@id":"https:\/\/hudo.com\/si\/aktualno\/sneijder-ob-23-milijona-evrov\/#article","isPartOf":{"@id":"https:\/\/hudo.com\/si\/aktualno\/sneijder-ob-23-milijona-evrov\/"},"author":{"name":"hudo","@id":"https:\/\/hudo.com\/si\/#\/schema\/person\/601cf3379633985b20f7e50f2bb47707"},"headline":"Sneijder ob 2,3 milijona evrov","datePublished":"2016-07-09T04:43:00+00:00","dateModified":"2016-07-10T00:56:08+00:00","mainEntityOfPage":{"@id":"https:\/\/hudo.com\/si\/aktualno\/sneijder-ob-23-milijona-evrov\/"},"wordCount":156,"publisher":{"@id":"https:\/\/hudo.com\/si\/#organization"},"articleSection":["Aktualno"],"inLanguage":"sl-SI"},{"@type":"WebPage","@id":"https:\/\/hudo.com\/si\/aktualno\/sneijder-ob-23-milijona-evrov\/","url":"https:\/\/hudo.com\/si\/aktualno\/sneijder-ob-23-milijona-evrov\/","name":"Sneijder ob 2,3 milijona evrov - Hudo Slovenija","isPartOf":{"@id":"https:\/\/hudo.com\/si\/#website"},"datePublished":"2016-07-09T04:43:00+00:00","dateModified":"2016-07-10T00:56:08+00:00","breadcrumb":{"@id":"https:\/\/hudo.com\/si\/aktualno\/sneijder-ob-23-milijona-evrov\/#breadcrumb"},"inLanguage":"sl-SI","potentialAction":[{"@type":"ReadAction","target":["https:\/\/hudo.com\/si\/aktualno\/sneijder-ob-23-milijona-evrov\/"]}]},{"@type":"BreadcrumbList","@id":"https:\/\/hudo.com\/si\/aktualno\/sneijder-ob-23-milijona-evrov\/#breadcrumb","itemListElement":[{"@type":"ListItem","position":1,"name":"Home","item":"https:\/\/hudo.com\/si\/"},{"@type":"ListItem","position":2,"name":"Sneijder ob 2,3 milijona evrov"}]},{"@type":"WebSite","@id":"https:\/\/hudo.com\/si\/#website","url":"https:\/\/hudo.com\/si\/","name":"Hudo Slovenija","description":"Vse novice iz Slovenije in sveta","publisher":{"@id":"https:\/\/hudo.com\/si\/#organization"},"potentialAction":[{"@type":"SearchAction","target":{"@type":"EntryPoint","urlTemplate":"https:\/\/hudo.com\/si\/?s={search_term_string}"},"query-input":"required name=search_term_string"}],"inLanguage":"sl-SI"},{"@type":"Organization","@id":"https:\/\/hudo.com\/si\/#organization","name":"VSN Media","url":"https:\/\/hudo.com\/si\/","logo":{"@type":"ImageObject","inLanguage":"sl-SI","@id":"https:\/\/hudo.com\/si\/#\/schema\/logo\/image\/","url":"https:\/\/hudo.com\/si\/wp-content\/uploads\/sites\/2\/2021\/03\/hudo-app-2.png","contentUrl":"https:\/\/hudo.com\/si\/wp-content\/uploads\/sites\/2\/2021\/03\/hudo-app-2.png","width":2185,"height":2167,"caption":"VSN Media"},"image":{"@id":"https:\/\/hudo.com\/si\/#\/schema\/logo\/image\/"},"sameAs":["https:\/\/www.facebook.com\/hudo.si","https:\/\/twitter.com\/hudo_si"]},{"@type":"Person","@id":"https:\/\/hudo.com\/si\/#\/schema\/person\/601cf3379633985b20f7e50f2bb47707","name":"hudo","image":{"@type":"ImageObject","inLanguage":"sl-SI","@id":"https:\/\/hudo.com\/si\/#\/schema\/person\/image\/","url":"https:\/\/secure.gravatar.com\/avatar\/c4ca25fa72cace7a696b52ff5db9e095?s=96&d=mm&r=g","contentUrl":"https:\/\/secure.gravatar.com\/avatar\/c4ca25fa72cace7a696b52ff5db9e095?s=96&d=mm&r=g","caption":"hudo"},"url":"https:\/\/hudo.com\/si\/author\/hudo\/"}]}},"amp_enabled":true,"_links":{"self":[{"href":"https:\/\/hudo.com\/si\/wp-json\/wp\/v2\/posts\/91500"}],"collection":[{"href":"https:\/\/hudo.com\/si\/wp-json\/wp\/v2\/posts"}],"about":[{"href":"https:\/\/hudo.com\/si\/wp-json\/wp\/v2\/types\/post"}],"author":[{"embeddable":true,"href":"https:\/\/hudo.com\/si\/wp-json\/wp\/v2\/users\/1"}],"replies":[{"embeddable":true,"href":"https:\/\/hudo.com\/si\/wp-json\/wp\/v2\/comments?post=91500"}],"version-history":[{"count":1,"href":"https:\/\/hudo.com\/si\/wp-json\/wp\/v2\/posts\/91500\/revisions"}],"predecessor-version":[{"id":91669,"href":"https:\/\/hudo.com\/si\/wp-json\/wp\/v2\/posts\/91500\/revisions\/91669"}],"wp:attachment":[{"href":"https:\/\/hudo.com\/si\/wp-json\/wp\/v2\/media?parent=91500"}],"wp:term":[{"taxonomy":"category","embeddable":true,"href":"https:\/\/hudo.com\/si\/wp-json\/wp\/v2\/categories?post=91500"},{"taxonomy":"post_tag","embeddable":true,"href":"https:\/\/hudo.com\/si\/wp-json\/wp\/v2\/tags?post=91500"},{"taxonomy":"source","embeddable":true,"href":"https:\/\/hudo.com\/si\/wp-json\/wp\/v2\/source?post=91500"},{"taxonomy":"supertag","embeddable":true,"href":"https:\/\/hudo.com\/si\/wp-json\/wp\/v2\/supertag?post=91500"}],"curies":[{"name":"wp","href":"https:\/\/api.w.org\/{rel}","templated":true}]}}