{"id":91504,"date":"2016-07-09T06:34:00","date_gmt":"2016-07-09T04:34:00","guid":{"rendered":"http:\/\/hudo.com\/si\/2016\/07\/09\/bolt-z-nekdanjim-zdravnikom-fc-bayerna\/"},"modified":"2016-07-09T06:34:00","modified_gmt":"2016-07-09T04:34:00","slug":"bolt-z-nekdanjim-zdravnikom-fc-bayerna","status":"publish","type":"post","link":"https:\/\/hudo.com\/si\/aktualno\/bolt-z-nekdanjim-zdravnikom-fc-bayerna\/","title":{"rendered":"Bolt z nekdanjim zdravnikom FC Bayerna"},"content":{"rendered":"<p>Kategorija: Drugi \u0161porti Sat, 09 Jul 2016 08:34:00 +0200  Kingston &#8211; Aktualni olimpijski in svetovni prvak v teku na 100 in 200 metrov Usain Bolt bo kljub po\u0161kodbi stegenske mi\u0161ice na levi nogi uvr\u0161\u010den na uradni seznam jamaj\u0161ke olimpijske odprave za poletne olimpijske igre, ki se bodo 5. avgusta za\u010dele v Rio de Janeiru, je v petek objavil jamaj\u0161ki dnevnik Gleaner s sede\u017eem v Kingstonu. Najhitrej\u0161i \u010dlovek na svetu se je po\u0161kodoval na jamaj\u0161kem atletskem prvenstvu v Kingstonu, na katerem so hkrati potekale kvalifikacije za olimpijski nastop v Riu. Bolt je bole\u010dine za\u010dutil \u017ee v polfinalu, po dogovoru z zdravnikom, ki je diagnosticiral prvostopenjsko natrganino mi\u0161ice, pa je nato izpustil finalni nastop v sprintu na 100 metrov. V njegovi odsotnosti je slavil Yohan Blake (9,95), stotinko sekunde je bil po\u010dasnej\u0161i Nickel Ashmeade. Generalni sekretar jamaj\u0161ke atletske zveze Garth Gayle je takoj po\u00a0&#8230;<\/p>\n","protected":false},"excerpt":{"rendered":"<p>Kategorija: Drugi \u0161porti Sat, 09 Jul 2016 08:34:00 +0200  Kingston &#8211; Aktualni olimpijski in svetovni prvak v teku na 100 in 200 metrov Usain Bolt bo kljub po\u0161kodbi stegenske mi\u0161ice na levi nogi uvr\u0161\u010den na uradni seznam jamaj\u0161ke olimpijske odprave za poletne olimpijske igre, ki se bodo 5. avgusta za\u010dele v Rio de Janeiru, je v petek objavil jamaj\u0161ki dnevnik Gleaner s sede\u017eem v Kingstonu. Najhitrej\u0161i \u010dlovek na svetu se je po\u0161kodoval na jamaj\u0161kem atletskem prvenstvu v Kingstonu, na katerem so hkrati potekale kvalifikacije za olimpijski nastop v Riu. Bolt je bole\u010dine za\u010dutil \u017ee v polfinalu, po dogovoru z zdravnikom, ki je diagnosticiral prvostopenjsko natrganino mi\u0161ice, pa je nato izpustil finalni nastop v sprintu na 100 metrov. V njegovi odsotnosti je slavil Yohan Blake (9,95), stotinko sekunde je bil po\u010dasnej\u0161i Nickel Ashmeade. Generalni sekretar jamaj\u0161ke atletske zveze Garth Gayle je takoj po\u00a0&#8230;<\/p>\n","protected":false},"author":1,"featured_media":0,"comment_status":"closed","ping_status":"closed","sticky":false,"template":"","format":"standard","meta":{"footnotes":""},"categories":[1179],"tags":[],"source":[4511],"supertag":[],"acf":[],"yoast_head":"<!-- This site is optimized with the Yoast SEO plugin v21.3 - https:\/\/yoast.com\/wordpress\/plugins\/seo\/ -->\n<title>Bolt z nekdanjim zdravnikom FC Bayerna - Hudo Slovenija<\/title>\n<meta name=\"robots\" content=\"index, follow, max-snippet:-1, max-image-preview:large, max-video-preview:-1\" \/>\n<link rel=\"canonical\" href=\"https:\/\/hudo.com\/si\/aktualno\/bolt-z-nekdanjim-zdravnikom-fc-bayerna\/\" \/>\n<meta property=\"og:locale\" content=\"sl_SI\" \/>\n<meta property=\"og:type\" content=\"article\" \/>\n<meta property=\"og:title\" content=\"Bolt z nekdanjim zdravnikom FC Bayerna - Hudo Slovenija\" \/>\n<meta property=\"og:description\" content=\"Kategorija: Drugi \u0161porti Sat, 09 Jul 2016 08:34:00 +0200 Kingston - Aktualni olimpijski in svetovni prvak v teku na 100 in 200 metrov Usain Bolt bo kljub po\u0161kodbi stegenske mi\u0161ice na levi nogi uvr\u0161\u010den na uradni seznam jamaj\u0161ke olimpijske odprave za poletne olimpijske igre, ki se bodo 5. avgusta za\u010dele v Rio de Janeiru, je v petek objavil jamaj\u0161ki dnevnik Gleaner s sede\u017eem v Kingstonu. Najhitrej\u0161i \u010dlovek na svetu se je po\u0161kodoval na jamaj\u0161kem atletskem prvenstvu v Kingstonu, na katerem so hkrati potekale kvalifikacije za olimpijski nastop v Riu. Bolt je bole\u010dine za\u010dutil \u017ee v polfinalu, po dogovoru z zdravnikom, ki je diagnosticiral prvostopenjsko natrganino mi\u0161ice, pa je nato izpustil finalni nastop v sprintu na 100 metrov. V njegovi odsotnosti je slavil Yohan Blake (9,95), stotinko sekunde je bil po\u010dasnej\u0161i Nickel Ashmeade. Generalni sekretar jamaj\u0161ke atletske zveze Garth Gayle je takoj po\u00a0...\" \/>\n<meta property=\"og:url\" content=\"https:\/\/hudo.com\/si\/aktualno\/bolt-z-nekdanjim-zdravnikom-fc-bayerna\/\" \/>\n<meta property=\"og:site_name\" content=\"Hudo Slovenija\" \/>\n<meta property=\"article:publisher\" content=\"https:\/\/www.facebook.com\/hudo.si\" \/>\n<meta property=\"article:published_time\" content=\"2016-07-09T04:34:00+00:00\" \/>\n<meta property=\"og:image\" content=\"https:\/\/hudo.com\/si\/wp-content\/uploads\/sites\/2\/2016\/07\/480x290_djvu_2168634_janezp_reu-ATHLETICS-WORLD-1.jpeg\" \/>\n\t<meta property=\"og:image:width\" content=\"480\" \/>\n\t<meta property=\"og:image:height\" content=\"290\" \/>\n\t<meta property=\"og:image:type\" content=\"image\/jpeg\" \/>\n<meta name=\"author\" content=\"hudo\" \/>\n<meta name=\"twitter:card\" content=\"summary_large_image\" \/>\n<meta name=\"twitter:creator\" content=\"@hudo_si\" \/>\n<meta name=\"twitter:site\" content=\"@hudo_si\" \/>\n<meta name=\"twitter:label1\" content=\"Written by\" \/>\n\t<meta name=\"twitter:data1\" content=\"hudo\" \/>\n\t<meta name=\"twitter:label2\" content=\"Est. reading time\" \/>\n\t<meta name=\"twitter:data2\" content=\"1 minuta\" \/>\n<script type=\"application\/ld+json\" class=\"yoast-schema-graph\">{\"@context\":\"https:\/\/schema.org\",\"@graph\":[{\"@type\":\"Article\",\"@id\":\"https:\/\/hudo.com\/si\/aktualno\/bolt-z-nekdanjim-zdravnikom-fc-bayerna\/#article\",\"isPartOf\":{\"@id\":\"https:\/\/hudo.com\/si\/aktualno\/bolt-z-nekdanjim-zdravnikom-fc-bayerna\/\"},\"author\":{\"name\":\"hudo\",\"@id\":\"https:\/\/hudo.com\/si\/#\/schema\/person\/601cf3379633985b20f7e50f2bb47707\"},\"headline\":\"Bolt z nekdanjim zdravnikom FC Bayerna\",\"datePublished\":\"2016-07-09T04:34:00+00:00\",\"dateModified\":\"2016-07-09T04:34:00+00:00\",\"mainEntityOfPage\":{\"@id\":\"https:\/\/hudo.com\/si\/aktualno\/bolt-z-nekdanjim-zdravnikom-fc-bayerna\/\"},\"wordCount\":155,\"publisher\":{\"@id\":\"https:\/\/hudo.com\/si\/#organization\"},\"articleSection\":[\"Aktualno\"],\"inLanguage\":\"sl-SI\"},{\"@type\":\"WebPage\",\"@id\":\"https:\/\/hudo.com\/si\/aktualno\/bolt-z-nekdanjim-zdravnikom-fc-bayerna\/\",\"url\":\"https:\/\/hudo.com\/si\/aktualno\/bolt-z-nekdanjim-zdravnikom-fc-bayerna\/\",\"name\":\"Bolt z nekdanjim zdravnikom FC Bayerna - Hudo Slovenija\",\"isPartOf\":{\"@id\":\"https:\/\/hudo.com\/si\/#website\"},\"datePublished\":\"2016-07-09T04:34:00+00:00\",\"dateModified\":\"2016-07-09T04:34:00+00:00\",\"breadcrumb\":{\"@id\":\"https:\/\/hudo.com\/si\/aktualno\/bolt-z-nekdanjim-zdravnikom-fc-bayerna\/#breadcrumb\"},\"inLanguage\":\"sl-SI\",\"potentialAction\":[{\"@type\":\"ReadAction\",\"target\":[\"https:\/\/hudo.com\/si\/aktualno\/bolt-z-nekdanjim-zdravnikom-fc-bayerna\/\"]}]},{\"@type\":\"BreadcrumbList\",\"@id\":\"https:\/\/hudo.com\/si\/aktualno\/bolt-z-nekdanjim-zdravnikom-fc-bayerna\/#breadcrumb\",\"itemListElement\":[{\"@type\":\"ListItem\",\"position\":1,\"name\":\"Home\",\"item\":\"https:\/\/hudo.com\/si\/\"},{\"@type\":\"ListItem\",\"position\":2,\"name\":\"Bolt z nekdanjim zdravnikom FC Bayerna\"}]},{\"@type\":\"WebSite\",\"@id\":\"https:\/\/hudo.com\/si\/#website\",\"url\":\"https:\/\/hudo.com\/si\/\",\"name\":\"Hudo Slovenija\",\"description\":\"Vse novice iz Slovenije in sveta\",\"publisher\":{\"@id\":\"https:\/\/hudo.com\/si\/#organization\"},\"potentialAction\":[{\"@type\":\"SearchAction\",\"target\":{\"@type\":\"EntryPoint\",\"urlTemplate\":\"https:\/\/hudo.com\/si\/?s={search_term_string}\"},\"query-input\":\"required name=search_term_string\"}],\"inLanguage\":\"sl-SI\"},{\"@type\":\"Organization\",\"@id\":\"https:\/\/hudo.com\/si\/#organization\",\"name\":\"VSN Media\",\"url\":\"https:\/\/hudo.com\/si\/\",\"logo\":{\"@type\":\"ImageObject\",\"inLanguage\":\"sl-SI\",\"@id\":\"https:\/\/hudo.com\/si\/#\/schema\/logo\/image\/\",\"url\":\"https:\/\/hudo.com\/si\/wp-content\/uploads\/sites\/2\/2021\/03\/hudo-app-2.png\",\"contentUrl\":\"https:\/\/hudo.com\/si\/wp-content\/uploads\/sites\/2\/2021\/03\/hudo-app-2.png\",\"width\":2185,\"height\":2167,\"caption\":\"VSN Media\"},\"image\":{\"@id\":\"https:\/\/hudo.com\/si\/#\/schema\/logo\/image\/\"},\"sameAs\":[\"https:\/\/www.facebook.com\/hudo.si\",\"https:\/\/twitter.com\/hudo_si\"]},{\"@type\":\"Person\",\"@id\":\"https:\/\/hudo.com\/si\/#\/schema\/person\/601cf3379633985b20f7e50f2bb47707\",\"name\":\"hudo\",\"image\":{\"@type\":\"ImageObject\",\"inLanguage\":\"sl-SI\",\"@id\":\"https:\/\/hudo.com\/si\/#\/schema\/person\/image\/\",\"url\":\"https:\/\/secure.gravatar.com\/avatar\/c4ca25fa72cace7a696b52ff5db9e095?s=96&d=mm&r=g\",\"contentUrl\":\"https:\/\/secure.gravatar.com\/avatar\/c4ca25fa72cace7a696b52ff5db9e095?s=96&d=mm&r=g\",\"caption\":\"hudo\"},\"url\":\"https:\/\/hudo.com\/si\/author\/hudo\/\"}]}<\/script>\n<!-- \/ Yoast SEO plugin. -->","yoast_head_json":{"title":"Bolt z nekdanjim zdravnikom FC Bayerna - Hudo Slovenija","robots":{"index":"index","follow":"follow","max-snippet":"max-snippet:-1","max-image-preview":"max-image-preview:large","max-video-preview":"max-video-preview:-1"},"canonical":"https:\/\/hudo.com\/si\/aktualno\/bolt-z-nekdanjim-zdravnikom-fc-bayerna\/","og_locale":"sl_SI","og_type":"article","og_title":"Bolt z nekdanjim zdravnikom FC Bayerna - Hudo Slovenija","og_description":"Kategorija: Drugi \u0161porti Sat, 09 Jul 2016 08:34:00 +0200 Kingston - Aktualni olimpijski in svetovni prvak v teku na 100 in 200 metrov Usain Bolt bo kljub po\u0161kodbi stegenske mi\u0161ice na levi nogi uvr\u0161\u010den na uradni seznam jamaj\u0161ke olimpijske odprave za poletne olimpijske igre, ki se bodo 5. avgusta za\u010dele v Rio de Janeiru, je v petek objavil jamaj\u0161ki dnevnik Gleaner s sede\u017eem v Kingstonu. Najhitrej\u0161i \u010dlovek na svetu se je po\u0161kodoval na jamaj\u0161kem atletskem prvenstvu v Kingstonu, na katerem so hkrati potekale kvalifikacije za olimpijski nastop v Riu. Bolt je bole\u010dine za\u010dutil \u017ee v polfinalu, po dogovoru z zdravnikom, ki je diagnosticiral prvostopenjsko natrganino mi\u0161ice, pa je nato izpustil finalni nastop v sprintu na 100 metrov. V njegovi odsotnosti je slavil Yohan Blake (9,95), stotinko sekunde je bil po\u010dasnej\u0161i Nickel Ashmeade. Generalni sekretar jamaj\u0161ke atletske zveze Garth Gayle je takoj po\u00a0...","og_url":"https:\/\/hudo.com\/si\/aktualno\/bolt-z-nekdanjim-zdravnikom-fc-bayerna\/","og_site_name":"Hudo Slovenija","article_publisher":"https:\/\/www.facebook.com\/hudo.si","article_published_time":"2016-07-09T04:34:00+00:00","og_image":[{"width":480,"height":290,"url":"https:\/\/hudo.com\/si\/wp-content\/uploads\/sites\/2\/2016\/07\/480x290_djvu_2168634_janezp_reu-ATHLETICS-WORLD-1.jpeg","type":"image\/jpeg"}],"author":"hudo","twitter_card":"summary_large_image","twitter_creator":"@hudo_si","twitter_site":"@hudo_si","twitter_misc":{"Written by":"hudo","Est. reading time":"1 minuta"},"schema":{"@context":"https:\/\/schema.org","@graph":[{"@type":"Article","@id":"https:\/\/hudo.com\/si\/aktualno\/bolt-z-nekdanjim-zdravnikom-fc-bayerna\/#article","isPartOf":{"@id":"https:\/\/hudo.com\/si\/aktualno\/bolt-z-nekdanjim-zdravnikom-fc-bayerna\/"},"author":{"name":"hudo","@id":"https:\/\/hudo.com\/si\/#\/schema\/person\/601cf3379633985b20f7e50f2bb47707"},"headline":"Bolt z nekdanjim zdravnikom FC Bayerna","datePublished":"2016-07-09T04:34:00+00:00","dateModified":"2016-07-09T04:34:00+00:00","mainEntityOfPage":{"@id":"https:\/\/hudo.com\/si\/aktualno\/bolt-z-nekdanjim-zdravnikom-fc-bayerna\/"},"wordCount":155,"publisher":{"@id":"https:\/\/hudo.com\/si\/#organization"},"articleSection":["Aktualno"],"inLanguage":"sl-SI"},{"@type":"WebPage","@id":"https:\/\/hudo.com\/si\/aktualno\/bolt-z-nekdanjim-zdravnikom-fc-bayerna\/","url":"https:\/\/hudo.com\/si\/aktualno\/bolt-z-nekdanjim-zdravnikom-fc-bayerna\/","name":"Bolt z nekdanjim zdravnikom FC Bayerna - Hudo Slovenija","isPartOf":{"@id":"https:\/\/hudo.com\/si\/#website"},"datePublished":"2016-07-09T04:34:00+00:00","dateModified":"2016-07-09T04:34:00+00:00","breadcrumb":{"@id":"https:\/\/hudo.com\/si\/aktualno\/bolt-z-nekdanjim-zdravnikom-fc-bayerna\/#breadcrumb"},"inLanguage":"sl-SI","potentialAction":[{"@type":"ReadAction","target":["https:\/\/hudo.com\/si\/aktualno\/bolt-z-nekdanjim-zdravnikom-fc-bayerna\/"]}]},{"@type":"BreadcrumbList","@id":"https:\/\/hudo.com\/si\/aktualno\/bolt-z-nekdanjim-zdravnikom-fc-bayerna\/#breadcrumb","itemListElement":[{"@type":"ListItem","position":1,"name":"Home","item":"https:\/\/hudo.com\/si\/"},{"@type":"ListItem","position":2,"name":"Bolt z nekdanjim zdravnikom FC Bayerna"}]},{"@type":"WebSite","@id":"https:\/\/hudo.com\/si\/#website","url":"https:\/\/hudo.com\/si\/","name":"Hudo Slovenija","description":"Vse novice iz Slovenije in sveta","publisher":{"@id":"https:\/\/hudo.com\/si\/#organization"},"potentialAction":[{"@type":"SearchAction","target":{"@type":"EntryPoint","urlTemplate":"https:\/\/hudo.com\/si\/?s={search_term_string}"},"query-input":"required name=search_term_string"}],"inLanguage":"sl-SI"},{"@type":"Organization","@id":"https:\/\/hudo.com\/si\/#organization","name":"VSN Media","url":"https:\/\/hudo.com\/si\/","logo":{"@type":"ImageObject","inLanguage":"sl-SI","@id":"https:\/\/hudo.com\/si\/#\/schema\/logo\/image\/","url":"https:\/\/hudo.com\/si\/wp-content\/uploads\/sites\/2\/2021\/03\/hudo-app-2.png","contentUrl":"https:\/\/hudo.com\/si\/wp-content\/uploads\/sites\/2\/2021\/03\/hudo-app-2.png","width":2185,"height":2167,"caption":"VSN Media"},"image":{"@id":"https:\/\/hudo.com\/si\/#\/schema\/logo\/image\/"},"sameAs":["https:\/\/www.facebook.com\/hudo.si","https:\/\/twitter.com\/hudo_si"]},{"@type":"Person","@id":"https:\/\/hudo.com\/si\/#\/schema\/person\/601cf3379633985b20f7e50f2bb47707","name":"hudo","image":{"@type":"ImageObject","inLanguage":"sl-SI","@id":"https:\/\/hudo.com\/si\/#\/schema\/person\/image\/","url":"https:\/\/secure.gravatar.com\/avatar\/c4ca25fa72cace7a696b52ff5db9e095?s=96&d=mm&r=g","contentUrl":"https:\/\/secure.gravatar.com\/avatar\/c4ca25fa72cace7a696b52ff5db9e095?s=96&d=mm&r=g","caption":"hudo"},"url":"https:\/\/hudo.com\/si\/author\/hudo\/"}]}},"amp_enabled":true,"_links":{"self":[{"href":"https:\/\/hudo.com\/si\/wp-json\/wp\/v2\/posts\/91504"}],"collection":[{"href":"https:\/\/hudo.com\/si\/wp-json\/wp\/v2\/posts"}],"about":[{"href":"https:\/\/hudo.com\/si\/wp-json\/wp\/v2\/types\/post"}],"author":[{"embeddable":true,"href":"https:\/\/hudo.com\/si\/wp-json\/wp\/v2\/users\/1"}],"replies":[{"embeddable":true,"href":"https:\/\/hudo.com\/si\/wp-json\/wp\/v2\/comments?post=91504"}],"version-history":[{"count":0,"href":"https:\/\/hudo.com\/si\/wp-json\/wp\/v2\/posts\/91504\/revisions"}],"wp:attachment":[{"href":"https:\/\/hudo.com\/si\/wp-json\/wp\/v2\/media?parent=91504"}],"wp:term":[{"taxonomy":"category","embeddable":true,"href":"https:\/\/hudo.com\/si\/wp-json\/wp\/v2\/categories?post=91504"},{"taxonomy":"post_tag","embeddable":true,"href":"https:\/\/hudo.com\/si\/wp-json\/wp\/v2\/tags?post=91504"},{"taxonomy":"source","embeddable":true,"href":"https:\/\/hudo.com\/si\/wp-json\/wp\/v2\/source?post=91504"},{"taxonomy":"supertag","embeddable":true,"href":"https:\/\/hudo.com\/si\/wp-json\/wp\/v2\/supertag?post=91504"}],"curies":[{"name":"wp","href":"https:\/\/api.w.org\/{rel}","templated":true}]}}