{"id":91508,"date":"2016-07-09T06:12:00","date_gmt":"2016-07-09T04:12:00","guid":{"rendered":"http:\/\/hudo.com\/si\/2016\/07\/09\/v-varsavi-se-bo-koncal-zgodovinski-vrh-nata\/"},"modified":"2016-07-09T06:12:00","modified_gmt":"2016-07-09T04:12:00","slug":"v-varsavi-se-bo-koncal-zgodovinski-vrh-nata","status":"publish","type":"post","link":"https:\/\/hudo.com\/si\/aktualno\/v-varsavi-se-bo-koncal-zgodovinski-vrh-nata\/","title":{"rendered":"V Var\u0161avi se bo kon\u010dal zgodovinski vrh Nata"},"content":{"rendered":"<p>V Var\u0161avi se bo danes kon\u010dal dvodnevni vrh zveze Nato, na katerem so voditelji 28 dr\u017eav \u010dlanic potrdili zgodovinsko odlo\u010ditev o krepitvi voja\u0161ke navzo\u010dnosti na vzhodnih mejah zavezni\u0161tva. Danes se bodo lo\u010deno sestali z afganistanskim predsednikom A\u0161rafom Ganijem in ukrajinskim predsednikom Petrom Poro\u0161enkom. Pri\u010dakovati je, da bodo voditelji Nata izrazili podporo nadaljnjim naporom za izbolj\u0161anje varnostnih razmer v Afganistanu. Situacija se tam namre\u010d ne izbolj\u0161uje, afganistanske varnostne sile pa \u0161e vedno potrebujejo finan\u010dno in tehni\u010dno pomo\u010d pri usposabljanju. Na zasedanju komisije Nato-Ukrajina pa bo zavezni\u0161tvo po pri\u010dakovanjih potrdilo podporo neodvisnosti, suverenosti in ozemeljski celovitosti Ukrajine. Nato ne priznava ruske priklju\u010ditve polotoka Krim in poziva vpletene strani k polnemu uresni\u010devanju mirovnih sporazumov iz Minska. Voditelji Nata so prvi dan zasedanja potrdili napotitev \u0161tirih bataljonov z okoli 4000 vojaki v Estonijo, Latvijo, Litvo in na Poljsko. Nato s krepitvijo voja\u0161ke navzo\u010dnosti na svojih vzhodnih mejah odgovarja na gro\u017enjo, ki jo predstavlja Rusija. Bataljoni &#8220;izkazujejo mo\u010d \u010dezatlantskih vezi in dajejo jasno vedeti, da bi bil napad na eno zaveznico napad na celotno zavezni\u0161tvo&#8221;, je poudaril generalni sekretar Nata Jens Stoltenberg, ki je var\u0161avski vrh ozna\u010dil za zgodovinskega in prelomnega. Rusija ostro nasprotuje krepitvi Nata v svojih nekdanjih sovjetskih satelitih in v tem vidi gro\u017enjo svoji varnosti, ki terja ustrezen odgovor.Svet<\/p>\n","protected":false},"excerpt":{"rendered":"<p>V Var\u0161avi se bo danes kon\u010dal dvodnevni vrh zveze Nato, na katerem so voditelji 28 dr\u017eav \u010dlanic potrdili zgodovinsko odlo\u010ditev o krepitvi voja\u0161ke navzo\u010dnosti na vzhodnih mejah zavezni\u0161tva. Danes se bodo lo\u010deno sestali z afganistanskim predsednikom A\u0161rafom Ganijem in ukrajinskim predsednikom Petrom Poro\u0161enkom. Pri\u010dakovati je, da bodo voditelji Nata izrazili podporo nadaljnjim naporom za izbolj\u0161anje varnostnih razmer v Afganistanu. Situacija se tam namre\u010d ne izbolj\u0161uje, afganistanske varnostne sile pa \u0161e vedno potrebujejo finan\u010dno in tehni\u010dno pomo\u010d pri usposabljanju. Na zasedanju komisije Nato-Ukrajina pa bo zavezni\u0161tvo po pri\u010dakovanjih potrdilo podporo neodvisnosti, suverenosti in ozemeljski celovitosti Ukrajine. Nato ne priznava ruske priklju\u010ditve polotoka Krim in poziva vpletene strani k polnemu uresni\u010devanju mirovnih sporazumov iz Minska. Voditelji Nata so prvi dan zasedanja potrdili napotitev \u0161tirih bataljonov z okoli 4000 vojaki v Estonijo, Latvijo, Litvo in na Poljsko. Nato s krepitvijo voja\u0161ke navzo\u010dnosti na svojih vzhodnih mejah odgovarja na gro\u017enjo, ki jo predstavlja Rusija. Bataljoni &#8220;izkazujejo mo\u010d \u010dezatlantskih vezi in dajejo jasno vedeti, da bi bil napad na eno zaveznico napad na celotno zavezni\u0161tvo&#8221;, je poudaril generalni sekretar Nata Jens Stoltenberg, ki je var\u0161avski vrh ozna\u010dil za zgodovinskega in prelomnega. Rusija ostro nasprotuje krepitvi Nata v svojih nekdanjih sovjetskih satelitih in v tem vidi gro\u017enjo svoji varnosti, ki terja ustrezen odgovor.Svet<\/p>\n","protected":false},"author":1,"featured_media":0,"comment_status":"closed","ping_status":"closed","sticky":false,"template":"","format":"standard","meta":{"footnotes":""},"categories":[1179],"tags":[],"source":[1711],"supertag":[],"acf":[],"yoast_head":"<!-- This site is optimized with the Yoast SEO plugin v21.3 - https:\/\/yoast.com\/wordpress\/plugins\/seo\/ -->\n<title>V Var\u0161avi se bo kon\u010dal zgodovinski vrh Nata - Hudo Slovenija<\/title>\n<meta name=\"robots\" content=\"index, follow, max-snippet:-1, max-image-preview:large, max-video-preview:-1\" \/>\n<link rel=\"canonical\" href=\"https:\/\/hudo.com\/si\/aktualno\/v-varsavi-se-bo-koncal-zgodovinski-vrh-nata\/\" \/>\n<meta property=\"og:locale\" content=\"sl_SI\" \/>\n<meta property=\"og:type\" content=\"article\" \/>\n<meta property=\"og:title\" content=\"V Var\u0161avi se bo kon\u010dal zgodovinski vrh Nata - Hudo Slovenija\" \/>\n<meta property=\"og:description\" content=\"V Var\u0161avi se bo danes kon\u010dal dvodnevni vrh zveze Nato, na katerem so voditelji 28 dr\u017eav \u010dlanic potrdili zgodovinsko odlo\u010ditev o krepitvi voja\u0161ke navzo\u010dnosti na vzhodnih mejah zavezni\u0161tva. Danes se bodo lo\u010deno sestali z afganistanskim predsednikom A\u0161rafom Ganijem in ukrajinskim predsednikom Petrom Poro\u0161enkom. Pri\u010dakovati je, da bodo voditelji Nata izrazili podporo nadaljnjim naporom za izbolj\u0161anje varnostnih razmer v Afganistanu. Situacija se tam namre\u010d ne izbolj\u0161uje, afganistanske varnostne sile pa \u0161e vedno potrebujejo finan\u010dno in tehni\u010dno pomo\u010d pri usposabljanju. Na zasedanju komisije Nato-Ukrajina pa bo zavezni\u0161tvo po pri\u010dakovanjih potrdilo podporo neodvisnosti, suverenosti in ozemeljski celovitosti Ukrajine. Nato ne priznava ruske priklju\u010ditve polotoka Krim in poziva vpletene strani k polnemu uresni\u010devanju mirovnih sporazumov iz Minska. Voditelji Nata so prvi dan zasedanja potrdili napotitev \u0161tirih bataljonov z okoli 4000 vojaki v Estonijo, Latvijo, Litvo in na Poljsko. Nato s krepitvijo voja\u0161ke navzo\u010dnosti na svojih vzhodnih mejah odgovarja na gro\u017enjo, ki jo predstavlja Rusija. Bataljoni &quot;izkazujejo mo\u010d \u010dezatlantskih vezi in dajejo jasno vedeti, da bi bil napad na eno zaveznico napad na celotno zavezni\u0161tvo&quot;, je poudaril generalni sekretar Nata Jens Stoltenberg, ki je var\u0161avski vrh ozna\u010dil za zgodovinskega in prelomnega. Rusija ostro nasprotuje krepitvi Nata v svojih nekdanjih sovjetskih satelitih in v tem vidi gro\u017enjo svoji varnosti, ki terja ustrezen odgovor.Svet\" \/>\n<meta property=\"og:url\" content=\"https:\/\/hudo.com\/si\/aktualno\/v-varsavi-se-bo-koncal-zgodovinski-vrh-nata\/\" \/>\n<meta property=\"og:site_name\" content=\"Hudo Slovenija\" \/>\n<meta property=\"article:publisher\" content=\"https:\/\/www.facebook.com\/hudo.si\" \/>\n<meta property=\"article:published_time\" content=\"2016-07-09T04:12:00+00:00\" \/>\n<meta property=\"og:image\" content=\"https:\/\/hudo.com\/si\/wp-content\/uploads\/sites\/2\/2016\/07\/05416105-300.jpg\" \/>\n\t<meta property=\"og:image:width\" content=\"450\" \/>\n\t<meta property=\"og:image:height\" content=\"276\" \/>\n\t<meta property=\"og:image:type\" content=\"image\/jpeg\" \/>\n<meta name=\"author\" content=\"hudo\" \/>\n<meta name=\"twitter:card\" content=\"summary_large_image\" \/>\n<meta name=\"twitter:creator\" content=\"@hudo_si\" \/>\n<meta name=\"twitter:site\" content=\"@hudo_si\" \/>\n<meta name=\"twitter:label1\" content=\"Written by\" \/>\n\t<meta name=\"twitter:data1\" content=\"hudo\" \/>\n\t<meta name=\"twitter:label2\" content=\"Est. reading time\" \/>\n\t<meta name=\"twitter:data2\" content=\"1 minuta\" \/>\n<script type=\"application\/ld+json\" class=\"yoast-schema-graph\">{\"@context\":\"https:\/\/schema.org\",\"@graph\":[{\"@type\":\"Article\",\"@id\":\"https:\/\/hudo.com\/si\/aktualno\/v-varsavi-se-bo-koncal-zgodovinski-vrh-nata\/#article\",\"isPartOf\":{\"@id\":\"https:\/\/hudo.com\/si\/aktualno\/v-varsavi-se-bo-koncal-zgodovinski-vrh-nata\/\"},\"author\":{\"name\":\"hudo\",\"@id\":\"https:\/\/hudo.com\/si\/#\/schema\/person\/601cf3379633985b20f7e50f2bb47707\"},\"headline\":\"V Var\u0161avi se bo kon\u010dal zgodovinski vrh Nata\",\"datePublished\":\"2016-07-09T04:12:00+00:00\",\"dateModified\":\"2016-07-09T04:12:00+00:00\",\"mainEntityOfPage\":{\"@id\":\"https:\/\/hudo.com\/si\/aktualno\/v-varsavi-se-bo-koncal-zgodovinski-vrh-nata\/\"},\"wordCount\":242,\"publisher\":{\"@id\":\"https:\/\/hudo.com\/si\/#organization\"},\"articleSection\":[\"Aktualno\"],\"inLanguage\":\"sl-SI\"},{\"@type\":\"WebPage\",\"@id\":\"https:\/\/hudo.com\/si\/aktualno\/v-varsavi-se-bo-koncal-zgodovinski-vrh-nata\/\",\"url\":\"https:\/\/hudo.com\/si\/aktualno\/v-varsavi-se-bo-koncal-zgodovinski-vrh-nata\/\",\"name\":\"V Var\u0161avi se bo kon\u010dal zgodovinski vrh Nata - Hudo Slovenija\",\"isPartOf\":{\"@id\":\"https:\/\/hudo.com\/si\/#website\"},\"datePublished\":\"2016-07-09T04:12:00+00:00\",\"dateModified\":\"2016-07-09T04:12:00+00:00\",\"breadcrumb\":{\"@id\":\"https:\/\/hudo.com\/si\/aktualno\/v-varsavi-se-bo-koncal-zgodovinski-vrh-nata\/#breadcrumb\"},\"inLanguage\":\"sl-SI\",\"potentialAction\":[{\"@type\":\"ReadAction\",\"target\":[\"https:\/\/hudo.com\/si\/aktualno\/v-varsavi-se-bo-koncal-zgodovinski-vrh-nata\/\"]}]},{\"@type\":\"BreadcrumbList\",\"@id\":\"https:\/\/hudo.com\/si\/aktualno\/v-varsavi-se-bo-koncal-zgodovinski-vrh-nata\/#breadcrumb\",\"itemListElement\":[{\"@type\":\"ListItem\",\"position\":1,\"name\":\"Home\",\"item\":\"https:\/\/hudo.com\/si\/\"},{\"@type\":\"ListItem\",\"position\":2,\"name\":\"V Var\u0161avi se bo kon\u010dal zgodovinski vrh Nata\"}]},{\"@type\":\"WebSite\",\"@id\":\"https:\/\/hudo.com\/si\/#website\",\"url\":\"https:\/\/hudo.com\/si\/\",\"name\":\"Hudo Slovenija\",\"description\":\"Vse novice iz Slovenije in sveta\",\"publisher\":{\"@id\":\"https:\/\/hudo.com\/si\/#organization\"},\"potentialAction\":[{\"@type\":\"SearchAction\",\"target\":{\"@type\":\"EntryPoint\",\"urlTemplate\":\"https:\/\/hudo.com\/si\/?s={search_term_string}\"},\"query-input\":\"required name=search_term_string\"}],\"inLanguage\":\"sl-SI\"},{\"@type\":\"Organization\",\"@id\":\"https:\/\/hudo.com\/si\/#organization\",\"name\":\"VSN Media\",\"url\":\"https:\/\/hudo.com\/si\/\",\"logo\":{\"@type\":\"ImageObject\",\"inLanguage\":\"sl-SI\",\"@id\":\"https:\/\/hudo.com\/si\/#\/schema\/logo\/image\/\",\"url\":\"https:\/\/hudo.com\/si\/wp-content\/uploads\/sites\/2\/2021\/03\/hudo-app-2.png\",\"contentUrl\":\"https:\/\/hudo.com\/si\/wp-content\/uploads\/sites\/2\/2021\/03\/hudo-app-2.png\",\"width\":2185,\"height\":2167,\"caption\":\"VSN Media\"},\"image\":{\"@id\":\"https:\/\/hudo.com\/si\/#\/schema\/logo\/image\/\"},\"sameAs\":[\"https:\/\/www.facebook.com\/hudo.si\",\"https:\/\/twitter.com\/hudo_si\"]},{\"@type\":\"Person\",\"@id\":\"https:\/\/hudo.com\/si\/#\/schema\/person\/601cf3379633985b20f7e50f2bb47707\",\"name\":\"hudo\",\"image\":{\"@type\":\"ImageObject\",\"inLanguage\":\"sl-SI\",\"@id\":\"https:\/\/hudo.com\/si\/#\/schema\/person\/image\/\",\"url\":\"https:\/\/secure.gravatar.com\/avatar\/c4ca25fa72cace7a696b52ff5db9e095?s=96&d=mm&r=g\",\"contentUrl\":\"https:\/\/secure.gravatar.com\/avatar\/c4ca25fa72cace7a696b52ff5db9e095?s=96&d=mm&r=g\",\"caption\":\"hudo\"},\"url\":\"https:\/\/hudo.com\/si\/author\/hudo\/\"}]}<\/script>\n<!-- \/ Yoast SEO plugin. -->","yoast_head_json":{"title":"V Var\u0161avi se bo kon\u010dal zgodovinski vrh Nata - Hudo Slovenija","robots":{"index":"index","follow":"follow","max-snippet":"max-snippet:-1","max-image-preview":"max-image-preview:large","max-video-preview":"max-video-preview:-1"},"canonical":"https:\/\/hudo.com\/si\/aktualno\/v-varsavi-se-bo-koncal-zgodovinski-vrh-nata\/","og_locale":"sl_SI","og_type":"article","og_title":"V Var\u0161avi se bo kon\u010dal zgodovinski vrh Nata - Hudo Slovenija","og_description":"V Var\u0161avi se bo danes kon\u010dal dvodnevni vrh zveze Nato, na katerem so voditelji 28 dr\u017eav \u010dlanic potrdili zgodovinsko odlo\u010ditev o krepitvi voja\u0161ke navzo\u010dnosti na vzhodnih mejah zavezni\u0161tva. Danes se bodo lo\u010deno sestali z afganistanskim predsednikom A\u0161rafom Ganijem in ukrajinskim predsednikom Petrom Poro\u0161enkom. Pri\u010dakovati je, da bodo voditelji Nata izrazili podporo nadaljnjim naporom za izbolj\u0161anje varnostnih razmer v Afganistanu. Situacija se tam namre\u010d ne izbolj\u0161uje, afganistanske varnostne sile pa \u0161e vedno potrebujejo finan\u010dno in tehni\u010dno pomo\u010d pri usposabljanju. Na zasedanju komisije Nato-Ukrajina pa bo zavezni\u0161tvo po pri\u010dakovanjih potrdilo podporo neodvisnosti, suverenosti in ozemeljski celovitosti Ukrajine. Nato ne priznava ruske priklju\u010ditve polotoka Krim in poziva vpletene strani k polnemu uresni\u010devanju mirovnih sporazumov iz Minska. Voditelji Nata so prvi dan zasedanja potrdili napotitev \u0161tirih bataljonov z okoli 4000 vojaki v Estonijo, Latvijo, Litvo in na Poljsko. Nato s krepitvijo voja\u0161ke navzo\u010dnosti na svojih vzhodnih mejah odgovarja na gro\u017enjo, ki jo predstavlja Rusija. Bataljoni \"izkazujejo mo\u010d \u010dezatlantskih vezi in dajejo jasno vedeti, da bi bil napad na eno zaveznico napad na celotno zavezni\u0161tvo\", je poudaril generalni sekretar Nata Jens Stoltenberg, ki je var\u0161avski vrh ozna\u010dil za zgodovinskega in prelomnega. Rusija ostro nasprotuje krepitvi Nata v svojih nekdanjih sovjetskih satelitih in v tem vidi gro\u017enjo svoji varnosti, ki terja ustrezen odgovor.Svet","og_url":"https:\/\/hudo.com\/si\/aktualno\/v-varsavi-se-bo-koncal-zgodovinski-vrh-nata\/","og_site_name":"Hudo Slovenija","article_publisher":"https:\/\/www.facebook.com\/hudo.si","article_published_time":"2016-07-09T04:12:00+00:00","og_image":[{"width":450,"height":276,"url":"https:\/\/hudo.com\/si\/wp-content\/uploads\/sites\/2\/2016\/07\/05416105-300.jpg","type":"image\/jpeg"}],"author":"hudo","twitter_card":"summary_large_image","twitter_creator":"@hudo_si","twitter_site":"@hudo_si","twitter_misc":{"Written by":"hudo","Est. reading time":"1 minuta"},"schema":{"@context":"https:\/\/schema.org","@graph":[{"@type":"Article","@id":"https:\/\/hudo.com\/si\/aktualno\/v-varsavi-se-bo-koncal-zgodovinski-vrh-nata\/#article","isPartOf":{"@id":"https:\/\/hudo.com\/si\/aktualno\/v-varsavi-se-bo-koncal-zgodovinski-vrh-nata\/"},"author":{"name":"hudo","@id":"https:\/\/hudo.com\/si\/#\/schema\/person\/601cf3379633985b20f7e50f2bb47707"},"headline":"V Var\u0161avi se bo kon\u010dal zgodovinski vrh Nata","datePublished":"2016-07-09T04:12:00+00:00","dateModified":"2016-07-09T04:12:00+00:00","mainEntityOfPage":{"@id":"https:\/\/hudo.com\/si\/aktualno\/v-varsavi-se-bo-koncal-zgodovinski-vrh-nata\/"},"wordCount":242,"publisher":{"@id":"https:\/\/hudo.com\/si\/#organization"},"articleSection":["Aktualno"],"inLanguage":"sl-SI"},{"@type":"WebPage","@id":"https:\/\/hudo.com\/si\/aktualno\/v-varsavi-se-bo-koncal-zgodovinski-vrh-nata\/","url":"https:\/\/hudo.com\/si\/aktualno\/v-varsavi-se-bo-koncal-zgodovinski-vrh-nata\/","name":"V Var\u0161avi se bo kon\u010dal zgodovinski vrh Nata - Hudo Slovenija","isPartOf":{"@id":"https:\/\/hudo.com\/si\/#website"},"datePublished":"2016-07-09T04:12:00+00:00","dateModified":"2016-07-09T04:12:00+00:00","breadcrumb":{"@id":"https:\/\/hudo.com\/si\/aktualno\/v-varsavi-se-bo-koncal-zgodovinski-vrh-nata\/#breadcrumb"},"inLanguage":"sl-SI","potentialAction":[{"@type":"ReadAction","target":["https:\/\/hudo.com\/si\/aktualno\/v-varsavi-se-bo-koncal-zgodovinski-vrh-nata\/"]}]},{"@type":"BreadcrumbList","@id":"https:\/\/hudo.com\/si\/aktualno\/v-varsavi-se-bo-koncal-zgodovinski-vrh-nata\/#breadcrumb","itemListElement":[{"@type":"ListItem","position":1,"name":"Home","item":"https:\/\/hudo.com\/si\/"},{"@type":"ListItem","position":2,"name":"V Var\u0161avi se bo kon\u010dal zgodovinski vrh Nata"}]},{"@type":"WebSite","@id":"https:\/\/hudo.com\/si\/#website","url":"https:\/\/hudo.com\/si\/","name":"Hudo Slovenija","description":"Vse novice iz Slovenije in sveta","publisher":{"@id":"https:\/\/hudo.com\/si\/#organization"},"potentialAction":[{"@type":"SearchAction","target":{"@type":"EntryPoint","urlTemplate":"https:\/\/hudo.com\/si\/?s={search_term_string}"},"query-input":"required name=search_term_string"}],"inLanguage":"sl-SI"},{"@type":"Organization","@id":"https:\/\/hudo.com\/si\/#organization","name":"VSN Media","url":"https:\/\/hudo.com\/si\/","logo":{"@type":"ImageObject","inLanguage":"sl-SI","@id":"https:\/\/hudo.com\/si\/#\/schema\/logo\/image\/","url":"https:\/\/hudo.com\/si\/wp-content\/uploads\/sites\/2\/2021\/03\/hudo-app-2.png","contentUrl":"https:\/\/hudo.com\/si\/wp-content\/uploads\/sites\/2\/2021\/03\/hudo-app-2.png","width":2185,"height":2167,"caption":"VSN Media"},"image":{"@id":"https:\/\/hudo.com\/si\/#\/schema\/logo\/image\/"},"sameAs":["https:\/\/www.facebook.com\/hudo.si","https:\/\/twitter.com\/hudo_si"]},{"@type":"Person","@id":"https:\/\/hudo.com\/si\/#\/schema\/person\/601cf3379633985b20f7e50f2bb47707","name":"hudo","image":{"@type":"ImageObject","inLanguage":"sl-SI","@id":"https:\/\/hudo.com\/si\/#\/schema\/person\/image\/","url":"https:\/\/secure.gravatar.com\/avatar\/c4ca25fa72cace7a696b52ff5db9e095?s=96&d=mm&r=g","contentUrl":"https:\/\/secure.gravatar.com\/avatar\/c4ca25fa72cace7a696b52ff5db9e095?s=96&d=mm&r=g","caption":"hudo"},"url":"https:\/\/hudo.com\/si\/author\/hudo\/"}]}},"amp_enabled":true,"_links":{"self":[{"href":"https:\/\/hudo.com\/si\/wp-json\/wp\/v2\/posts\/91508"}],"collection":[{"href":"https:\/\/hudo.com\/si\/wp-json\/wp\/v2\/posts"}],"about":[{"href":"https:\/\/hudo.com\/si\/wp-json\/wp\/v2\/types\/post"}],"author":[{"embeddable":true,"href":"https:\/\/hudo.com\/si\/wp-json\/wp\/v2\/users\/1"}],"replies":[{"embeddable":true,"href":"https:\/\/hudo.com\/si\/wp-json\/wp\/v2\/comments?post=91508"}],"version-history":[{"count":0,"href":"https:\/\/hudo.com\/si\/wp-json\/wp\/v2\/posts\/91508\/revisions"}],"wp:attachment":[{"href":"https:\/\/hudo.com\/si\/wp-json\/wp\/v2\/media?parent=91508"}],"wp:term":[{"taxonomy":"category","embeddable":true,"href":"https:\/\/hudo.com\/si\/wp-json\/wp\/v2\/categories?post=91508"},{"taxonomy":"post_tag","embeddable":true,"href":"https:\/\/hudo.com\/si\/wp-json\/wp\/v2\/tags?post=91508"},{"taxonomy":"source","embeddable":true,"href":"https:\/\/hudo.com\/si\/wp-json\/wp\/v2\/source?post=91508"},{"taxonomy":"supertag","embeddable":true,"href":"https:\/\/hudo.com\/si\/wp-json\/wp\/v2\/supertag?post=91508"}],"curies":[{"name":"wp","href":"https:\/\/api.w.org\/{rel}","templated":true}]}}