{"id":9151,"date":"2016-03-17T07:20:19","date_gmt":"2016-03-17T06:20:19","guid":{"rendered":"http:\/\/master.hudo.com\/si\/2016\/03\/17\/koroski-ples-v-ljubljani-znova-ocaral-vse-zbrane\/"},"modified":"2016-04-04T12:12:35","modified_gmt":"2016-04-04T11:12:35","slug":"koroski-ples-v-ljubljani-znova-ocaral-vse-zbrane","status":"publish","type":"post","link":"https:\/\/hudo.com\/si\/lifestyle\/koroski-ples-v-ljubljani-znova-ocaral-vse-zbrane\/","title":{"rendered":"Koro\u0161ki ples v Ljubljani znova o\u010daral vse zbrane!"},"content":{"rendered":"<p>&nbsp;<\/p>\n<section class=\"slideshow\">\n<figure>\n\t\t\t\t\t<img loading=\"lazy\" decoding=\"async\" width=\"660\" height=\"320\" src=\"data:image\/gif;base64,R0lGODlhAQABAAAAACH5BAEKAAEALAAAAAABAAEAAAICTAEAOw==\" class=\"lazyload\" data-src=\"http:\/\/zenska.hudo.com\/files\/2015\/03\/img_2461-320x155.jpg\" data-srcset=\"http:\/\/zenska.hudo.com\/files\/2015\/03\/img_2461-660x320.jpg 660w,http:\/\/zenska.hudo.com\/files\/2015\/03\/img_2461-320x155.jpg 330w\" sizes=\"(max-width: 660px) 100vw, 660px\"\/><figcaption>Foto: Katja Kodba<\/figcaption><\/figure>\n<figure>\n\t\t\t\t\t<img loading=\"lazy\" decoding=\"async\" width=\"660\" height=\"320\" src=\"data:image\/gif;base64,R0lGODlhAQABAAAAACH5BAEKAAEALAAAAAABAAEAAAICTAEAOw==\" class=\"lazyload\" data-src=\"http:\/\/zenska.hudo.com\/files\/2015\/03\/img_2745-320x155.jpg\" data-srcset=\"http:\/\/zenska.hudo.com\/files\/2015\/03\/img_2745-660x320.jpg 660w,http:\/\/zenska.hudo.com\/files\/2015\/03\/img_2745-320x155.jpg 330w\" sizes=\"(max-width: 660px) 100vw, 660px\"\/><figcaption>Foto: Katja Kodba<\/figcaption><\/figure>\n<figure>\n\t\t\t\t\t<img loading=\"lazy\" decoding=\"async\" width=\"660\" height=\"320\" src=\"data:image\/gif;base64,R0lGODlhAQABAAAAACH5BAEKAAEALAAAAAABAAEAAAICTAEAOw==\" class=\"lazyload\" data-src=\"http:\/\/zenska.hudo.com\/files\/2015\/03\/img_2858-320x155.jpg\" data-srcset=\"http:\/\/zenska.hudo.com\/files\/2015\/03\/img_2858-660x320.jpg 660w,http:\/\/zenska.hudo.com\/files\/2015\/03\/img_2858-320x155.jpg 330w\" sizes=\"(max-width: 660px) 100vw, 660px\"\/><figcaption>Foto: Katja Kodba<\/figcaption><\/figure>\n<figure>\n\t\t\t\t\t<img loading=\"lazy\" decoding=\"async\" width=\"660\" height=\"320\" src=\"data:image\/gif;base64,R0lGODlhAQABAAAAACH5BAEKAAEALAAAAAABAAEAAAICTAEAOw==\" class=\"lazyload\" data-src=\"http:\/\/zenska.hudo.com\/files\/2015\/03\/img_2850-320x155.jpg\" data-srcset=\"http:\/\/zenska.hudo.com\/files\/2015\/03\/img_2850-660x320.jpg 660w,http:\/\/zenska.hudo.com\/files\/2015\/03\/img_2850-320x155.jpg 330w\" sizes=\"(max-width: 660px) 100vw, 660px\"\/><figcaption>Foto: Katja Kodba<\/figcaption><\/figure>\n<figure>\n\t\t\t\t\t<img loading=\"lazy\" decoding=\"async\" width=\"660\" height=\"320\" src=\"data:image\/gif;base64,R0lGODlhAQABAAAAACH5BAEKAAEALAAAAAABAAEAAAICTAEAOw==\" class=\"lazyload\" data-src=\"http:\/\/zenska.hudo.com\/files\/2015\/03\/img_3050-320x155.jpg\" data-srcset=\"http:\/\/zenska.hudo.com\/files\/2015\/03\/img_3050-660x320.jpg 660w,http:\/\/zenska.hudo.com\/files\/2015\/03\/img_3050-320x155.jpg 330w\" sizes=\"(max-width: 660px) 100vw, 660px\"\/><\/p>\n<\/figure>\n<figure>\n\t\t\t\t\t<img loading=\"lazy\" decoding=\"async\" width=\"660\" height=\"320\" src=\"data:image\/gif;base64,R0lGODlhAQABAAAAACH5BAEKAAEALAAAAAABAAEAAAICTAEAOw==\" class=\"lazyload\" data-src=\"http:\/\/zenska.hudo.com\/files\/2015\/03\/img_3074-320x155.jpg\" data-srcset=\"http:\/\/zenska.hudo.com\/files\/2015\/03\/img_3074-660x320.jpg 660w,http:\/\/zenska.hudo.com\/files\/2015\/03\/img_3074-320x155.jpg 330w\" sizes=\"(max-width: 660px) 100vw, 660px\"\/><figcaption>Foto: Katja Kodba<\/figcaption><\/figure>\n<figure>\n\t\t\t\t\t<img loading=\"lazy\" decoding=\"async\" width=\"660\" height=\"320\" src=\"data:image\/gif;base64,R0lGODlhAQABAAAAACH5BAEKAAEALAAAAAABAAEAAAICTAEAOw==\" class=\"lazyload\" data-src=\"http:\/\/zenska.hudo.com\/files\/2015\/03\/img_3099-320x155.jpg\" data-srcset=\"http:\/\/zenska.hudo.com\/files\/2015\/03\/img_3099-660x320.jpg 660w,http:\/\/zenska.hudo.com\/files\/2015\/03\/img_3099-320x155.jpg 330w\" sizes=\"(max-width: 660px) 100vw, 660px\"\/><figcaption>Foto: Katja Kodba<\/figcaption><\/figure>\n<\/section>\n<p><span style=\"font-weight: 400;\">Klub Koro\u0161cev Ljubljana (KKL) obstaja v tej postavitvi in pod predsednikom kluba mag. Jankom Arahom \u017ee 23 let in 12. marca so Koro\u0161ci ter prijatelji Koro\u0161ke stopili v plesni korak \u017ee to\u010dno 23-ti\u010d. Letos na novi lokaciji, v Hotelu lev. Tokrat je bilo na nek na\u010din vse Koro\u0161ko obarvano. Od plesnega salona z imenom Karantanija, hrane (prispevale \u00a0so jo koro\u0161ke kmetije Ploder in Marin iz \u0160entanela, Kaj\u017ear iz Me\u017eice, \u00a0Klan\u010dnik iz Podklanca pri Dravogradu, ter kmetija Rebernik \u00a0Pame\u010de (mo\u0161t)), ki jo<\/span>\u00a0je pomagala oblikovati gurujka \u00bbKuharije\u00ab iz Sekcije za kulinariko znotraj kluba, Doroteja Omahen, pa do predmetov na mizah za tiho licitacijo.<\/p>\n<h2>Koro\u0161ci so vedno za mu\u0161ter bili!<\/h2>\n<p>\u0160e ansambel Victory, ki jih je zabaval z glasbo in namigi, kako plesni ve\u010der zaokro\u017eiti v popolno do\u017eivetje dru\u017eenja, je besedilo kak\u0161ne pesmi prilagodil Koro\u0161ki. In potem so bili tukaj \u0161e gostje ve\u010dera. V kulturnem delu sta nastopila \u00a0Anej Pileti\u010d (finalist \u0161ova Slovenija ima talent) in njegov brat Rok iz Prevalj. Anej je \u0161e dijak Gimnazije Ravne, gimnazije torej, ki je vedno bila tisti rt Koro\u0161cev, od koder so iz Koro\u0161ke odpluli v Ljubljano ali \u0161e naprej, v svet. Nastopil pa je tudi Biolo\u0161ki oktet iz Biotehni\u0161ke fakultete v Ljubljani, katerega nastop z lahkoto ostane brez komentarja, \u010de se upo\u0161teva, da so med njimi trije Koro\u0161ci. In Koro\u0161ci, kot je znano, so vedno za mu\u0161ter bili! Za mu\u0161ter pa je KKL zagotovo lahko mnogim tudi zaradi drugih aktivnosti. Razli\u010dnim sekcijam, ki sodelujejo pod njegovim okriljem (Jadralna, Avanturisti\u010dna, \u00a0Planinska in Kulinari\u010dna), se bo aprila pridru\u017eila \u0161e ena: Sekcija za \u017eivljenje, ki jo bo vodila Koro\u0161ica Marijana Mlinar Mo\u010dnik, holisti\u010dna terapevtka.<\/p>\n","protected":false},"excerpt":{"rendered":"<p>Minulo soboto so Koro\u0161ci ter prijatelji Koro\u0161ke stopili v plesni korak \u017ee to\u010dno 23-ti\u010d.<\/p>\n","protected":false},"author":1,"featured_media":0,"comment_status":"closed","ping_status":"closed","sticky":false,"template":"","format":"standard","meta":{"footnotes":""},"categories":[1091],"tags":[1483,1484],"source":[1381,1382,1334],"supertag":[],"acf":[],"yoast_head":"<!-- This site is optimized with the Yoast SEO plugin v21.3 - https:\/\/yoast.com\/wordpress\/plugins\/seo\/ -->\n<title>Koro\u0161ki ples v Ljubljani znova o\u010daral vse zbrane! - Hudo Slovenija<\/title>\n<meta name=\"robots\" content=\"index, follow, max-snippet:-1, max-image-preview:large, max-video-preview:-1\" \/>\n<link rel=\"canonical\" href=\"https:\/\/hudo.com\/si\/lifestyle\/koroski-ples-v-ljubljani-znova-ocaral-vse-zbrane\/\" \/>\n<meta property=\"og:locale\" content=\"sl_SI\" \/>\n<meta property=\"og:type\" content=\"article\" \/>\n<meta property=\"og:title\" content=\"Koro\u0161ki ples v Ljubljani znova o\u010daral vse zbrane! - Hudo Slovenija\" \/>\n<meta property=\"og:description\" content=\"Minulo soboto so Koro\u0161ci ter prijatelji Koro\u0161ke stopili v plesni korak \u017ee to\u010dno 23-ti\u010d.\" \/>\n<meta property=\"og:url\" content=\"https:\/\/hudo.com\/si\/lifestyle\/koroski-ples-v-ljubljani-znova-ocaral-vse-zbrane\/\" \/>\n<meta property=\"og:site_name\" content=\"Hudo Slovenija\" \/>\n<meta property=\"article:publisher\" content=\"https:\/\/www.facebook.com\/hudo.si\" \/>\n<meta property=\"article:published_time\" content=\"2016-03-17T06:20:19+00:00\" \/>\n<meta property=\"article:modified_time\" content=\"2016-04-04T11:12:35+00:00\" \/>\n<meta property=\"og:image\" content=\"https:\/\/hudo.com\/si\/wp-content\/uploads\/sites\/2\/2016\/03\/img_3099-1024x683.jpg\" \/>\n\t<meta property=\"og:image:width\" content=\"1024\" \/>\n\t<meta property=\"og:image:height\" content=\"683\" \/>\n\t<meta property=\"og:image:type\" content=\"image\/jpeg\" \/>\n<meta name=\"author\" content=\"hudo\" \/>\n<meta name=\"twitter:card\" content=\"summary_large_image\" \/>\n<meta name=\"twitter:creator\" content=\"@hudo_si\" \/>\n<meta name=\"twitter:site\" content=\"@hudo_si\" \/>\n<meta name=\"twitter:label1\" content=\"Written by\" \/>\n\t<meta name=\"twitter:data1\" content=\"hudo\" \/>\n\t<meta name=\"twitter:label2\" content=\"Est. reading time\" \/>\n\t<meta name=\"twitter:data2\" content=\"2 minuti\" \/>\n<script type=\"application\/ld+json\" class=\"yoast-schema-graph\">{\"@context\":\"https:\/\/schema.org\",\"@graph\":[{\"@type\":\"Article\",\"@id\":\"https:\/\/hudo.com\/si\/lifestyle\/koroski-ples-v-ljubljani-znova-ocaral-vse-zbrane\/#article\",\"isPartOf\":{\"@id\":\"https:\/\/hudo.com\/si\/lifestyle\/koroski-ples-v-ljubljani-znova-ocaral-vse-zbrane\/\"},\"author\":{\"name\":\"hudo\",\"@id\":\"https:\/\/hudo.com\/si\/#\/schema\/person\/601cf3379633985b20f7e50f2bb47707\"},\"headline\":\"Koro\u0161ki ples v Ljubljani znova o\u010daral vse zbrane!\",\"datePublished\":\"2016-03-17T06:20:19+00:00\",\"dateModified\":\"2016-04-04T11:12:35+00:00\",\"mainEntityOfPage\":{\"@id\":\"https:\/\/hudo.com\/si\/lifestyle\/koroski-ples-v-ljubljani-znova-ocaral-vse-zbrane\/\"},\"wordCount\":331,\"publisher\":{\"@id\":\"https:\/\/hudo.com\/si\/#organization\"},\"keywords\":[\"klub koro\u0161cev ljubljana\",\"Koro\u0161ki ve\u010der\"],\"articleSection\":[\"Lifestyle\"],\"inLanguage\":\"sl-SI\"},{\"@type\":\"WebPage\",\"@id\":\"https:\/\/hudo.com\/si\/lifestyle\/koroski-ples-v-ljubljani-znova-ocaral-vse-zbrane\/\",\"url\":\"https:\/\/hudo.com\/si\/lifestyle\/koroski-ples-v-ljubljani-znova-ocaral-vse-zbrane\/\",\"name\":\"Koro\u0161ki ples v Ljubljani znova o\u010daral vse zbrane! - Hudo Slovenija\",\"isPartOf\":{\"@id\":\"https:\/\/hudo.com\/si\/#website\"},\"datePublished\":\"2016-03-17T06:20:19+00:00\",\"dateModified\":\"2016-04-04T11:12:35+00:00\",\"breadcrumb\":{\"@id\":\"https:\/\/hudo.com\/si\/lifestyle\/koroski-ples-v-ljubljani-znova-ocaral-vse-zbrane\/#breadcrumb\"},\"inLanguage\":\"sl-SI\",\"potentialAction\":[{\"@type\":\"ReadAction\",\"target\":[\"https:\/\/hudo.com\/si\/lifestyle\/koroski-ples-v-ljubljani-znova-ocaral-vse-zbrane\/\"]}]},{\"@type\":\"BreadcrumbList\",\"@id\":\"https:\/\/hudo.com\/si\/lifestyle\/koroski-ples-v-ljubljani-znova-ocaral-vse-zbrane\/#breadcrumb\",\"itemListElement\":[{\"@type\":\"ListItem\",\"position\":1,\"name\":\"Home\",\"item\":\"https:\/\/hudo.com\/si\/\"},{\"@type\":\"ListItem\",\"position\":2,\"name\":\"Koro\u0161ki ples v Ljubljani znova o\u010daral vse zbrane!\"}]},{\"@type\":\"WebSite\",\"@id\":\"https:\/\/hudo.com\/si\/#website\",\"url\":\"https:\/\/hudo.com\/si\/\",\"name\":\"Hudo Slovenija\",\"description\":\"Vse novice iz Slovenije in sveta\",\"publisher\":{\"@id\":\"https:\/\/hudo.com\/si\/#organization\"},\"potentialAction\":[{\"@type\":\"SearchAction\",\"target\":{\"@type\":\"EntryPoint\",\"urlTemplate\":\"https:\/\/hudo.com\/si\/?s={search_term_string}\"},\"query-input\":\"required name=search_term_string\"}],\"inLanguage\":\"sl-SI\"},{\"@type\":\"Organization\",\"@id\":\"https:\/\/hudo.com\/si\/#organization\",\"name\":\"VSN Media\",\"url\":\"https:\/\/hudo.com\/si\/\",\"logo\":{\"@type\":\"ImageObject\",\"inLanguage\":\"sl-SI\",\"@id\":\"https:\/\/hudo.com\/si\/#\/schema\/logo\/image\/\",\"url\":\"https:\/\/hudo.com\/si\/wp-content\/uploads\/sites\/2\/2021\/03\/hudo-app-2.png\",\"contentUrl\":\"https:\/\/hudo.com\/si\/wp-content\/uploads\/sites\/2\/2021\/03\/hudo-app-2.png\",\"width\":2185,\"height\":2167,\"caption\":\"VSN Media\"},\"image\":{\"@id\":\"https:\/\/hudo.com\/si\/#\/schema\/logo\/image\/\"},\"sameAs\":[\"https:\/\/www.facebook.com\/hudo.si\",\"https:\/\/twitter.com\/hudo_si\"]},{\"@type\":\"Person\",\"@id\":\"https:\/\/hudo.com\/si\/#\/schema\/person\/601cf3379633985b20f7e50f2bb47707\",\"name\":\"hudo\",\"image\":{\"@type\":\"ImageObject\",\"inLanguage\":\"sl-SI\",\"@id\":\"https:\/\/hudo.com\/si\/#\/schema\/person\/image\/\",\"url\":\"https:\/\/secure.gravatar.com\/avatar\/c4ca25fa72cace7a696b52ff5db9e095?s=96&d=mm&r=g\",\"contentUrl\":\"https:\/\/secure.gravatar.com\/avatar\/c4ca25fa72cace7a696b52ff5db9e095?s=96&d=mm&r=g\",\"caption\":\"hudo\"},\"url\":\"https:\/\/hudo.com\/si\/author\/hudo\/\"}]}<\/script>\n<!-- \/ Yoast SEO plugin. -->","yoast_head_json":{"title":"Koro\u0161ki ples v Ljubljani znova o\u010daral vse zbrane! - Hudo Slovenija","robots":{"index":"index","follow":"follow","max-snippet":"max-snippet:-1","max-image-preview":"max-image-preview:large","max-video-preview":"max-video-preview:-1"},"canonical":"https:\/\/hudo.com\/si\/lifestyle\/koroski-ples-v-ljubljani-znova-ocaral-vse-zbrane\/","og_locale":"sl_SI","og_type":"article","og_title":"Koro\u0161ki ples v Ljubljani znova o\u010daral vse zbrane! - Hudo Slovenija","og_description":"Minulo soboto so Koro\u0161ci ter prijatelji Koro\u0161ke stopili v plesni korak \u017ee to\u010dno 23-ti\u010d.","og_url":"https:\/\/hudo.com\/si\/lifestyle\/koroski-ples-v-ljubljani-znova-ocaral-vse-zbrane\/","og_site_name":"Hudo Slovenija","article_publisher":"https:\/\/www.facebook.com\/hudo.si","article_published_time":"2016-03-17T06:20:19+00:00","article_modified_time":"2016-04-04T11:12:35+00:00","og_image":[{"width":1024,"height":683,"url":"https:\/\/hudo.com\/si\/wp-content\/uploads\/sites\/2\/2016\/03\/img_3099-1024x683.jpg","type":"image\/jpeg"}],"author":"hudo","twitter_card":"summary_large_image","twitter_creator":"@hudo_si","twitter_site":"@hudo_si","twitter_misc":{"Written by":"hudo","Est. reading time":"2 minuti"},"schema":{"@context":"https:\/\/schema.org","@graph":[{"@type":"Article","@id":"https:\/\/hudo.com\/si\/lifestyle\/koroski-ples-v-ljubljani-znova-ocaral-vse-zbrane\/#article","isPartOf":{"@id":"https:\/\/hudo.com\/si\/lifestyle\/koroski-ples-v-ljubljani-znova-ocaral-vse-zbrane\/"},"author":{"name":"hudo","@id":"https:\/\/hudo.com\/si\/#\/schema\/person\/601cf3379633985b20f7e50f2bb47707"},"headline":"Koro\u0161ki ples v Ljubljani znova o\u010daral vse zbrane!","datePublished":"2016-03-17T06:20:19+00:00","dateModified":"2016-04-04T11:12:35+00:00","mainEntityOfPage":{"@id":"https:\/\/hudo.com\/si\/lifestyle\/koroski-ples-v-ljubljani-znova-ocaral-vse-zbrane\/"},"wordCount":331,"publisher":{"@id":"https:\/\/hudo.com\/si\/#organization"},"keywords":["klub koro\u0161cev ljubljana","Koro\u0161ki ve\u010der"],"articleSection":["Lifestyle"],"inLanguage":"sl-SI"},{"@type":"WebPage","@id":"https:\/\/hudo.com\/si\/lifestyle\/koroski-ples-v-ljubljani-znova-ocaral-vse-zbrane\/","url":"https:\/\/hudo.com\/si\/lifestyle\/koroski-ples-v-ljubljani-znova-ocaral-vse-zbrane\/","name":"Koro\u0161ki ples v Ljubljani znova o\u010daral vse zbrane! - Hudo Slovenija","isPartOf":{"@id":"https:\/\/hudo.com\/si\/#website"},"datePublished":"2016-03-17T06:20:19+00:00","dateModified":"2016-04-04T11:12:35+00:00","breadcrumb":{"@id":"https:\/\/hudo.com\/si\/lifestyle\/koroski-ples-v-ljubljani-znova-ocaral-vse-zbrane\/#breadcrumb"},"inLanguage":"sl-SI","potentialAction":[{"@type":"ReadAction","target":["https:\/\/hudo.com\/si\/lifestyle\/koroski-ples-v-ljubljani-znova-ocaral-vse-zbrane\/"]}]},{"@type":"BreadcrumbList","@id":"https:\/\/hudo.com\/si\/lifestyle\/koroski-ples-v-ljubljani-znova-ocaral-vse-zbrane\/#breadcrumb","itemListElement":[{"@type":"ListItem","position":1,"name":"Home","item":"https:\/\/hudo.com\/si\/"},{"@type":"ListItem","position":2,"name":"Koro\u0161ki ples v Ljubljani znova o\u010daral vse zbrane!"}]},{"@type":"WebSite","@id":"https:\/\/hudo.com\/si\/#website","url":"https:\/\/hudo.com\/si\/","name":"Hudo Slovenija","description":"Vse novice iz Slovenije in sveta","publisher":{"@id":"https:\/\/hudo.com\/si\/#organization"},"potentialAction":[{"@type":"SearchAction","target":{"@type":"EntryPoint","urlTemplate":"https:\/\/hudo.com\/si\/?s={search_term_string}"},"query-input":"required name=search_term_string"}],"inLanguage":"sl-SI"},{"@type":"Organization","@id":"https:\/\/hudo.com\/si\/#organization","name":"VSN Media","url":"https:\/\/hudo.com\/si\/","logo":{"@type":"ImageObject","inLanguage":"sl-SI","@id":"https:\/\/hudo.com\/si\/#\/schema\/logo\/image\/","url":"https:\/\/hudo.com\/si\/wp-content\/uploads\/sites\/2\/2021\/03\/hudo-app-2.png","contentUrl":"https:\/\/hudo.com\/si\/wp-content\/uploads\/sites\/2\/2021\/03\/hudo-app-2.png","width":2185,"height":2167,"caption":"VSN Media"},"image":{"@id":"https:\/\/hudo.com\/si\/#\/schema\/logo\/image\/"},"sameAs":["https:\/\/www.facebook.com\/hudo.si","https:\/\/twitter.com\/hudo_si"]},{"@type":"Person","@id":"https:\/\/hudo.com\/si\/#\/schema\/person\/601cf3379633985b20f7e50f2bb47707","name":"hudo","image":{"@type":"ImageObject","inLanguage":"sl-SI","@id":"https:\/\/hudo.com\/si\/#\/schema\/person\/image\/","url":"https:\/\/secure.gravatar.com\/avatar\/c4ca25fa72cace7a696b52ff5db9e095?s=96&d=mm&r=g","contentUrl":"https:\/\/secure.gravatar.com\/avatar\/c4ca25fa72cace7a696b52ff5db9e095?s=96&d=mm&r=g","caption":"hudo"},"url":"https:\/\/hudo.com\/si\/author\/hudo\/"}]}},"amp_enabled":true,"_links":{"self":[{"href":"https:\/\/hudo.com\/si\/wp-json\/wp\/v2\/posts\/9151"}],"collection":[{"href":"https:\/\/hudo.com\/si\/wp-json\/wp\/v2\/posts"}],"about":[{"href":"https:\/\/hudo.com\/si\/wp-json\/wp\/v2\/types\/post"}],"author":[{"embeddable":true,"href":"https:\/\/hudo.com\/si\/wp-json\/wp\/v2\/users\/1"}],"replies":[{"embeddable":true,"href":"https:\/\/hudo.com\/si\/wp-json\/wp\/v2\/comments?post=9151"}],"version-history":[{"count":0,"href":"https:\/\/hudo.com\/si\/wp-json\/wp\/v2\/posts\/9151\/revisions"}],"wp:attachment":[{"href":"https:\/\/hudo.com\/si\/wp-json\/wp\/v2\/media?parent=9151"}],"wp:term":[{"taxonomy":"category","embeddable":true,"href":"https:\/\/hudo.com\/si\/wp-json\/wp\/v2\/categories?post=9151"},{"taxonomy":"post_tag","embeddable":true,"href":"https:\/\/hudo.com\/si\/wp-json\/wp\/v2\/tags?post=9151"},{"taxonomy":"source","embeddable":true,"href":"https:\/\/hudo.com\/si\/wp-json\/wp\/v2\/source?post=9151"},{"taxonomy":"supertag","embeddable":true,"href":"https:\/\/hudo.com\/si\/wp-json\/wp\/v2\/supertag?post=9151"}],"curies":[{"name":"wp","href":"https:\/\/api.w.org\/{rel}","templated":true}]}}