{"id":91510,"date":"2016-07-09T06:00:00","date_gmt":"2016-07-09T04:00:00","guid":{"rendered":"http:\/\/hudo.com\/si\/2016\/07\/09\/vidmarjevo-vilo-bo-zasedel-novi-nemski-veleposlanik\/"},"modified":"2016-07-09T06:00:00","modified_gmt":"2016-07-09T04:00:00","slug":"vidmarjevo-vilo-bo-zasedel-novi-nemski-veleposlanik","status":"publish","type":"post","link":"https:\/\/hudo.com\/si\/aktualno\/vidmarjevo-vilo-bo-zasedel-novi-nemski-veleposlanik\/","title":{"rendered":"Vidmarjevo vilo bo zasedel novi nem\u0161ki veleposlanik"},"content":{"rendered":"<p>Kategorija: Slovenija Sat, 09 Jul 2016 08:00:00 +0200  Ljubljana \u2013 Sredi julija bosta v Ljubljano prispela nova diplomatska predstavnika: avstrijskega veleposlanika Clemensa Kojo bo nadomestila nekdanja generalna konzulka v Milanu Sigrid Berka, veleposlanico Nem\u010dije dr. Anno Elisabeth Prinz pa diplomat Klaus Peter Riedel. Za novega veleposlanika Zvezne republike Nem\u010dije Slovenija ni neznanka, saj je bil do leta 1999 stalni namestnik veleposlanika v Ljubljani, v tej vlogi pa je tudi zdaj na Irskem. V Slovenijo bo prispel v nekaj tednih, so nam pojasnili na nem\u0161kem veleposlani\u0161tvu, zanj je bil \u017ee izdan agrema. Medtem ko v uradu predsednika Boruta Pahorja o novih veleposlanikih \u0161e mol\u010dijo, saj da je postopek njihove potrditve tajen, so na ministrstvu za zunanje zadeve le potrdili, da so bili obve\u0161\u010deni o na\u010drtovanem zaklju\u010dku slu\u017ebovanja dr. Clemensa Koje in o odhodu nem\u0161ke veleposlanice dr. Anne Elisabeth Prinz,\u00a0&#8230;<\/p>\n","protected":false},"excerpt":{"rendered":"<p>Kategorija: Slovenija Sat, 09 Jul 2016 08:00:00 +0200  Ljubljana \u2013 Sredi julija bosta v Ljubljano prispela nova diplomatska predstavnika: avstrijskega veleposlanika Clemensa Kojo bo nadomestila nekdanja generalna konzulka v Milanu Sigrid Berka, veleposlanico Nem\u010dije dr. Anno Elisabeth Prinz pa diplomat Klaus Peter Riedel. Za novega veleposlanika Zvezne republike Nem\u010dije Slovenija ni neznanka, saj je bil do leta 1999 stalni namestnik veleposlanika v Ljubljani, v tej vlogi pa je tudi zdaj na Irskem. V Slovenijo bo prispel v nekaj tednih, so nam pojasnili na nem\u0161kem veleposlani\u0161tvu, zanj je bil \u017ee izdan agrema. Medtem ko v uradu predsednika Boruta Pahorja o novih veleposlanikih \u0161e mol\u010dijo, saj da je postopek njihove potrditve tajen, so na ministrstvu za zunanje zadeve le potrdili, da so bili obve\u0161\u010deni o na\u010drtovanem zaklju\u010dku slu\u017ebovanja dr. Clemensa Koje in o odhodu nem\u0161ke veleposlanice dr. Anne Elisabeth Prinz,\u00a0&#8230;<\/p>\n","protected":false},"author":1,"featured_media":0,"comment_status":"closed","ping_status":"closed","sticky":false,"template":"","format":"standard","meta":{"footnotes":""},"categories":[1179],"tags":[],"source":[4511],"supertag":[],"acf":[],"yoast_head":"<!-- This site is optimized with the Yoast SEO plugin v21.3 - https:\/\/yoast.com\/wordpress\/plugins\/seo\/ -->\n<title>Vidmarjevo vilo bo zasedel novi nem\u0161ki veleposlanik - Hudo Slovenija<\/title>\n<meta name=\"robots\" content=\"index, follow, max-snippet:-1, max-image-preview:large, max-video-preview:-1\" \/>\n<link rel=\"canonical\" href=\"https:\/\/hudo.com\/si\/aktualno\/vidmarjevo-vilo-bo-zasedel-novi-nemski-veleposlanik\/\" \/>\n<meta property=\"og:locale\" content=\"sl_SI\" \/>\n<meta property=\"og:type\" content=\"article\" \/>\n<meta property=\"og:title\" content=\"Vidmarjevo vilo bo zasedel novi nem\u0161ki veleposlanik - Hudo Slovenija\" \/>\n<meta property=\"og:description\" content=\"Kategorija: Slovenija Sat, 09 Jul 2016 08:00:00 +0200 Ljubljana \u2013 Sredi julija bosta v Ljubljano prispela nova diplomatska predstavnika: avstrijskega veleposlanika Clemensa Kojo bo nadomestila nekdanja generalna konzulka v Milanu Sigrid Berka, veleposlanico Nem\u010dije dr. Anno Elisabeth Prinz pa diplomat Klaus Peter Riedel. Za novega veleposlanika Zvezne republike Nem\u010dije Slovenija ni neznanka, saj je bil do leta 1999 stalni namestnik veleposlanika v Ljubljani, v tej vlogi pa je tudi zdaj na Irskem. V Slovenijo bo prispel v nekaj tednih, so nam pojasnili na nem\u0161kem veleposlani\u0161tvu, zanj je bil \u017ee izdan agrema. Medtem ko v uradu predsednika Boruta Pahorja o novih veleposlanikih \u0161e mol\u010dijo, saj da je postopek njihove potrditve tajen, so na ministrstvu za zunanje zadeve le potrdili, da so bili obve\u0161\u010deni o na\u010drtovanem zaklju\u010dku slu\u017ebovanja dr. Clemensa Koje in o odhodu nem\u0161ke veleposlanice dr. Anne Elisabeth Prinz,\u00a0...\" \/>\n<meta property=\"og:url\" content=\"https:\/\/hudo.com\/si\/aktualno\/vidmarjevo-vilo-bo-zasedel-novi-nemski-veleposlanik\/\" \/>\n<meta property=\"og:site_name\" content=\"Hudo Slovenija\" \/>\n<meta property=\"article:publisher\" content=\"https:\/\/www.facebook.com\/hudo.si\" \/>\n<meta property=\"article:published_time\" content=\"2016-07-09T04:00:00+00:00\" \/>\n<meta property=\"og:image\" content=\"https:\/\/hudo.com\/si\/wp-content\/uploads\/sites\/2\/2016\/07\/480x290_2_stran__Delo_Foto_20160704_hires2.jpeg\" \/>\n\t<meta property=\"og:image:width\" content=\"480\" \/>\n\t<meta property=\"og:image:height\" content=\"290\" \/>\n\t<meta property=\"og:image:type\" content=\"image\/jpeg\" \/>\n<meta name=\"author\" content=\"hudo\" \/>\n<meta name=\"twitter:card\" content=\"summary_large_image\" \/>\n<meta name=\"twitter:creator\" content=\"@hudo_si\" \/>\n<meta name=\"twitter:site\" content=\"@hudo_si\" \/>\n<meta name=\"twitter:label1\" content=\"Written by\" \/>\n\t<meta name=\"twitter:data1\" content=\"hudo\" \/>\n\t<meta name=\"twitter:label2\" content=\"Est. reading time\" \/>\n\t<meta name=\"twitter:data2\" content=\"1 minuta\" \/>\n<script type=\"application\/ld+json\" class=\"yoast-schema-graph\">{\"@context\":\"https:\/\/schema.org\",\"@graph\":[{\"@type\":\"Article\",\"@id\":\"https:\/\/hudo.com\/si\/aktualno\/vidmarjevo-vilo-bo-zasedel-novi-nemski-veleposlanik\/#article\",\"isPartOf\":{\"@id\":\"https:\/\/hudo.com\/si\/aktualno\/vidmarjevo-vilo-bo-zasedel-novi-nemski-veleposlanik\/\"},\"author\":{\"name\":\"hudo\",\"@id\":\"https:\/\/hudo.com\/si\/#\/schema\/person\/601cf3379633985b20f7e50f2bb47707\"},\"headline\":\"Vidmarjevo vilo bo zasedel novi nem\u0161ki veleposlanik\",\"datePublished\":\"2016-07-09T04:00:00+00:00\",\"dateModified\":\"2016-07-09T04:00:00+00:00\",\"mainEntityOfPage\":{\"@id\":\"https:\/\/hudo.com\/si\/aktualno\/vidmarjevo-vilo-bo-zasedel-novi-nemski-veleposlanik\/\"},\"wordCount\":150,\"publisher\":{\"@id\":\"https:\/\/hudo.com\/si\/#organization\"},\"articleSection\":[\"Aktualno\"],\"inLanguage\":\"sl-SI\"},{\"@type\":\"WebPage\",\"@id\":\"https:\/\/hudo.com\/si\/aktualno\/vidmarjevo-vilo-bo-zasedel-novi-nemski-veleposlanik\/\",\"url\":\"https:\/\/hudo.com\/si\/aktualno\/vidmarjevo-vilo-bo-zasedel-novi-nemski-veleposlanik\/\",\"name\":\"Vidmarjevo vilo bo zasedel novi nem\u0161ki veleposlanik - Hudo Slovenija\",\"isPartOf\":{\"@id\":\"https:\/\/hudo.com\/si\/#website\"},\"datePublished\":\"2016-07-09T04:00:00+00:00\",\"dateModified\":\"2016-07-09T04:00:00+00:00\",\"breadcrumb\":{\"@id\":\"https:\/\/hudo.com\/si\/aktualno\/vidmarjevo-vilo-bo-zasedel-novi-nemski-veleposlanik\/#breadcrumb\"},\"inLanguage\":\"sl-SI\",\"potentialAction\":[{\"@type\":\"ReadAction\",\"target\":[\"https:\/\/hudo.com\/si\/aktualno\/vidmarjevo-vilo-bo-zasedel-novi-nemski-veleposlanik\/\"]}]},{\"@type\":\"BreadcrumbList\",\"@id\":\"https:\/\/hudo.com\/si\/aktualno\/vidmarjevo-vilo-bo-zasedel-novi-nemski-veleposlanik\/#breadcrumb\",\"itemListElement\":[{\"@type\":\"ListItem\",\"position\":1,\"name\":\"Home\",\"item\":\"https:\/\/hudo.com\/si\/\"},{\"@type\":\"ListItem\",\"position\":2,\"name\":\"Vidmarjevo vilo bo zasedel novi nem\u0161ki veleposlanik\"}]},{\"@type\":\"WebSite\",\"@id\":\"https:\/\/hudo.com\/si\/#website\",\"url\":\"https:\/\/hudo.com\/si\/\",\"name\":\"Hudo Slovenija\",\"description\":\"Vse novice iz Slovenije in sveta\",\"publisher\":{\"@id\":\"https:\/\/hudo.com\/si\/#organization\"},\"potentialAction\":[{\"@type\":\"SearchAction\",\"target\":{\"@type\":\"EntryPoint\",\"urlTemplate\":\"https:\/\/hudo.com\/si\/?s={search_term_string}\"},\"query-input\":\"required name=search_term_string\"}],\"inLanguage\":\"sl-SI\"},{\"@type\":\"Organization\",\"@id\":\"https:\/\/hudo.com\/si\/#organization\",\"name\":\"VSN Media\",\"url\":\"https:\/\/hudo.com\/si\/\",\"logo\":{\"@type\":\"ImageObject\",\"inLanguage\":\"sl-SI\",\"@id\":\"https:\/\/hudo.com\/si\/#\/schema\/logo\/image\/\",\"url\":\"https:\/\/hudo.com\/si\/wp-content\/uploads\/sites\/2\/2021\/03\/hudo-app-2.png\",\"contentUrl\":\"https:\/\/hudo.com\/si\/wp-content\/uploads\/sites\/2\/2021\/03\/hudo-app-2.png\",\"width\":2185,\"height\":2167,\"caption\":\"VSN Media\"},\"image\":{\"@id\":\"https:\/\/hudo.com\/si\/#\/schema\/logo\/image\/\"},\"sameAs\":[\"https:\/\/www.facebook.com\/hudo.si\",\"https:\/\/twitter.com\/hudo_si\"]},{\"@type\":\"Person\",\"@id\":\"https:\/\/hudo.com\/si\/#\/schema\/person\/601cf3379633985b20f7e50f2bb47707\",\"name\":\"hudo\",\"image\":{\"@type\":\"ImageObject\",\"inLanguage\":\"sl-SI\",\"@id\":\"https:\/\/hudo.com\/si\/#\/schema\/person\/image\/\",\"url\":\"https:\/\/secure.gravatar.com\/avatar\/c4ca25fa72cace7a696b52ff5db9e095?s=96&d=mm&r=g\",\"contentUrl\":\"https:\/\/secure.gravatar.com\/avatar\/c4ca25fa72cace7a696b52ff5db9e095?s=96&d=mm&r=g\",\"caption\":\"hudo\"},\"url\":\"https:\/\/hudo.com\/si\/author\/hudo\/\"}]}<\/script>\n<!-- \/ Yoast SEO plugin. -->","yoast_head_json":{"title":"Vidmarjevo vilo bo zasedel novi nem\u0161ki veleposlanik - Hudo Slovenija","robots":{"index":"index","follow":"follow","max-snippet":"max-snippet:-1","max-image-preview":"max-image-preview:large","max-video-preview":"max-video-preview:-1"},"canonical":"https:\/\/hudo.com\/si\/aktualno\/vidmarjevo-vilo-bo-zasedel-novi-nemski-veleposlanik\/","og_locale":"sl_SI","og_type":"article","og_title":"Vidmarjevo vilo bo zasedel novi nem\u0161ki veleposlanik - Hudo Slovenija","og_description":"Kategorija: Slovenija Sat, 09 Jul 2016 08:00:00 +0200 Ljubljana \u2013 Sredi julija bosta v Ljubljano prispela nova diplomatska predstavnika: avstrijskega veleposlanika Clemensa Kojo bo nadomestila nekdanja generalna konzulka v Milanu Sigrid Berka, veleposlanico Nem\u010dije dr. Anno Elisabeth Prinz pa diplomat Klaus Peter Riedel. Za novega veleposlanika Zvezne republike Nem\u010dije Slovenija ni neznanka, saj je bil do leta 1999 stalni namestnik veleposlanika v Ljubljani, v tej vlogi pa je tudi zdaj na Irskem. V Slovenijo bo prispel v nekaj tednih, so nam pojasnili na nem\u0161kem veleposlani\u0161tvu, zanj je bil \u017ee izdan agrema. Medtem ko v uradu predsednika Boruta Pahorja o novih veleposlanikih \u0161e mol\u010dijo, saj da je postopek njihove potrditve tajen, so na ministrstvu za zunanje zadeve le potrdili, da so bili obve\u0161\u010deni o na\u010drtovanem zaklju\u010dku slu\u017ebovanja dr. Clemensa Koje in o odhodu nem\u0161ke veleposlanice dr. Anne Elisabeth Prinz,\u00a0...","og_url":"https:\/\/hudo.com\/si\/aktualno\/vidmarjevo-vilo-bo-zasedel-novi-nemski-veleposlanik\/","og_site_name":"Hudo Slovenija","article_publisher":"https:\/\/www.facebook.com\/hudo.si","article_published_time":"2016-07-09T04:00:00+00:00","og_image":[{"width":480,"height":290,"url":"https:\/\/hudo.com\/si\/wp-content\/uploads\/sites\/2\/2016\/07\/480x290_2_stran__Delo_Foto_20160704_hires2.jpeg","type":"image\/jpeg"}],"author":"hudo","twitter_card":"summary_large_image","twitter_creator":"@hudo_si","twitter_site":"@hudo_si","twitter_misc":{"Written by":"hudo","Est. reading time":"1 minuta"},"schema":{"@context":"https:\/\/schema.org","@graph":[{"@type":"Article","@id":"https:\/\/hudo.com\/si\/aktualno\/vidmarjevo-vilo-bo-zasedel-novi-nemski-veleposlanik\/#article","isPartOf":{"@id":"https:\/\/hudo.com\/si\/aktualno\/vidmarjevo-vilo-bo-zasedel-novi-nemski-veleposlanik\/"},"author":{"name":"hudo","@id":"https:\/\/hudo.com\/si\/#\/schema\/person\/601cf3379633985b20f7e50f2bb47707"},"headline":"Vidmarjevo vilo bo zasedel novi nem\u0161ki veleposlanik","datePublished":"2016-07-09T04:00:00+00:00","dateModified":"2016-07-09T04:00:00+00:00","mainEntityOfPage":{"@id":"https:\/\/hudo.com\/si\/aktualno\/vidmarjevo-vilo-bo-zasedel-novi-nemski-veleposlanik\/"},"wordCount":150,"publisher":{"@id":"https:\/\/hudo.com\/si\/#organization"},"articleSection":["Aktualno"],"inLanguage":"sl-SI"},{"@type":"WebPage","@id":"https:\/\/hudo.com\/si\/aktualno\/vidmarjevo-vilo-bo-zasedel-novi-nemski-veleposlanik\/","url":"https:\/\/hudo.com\/si\/aktualno\/vidmarjevo-vilo-bo-zasedel-novi-nemski-veleposlanik\/","name":"Vidmarjevo vilo bo zasedel novi nem\u0161ki veleposlanik - Hudo Slovenija","isPartOf":{"@id":"https:\/\/hudo.com\/si\/#website"},"datePublished":"2016-07-09T04:00:00+00:00","dateModified":"2016-07-09T04:00:00+00:00","breadcrumb":{"@id":"https:\/\/hudo.com\/si\/aktualno\/vidmarjevo-vilo-bo-zasedel-novi-nemski-veleposlanik\/#breadcrumb"},"inLanguage":"sl-SI","potentialAction":[{"@type":"ReadAction","target":["https:\/\/hudo.com\/si\/aktualno\/vidmarjevo-vilo-bo-zasedel-novi-nemski-veleposlanik\/"]}]},{"@type":"BreadcrumbList","@id":"https:\/\/hudo.com\/si\/aktualno\/vidmarjevo-vilo-bo-zasedel-novi-nemski-veleposlanik\/#breadcrumb","itemListElement":[{"@type":"ListItem","position":1,"name":"Home","item":"https:\/\/hudo.com\/si\/"},{"@type":"ListItem","position":2,"name":"Vidmarjevo vilo bo zasedel novi nem\u0161ki veleposlanik"}]},{"@type":"WebSite","@id":"https:\/\/hudo.com\/si\/#website","url":"https:\/\/hudo.com\/si\/","name":"Hudo Slovenija","description":"Vse novice iz Slovenije in sveta","publisher":{"@id":"https:\/\/hudo.com\/si\/#organization"},"potentialAction":[{"@type":"SearchAction","target":{"@type":"EntryPoint","urlTemplate":"https:\/\/hudo.com\/si\/?s={search_term_string}"},"query-input":"required name=search_term_string"}],"inLanguage":"sl-SI"},{"@type":"Organization","@id":"https:\/\/hudo.com\/si\/#organization","name":"VSN Media","url":"https:\/\/hudo.com\/si\/","logo":{"@type":"ImageObject","inLanguage":"sl-SI","@id":"https:\/\/hudo.com\/si\/#\/schema\/logo\/image\/","url":"https:\/\/hudo.com\/si\/wp-content\/uploads\/sites\/2\/2021\/03\/hudo-app-2.png","contentUrl":"https:\/\/hudo.com\/si\/wp-content\/uploads\/sites\/2\/2021\/03\/hudo-app-2.png","width":2185,"height":2167,"caption":"VSN Media"},"image":{"@id":"https:\/\/hudo.com\/si\/#\/schema\/logo\/image\/"},"sameAs":["https:\/\/www.facebook.com\/hudo.si","https:\/\/twitter.com\/hudo_si"]},{"@type":"Person","@id":"https:\/\/hudo.com\/si\/#\/schema\/person\/601cf3379633985b20f7e50f2bb47707","name":"hudo","image":{"@type":"ImageObject","inLanguage":"sl-SI","@id":"https:\/\/hudo.com\/si\/#\/schema\/person\/image\/","url":"https:\/\/secure.gravatar.com\/avatar\/c4ca25fa72cace7a696b52ff5db9e095?s=96&d=mm&r=g","contentUrl":"https:\/\/secure.gravatar.com\/avatar\/c4ca25fa72cace7a696b52ff5db9e095?s=96&d=mm&r=g","caption":"hudo"},"url":"https:\/\/hudo.com\/si\/author\/hudo\/"}]}},"amp_enabled":true,"_links":{"self":[{"href":"https:\/\/hudo.com\/si\/wp-json\/wp\/v2\/posts\/91510"}],"collection":[{"href":"https:\/\/hudo.com\/si\/wp-json\/wp\/v2\/posts"}],"about":[{"href":"https:\/\/hudo.com\/si\/wp-json\/wp\/v2\/types\/post"}],"author":[{"embeddable":true,"href":"https:\/\/hudo.com\/si\/wp-json\/wp\/v2\/users\/1"}],"replies":[{"embeddable":true,"href":"https:\/\/hudo.com\/si\/wp-json\/wp\/v2\/comments?post=91510"}],"version-history":[{"count":0,"href":"https:\/\/hudo.com\/si\/wp-json\/wp\/v2\/posts\/91510\/revisions"}],"wp:attachment":[{"href":"https:\/\/hudo.com\/si\/wp-json\/wp\/v2\/media?parent=91510"}],"wp:term":[{"taxonomy":"category","embeddable":true,"href":"https:\/\/hudo.com\/si\/wp-json\/wp\/v2\/categories?post=91510"},{"taxonomy":"post_tag","embeddable":true,"href":"https:\/\/hudo.com\/si\/wp-json\/wp\/v2\/tags?post=91510"},{"taxonomy":"source","embeddable":true,"href":"https:\/\/hudo.com\/si\/wp-json\/wp\/v2\/source?post=91510"},{"taxonomy":"supertag","embeddable":true,"href":"https:\/\/hudo.com\/si\/wp-json\/wp\/v2\/supertag?post=91510"}],"curies":[{"name":"wp","href":"https:\/\/api.w.org\/{rel}","templated":true}]}}