{"id":91524,"date":"2016-07-09T06:00:00","date_gmt":"2016-07-09T04:00:00","guid":{"rendered":"http:\/\/hudo.com\/si\/2016\/07\/09\/posledic-dosedanjih-emisij-se-nismo-obcutili\/"},"modified":"2016-07-09T06:00:00","modified_gmt":"2016-07-09T04:00:00","slug":"posledic-dosedanjih-emisij-se-nismo-obcutili","status":"publish","type":"post","link":"https:\/\/hudo.com\/si\/aktualno\/posledic-dosedanjih-emisij-se-nismo-obcutili\/","title":{"rendered":"Posledic dosedanjih emisij \u0161e nismo ob\u010dutili"},"content":{"rendered":"<p>Kategorija: Okolje Sat, 09 Jul 2016 08:00:00 +0200  Ljubljana \u2013 \u00bbNe glede na to, kako dobro bo svet nadziral izpuste toplogrednih plinov, se bo podnebje \u0161e naprej spreminjalo. Svet \u0161e ni ob\u010dutil niti polnega u\u010dinka dana\u0161nje ravni toplogrednih plinov,\u00ab opozarjajo v Umanoteri.Borut Tav\u010dar Dosedanji izpusti so v zadnjem stoletju povzro\u010dili dvig povpre\u010dne globalne temperature na zemeljskem povr\u0161ju za 0,7 stopinje, njihov vpliv pa se bo nadaljeval vsaj \u0161e stoletje. Slovenija se segreva \u0161e hitreje od svetovnega povpre\u010dja, v zadnjih 50 letih je bil izmerjen dvig povpre\u010dne temperature za 1,7 stopinje Celzija. Zmanj\u0161ala se je vi\u0161ina sne\u017ene odeje in pove\u010dalo trajanje son\u010dnega obsevanja. \u0160tevilo vro\u010dih dni s temperaturo nad 30 stopinj Celzija se je mo\u010dno pove\u010dalo. Prilagajanje na podnebne spremembe je klju\u010dni dejavnik prihodnje blaginje prebivalcev Slovenije. Zato je Umanotera v okviru projekta Slovenija zni\u017euje CO2: dobre prakse izbrala\u00a0&#8230;<\/p>\n","protected":false},"excerpt":{"rendered":"<p>Kategorija: Okolje Sat, 09 Jul 2016 08:00:00 +0200  Ljubljana \u2013 \u00bbNe glede na to, kako dobro bo svet nadziral izpuste toplogrednih plinov, se bo podnebje \u0161e naprej spreminjalo. Svet \u0161e ni ob\u010dutil niti polnega u\u010dinka dana\u0161nje ravni toplogrednih plinov,\u00ab opozarjajo v Umanoteri.Borut Tav\u010dar Dosedanji izpusti so v zadnjem stoletju povzro\u010dili dvig povpre\u010dne globalne temperature na zemeljskem povr\u0161ju za 0,7 stopinje, njihov vpliv pa se bo nadaljeval vsaj \u0161e stoletje. Slovenija se segreva \u0161e hitreje od svetovnega povpre\u010dja, v zadnjih 50 letih je bil izmerjen dvig povpre\u010dne temperature za 1,7 stopinje Celzija. Zmanj\u0161ala se je vi\u0161ina sne\u017ene odeje in pove\u010dalo trajanje son\u010dnega obsevanja. \u0160tevilo vro\u010dih dni s temperaturo nad 30 stopinj Celzija se je mo\u010dno pove\u010dalo. Prilagajanje na podnebne spremembe je klju\u010dni dejavnik prihodnje blaginje prebivalcev Slovenije. Zato je Umanotera v okviru projekta Slovenija zni\u017euje CO2: dobre prakse izbrala\u00a0&#8230;<\/p>\n","protected":false},"author":1,"featured_media":0,"comment_status":"closed","ping_status":"closed","sticky":false,"template":"","format":"standard","meta":{"footnotes":""},"categories":[1179],"tags":[],"source":[4511],"supertag":[],"acf":[],"yoast_head":"<!-- This site is optimized with the Yoast SEO plugin v21.3 - https:\/\/yoast.com\/wordpress\/plugins\/seo\/ -->\n<title>Posledic dosedanjih emisij \u0161e nismo ob\u010dutili - Hudo Slovenija<\/title>\n<meta name=\"robots\" content=\"index, follow, max-snippet:-1, max-image-preview:large, max-video-preview:-1\" \/>\n<link rel=\"canonical\" href=\"https:\/\/hudo.com\/si\/aktualno\/posledic-dosedanjih-emisij-se-nismo-obcutili\/\" \/>\n<meta property=\"og:locale\" content=\"sl_SI\" \/>\n<meta property=\"og:type\" content=\"article\" \/>\n<meta property=\"og:title\" content=\"Posledic dosedanjih emisij \u0161e nismo ob\u010dutili - Hudo Slovenija\" \/>\n<meta property=\"og:description\" content=\"Kategorija: Okolje Sat, 09 Jul 2016 08:00:00 +0200 Ljubljana \u2013 \u00bbNe glede na to, kako dobro bo svet nadziral izpuste toplogrednih plinov, se bo podnebje \u0161e naprej spreminjalo. Svet \u0161e ni ob\u010dutil niti polnega u\u010dinka dana\u0161nje ravni toplogrednih plinov,\u00ab opozarjajo v Umanoteri.Borut Tav\u010dar Dosedanji izpusti so v zadnjem stoletju povzro\u010dili dvig povpre\u010dne globalne temperature na zemeljskem povr\u0161ju za 0,7 stopinje, njihov vpliv pa se bo nadaljeval vsaj \u0161e stoletje. Slovenija se segreva \u0161e hitreje od svetovnega povpre\u010dja, v zadnjih 50 letih je bil izmerjen dvig povpre\u010dne temperature za 1,7 stopinje Celzija. Zmanj\u0161ala se je vi\u0161ina sne\u017ene odeje in pove\u010dalo trajanje son\u010dnega obsevanja. \u0160tevilo vro\u010dih dni s temperaturo nad 30 stopinj Celzija se je mo\u010dno pove\u010dalo. Prilagajanje na podnebne spremembe je klju\u010dni dejavnik prihodnje blaginje prebivalcev Slovenije. Zato je Umanotera v okviru projekta Slovenija zni\u017euje CO2: dobre prakse izbrala\u00a0...\" \/>\n<meta property=\"og:url\" content=\"https:\/\/hudo.com\/si\/aktualno\/posledic-dosedanjih-emisij-se-nismo-obcutili\/\" \/>\n<meta property=\"og:site_name\" content=\"Hudo Slovenija\" \/>\n<meta property=\"article:publisher\" content=\"https:\/\/www.facebook.com\/hudo.si\" \/>\n<meta property=\"article:published_time\" content=\"2016-07-09T04:00:00+00:00\" \/>\n<meta property=\"og:image\" content=\"https:\/\/hudo.com\/si\/wp-content\/uploads\/sites\/2\/2016\/07\/480x290_Gospodarska__djvu_2163787_t_hires0.jpeg\" \/>\n\t<meta property=\"og:image:width\" content=\"480\" \/>\n\t<meta property=\"og:image:height\" content=\"290\" \/>\n\t<meta property=\"og:image:type\" content=\"image\/jpeg\" \/>\n<meta name=\"author\" content=\"hudo\" \/>\n<meta name=\"twitter:card\" content=\"summary_large_image\" \/>\n<meta name=\"twitter:creator\" content=\"@hudo_si\" \/>\n<meta name=\"twitter:site\" content=\"@hudo_si\" \/>\n<meta name=\"twitter:label1\" content=\"Written by\" \/>\n\t<meta name=\"twitter:data1\" content=\"hudo\" \/>\n\t<meta name=\"twitter:label2\" content=\"Est. reading time\" \/>\n\t<meta name=\"twitter:data2\" content=\"1 minuta\" \/>\n<script type=\"application\/ld+json\" class=\"yoast-schema-graph\">{\"@context\":\"https:\/\/schema.org\",\"@graph\":[{\"@type\":\"Article\",\"@id\":\"https:\/\/hudo.com\/si\/aktualno\/posledic-dosedanjih-emisij-se-nismo-obcutili\/#article\",\"isPartOf\":{\"@id\":\"https:\/\/hudo.com\/si\/aktualno\/posledic-dosedanjih-emisij-se-nismo-obcutili\/\"},\"author\":{\"name\":\"hudo\",\"@id\":\"https:\/\/hudo.com\/si\/#\/schema\/person\/601cf3379633985b20f7e50f2bb47707\"},\"headline\":\"Posledic dosedanjih emisij \u0161e nismo ob\u010dutili\",\"datePublished\":\"2016-07-09T04:00:00+00:00\",\"dateModified\":\"2016-07-09T04:00:00+00:00\",\"mainEntityOfPage\":{\"@id\":\"https:\/\/hudo.com\/si\/aktualno\/posledic-dosedanjih-emisij-se-nismo-obcutili\/\"},\"wordCount\":156,\"publisher\":{\"@id\":\"https:\/\/hudo.com\/si\/#organization\"},\"articleSection\":[\"Aktualno\"],\"inLanguage\":\"sl-SI\"},{\"@type\":\"WebPage\",\"@id\":\"https:\/\/hudo.com\/si\/aktualno\/posledic-dosedanjih-emisij-se-nismo-obcutili\/\",\"url\":\"https:\/\/hudo.com\/si\/aktualno\/posledic-dosedanjih-emisij-se-nismo-obcutili\/\",\"name\":\"Posledic dosedanjih emisij \u0161e nismo ob\u010dutili - Hudo Slovenija\",\"isPartOf\":{\"@id\":\"https:\/\/hudo.com\/si\/#website\"},\"datePublished\":\"2016-07-09T04:00:00+00:00\",\"dateModified\":\"2016-07-09T04:00:00+00:00\",\"breadcrumb\":{\"@id\":\"https:\/\/hudo.com\/si\/aktualno\/posledic-dosedanjih-emisij-se-nismo-obcutili\/#breadcrumb\"},\"inLanguage\":\"sl-SI\",\"potentialAction\":[{\"@type\":\"ReadAction\",\"target\":[\"https:\/\/hudo.com\/si\/aktualno\/posledic-dosedanjih-emisij-se-nismo-obcutili\/\"]}]},{\"@type\":\"BreadcrumbList\",\"@id\":\"https:\/\/hudo.com\/si\/aktualno\/posledic-dosedanjih-emisij-se-nismo-obcutili\/#breadcrumb\",\"itemListElement\":[{\"@type\":\"ListItem\",\"position\":1,\"name\":\"Home\",\"item\":\"https:\/\/hudo.com\/si\/\"},{\"@type\":\"ListItem\",\"position\":2,\"name\":\"Posledic dosedanjih emisij \u0161e nismo ob\u010dutili\"}]},{\"@type\":\"WebSite\",\"@id\":\"https:\/\/hudo.com\/si\/#website\",\"url\":\"https:\/\/hudo.com\/si\/\",\"name\":\"Hudo Slovenija\",\"description\":\"Vse novice iz Slovenije in sveta\",\"publisher\":{\"@id\":\"https:\/\/hudo.com\/si\/#organization\"},\"potentialAction\":[{\"@type\":\"SearchAction\",\"target\":{\"@type\":\"EntryPoint\",\"urlTemplate\":\"https:\/\/hudo.com\/si\/?s={search_term_string}\"},\"query-input\":\"required name=search_term_string\"}],\"inLanguage\":\"sl-SI\"},{\"@type\":\"Organization\",\"@id\":\"https:\/\/hudo.com\/si\/#organization\",\"name\":\"VSN Media\",\"url\":\"https:\/\/hudo.com\/si\/\",\"logo\":{\"@type\":\"ImageObject\",\"inLanguage\":\"sl-SI\",\"@id\":\"https:\/\/hudo.com\/si\/#\/schema\/logo\/image\/\",\"url\":\"https:\/\/hudo.com\/si\/wp-content\/uploads\/sites\/2\/2021\/03\/hudo-app-2.png\",\"contentUrl\":\"https:\/\/hudo.com\/si\/wp-content\/uploads\/sites\/2\/2021\/03\/hudo-app-2.png\",\"width\":2185,\"height\":2167,\"caption\":\"VSN Media\"},\"image\":{\"@id\":\"https:\/\/hudo.com\/si\/#\/schema\/logo\/image\/\"},\"sameAs\":[\"https:\/\/www.facebook.com\/hudo.si\",\"https:\/\/twitter.com\/hudo_si\"]},{\"@type\":\"Person\",\"@id\":\"https:\/\/hudo.com\/si\/#\/schema\/person\/601cf3379633985b20f7e50f2bb47707\",\"name\":\"hudo\",\"image\":{\"@type\":\"ImageObject\",\"inLanguage\":\"sl-SI\",\"@id\":\"https:\/\/hudo.com\/si\/#\/schema\/person\/image\/\",\"url\":\"https:\/\/secure.gravatar.com\/avatar\/c4ca25fa72cace7a696b52ff5db9e095?s=96&d=mm&r=g\",\"contentUrl\":\"https:\/\/secure.gravatar.com\/avatar\/c4ca25fa72cace7a696b52ff5db9e095?s=96&d=mm&r=g\",\"caption\":\"hudo\"},\"url\":\"https:\/\/hudo.com\/si\/author\/hudo\/\"}]}<\/script>\n<!-- \/ Yoast SEO plugin. -->","yoast_head_json":{"title":"Posledic dosedanjih emisij \u0161e nismo ob\u010dutili - Hudo Slovenija","robots":{"index":"index","follow":"follow","max-snippet":"max-snippet:-1","max-image-preview":"max-image-preview:large","max-video-preview":"max-video-preview:-1"},"canonical":"https:\/\/hudo.com\/si\/aktualno\/posledic-dosedanjih-emisij-se-nismo-obcutili\/","og_locale":"sl_SI","og_type":"article","og_title":"Posledic dosedanjih emisij \u0161e nismo ob\u010dutili - Hudo Slovenija","og_description":"Kategorija: Okolje Sat, 09 Jul 2016 08:00:00 +0200 Ljubljana \u2013 \u00bbNe glede na to, kako dobro bo svet nadziral izpuste toplogrednih plinov, se bo podnebje \u0161e naprej spreminjalo. Svet \u0161e ni ob\u010dutil niti polnega u\u010dinka dana\u0161nje ravni toplogrednih plinov,\u00ab opozarjajo v Umanoteri.Borut Tav\u010dar Dosedanji izpusti so v zadnjem stoletju povzro\u010dili dvig povpre\u010dne globalne temperature na zemeljskem povr\u0161ju za 0,7 stopinje, njihov vpliv pa se bo nadaljeval vsaj \u0161e stoletje. Slovenija se segreva \u0161e hitreje od svetovnega povpre\u010dja, v zadnjih 50 letih je bil izmerjen dvig povpre\u010dne temperature za 1,7 stopinje Celzija. Zmanj\u0161ala se je vi\u0161ina sne\u017ene odeje in pove\u010dalo trajanje son\u010dnega obsevanja. \u0160tevilo vro\u010dih dni s temperaturo nad 30 stopinj Celzija se je mo\u010dno pove\u010dalo. Prilagajanje na podnebne spremembe je klju\u010dni dejavnik prihodnje blaginje prebivalcev Slovenije. Zato je Umanotera v okviru projekta Slovenija zni\u017euje CO2: dobre prakse izbrala\u00a0...","og_url":"https:\/\/hudo.com\/si\/aktualno\/posledic-dosedanjih-emisij-se-nismo-obcutili\/","og_site_name":"Hudo Slovenija","article_publisher":"https:\/\/www.facebook.com\/hudo.si","article_published_time":"2016-07-09T04:00:00+00:00","og_image":[{"width":480,"height":290,"url":"https:\/\/hudo.com\/si\/wp-content\/uploads\/sites\/2\/2016\/07\/480x290_Gospodarska__djvu_2163787_t_hires0.jpeg","type":"image\/jpeg"}],"author":"hudo","twitter_card":"summary_large_image","twitter_creator":"@hudo_si","twitter_site":"@hudo_si","twitter_misc":{"Written by":"hudo","Est. reading time":"1 minuta"},"schema":{"@context":"https:\/\/schema.org","@graph":[{"@type":"Article","@id":"https:\/\/hudo.com\/si\/aktualno\/posledic-dosedanjih-emisij-se-nismo-obcutili\/#article","isPartOf":{"@id":"https:\/\/hudo.com\/si\/aktualno\/posledic-dosedanjih-emisij-se-nismo-obcutili\/"},"author":{"name":"hudo","@id":"https:\/\/hudo.com\/si\/#\/schema\/person\/601cf3379633985b20f7e50f2bb47707"},"headline":"Posledic dosedanjih emisij \u0161e nismo ob\u010dutili","datePublished":"2016-07-09T04:00:00+00:00","dateModified":"2016-07-09T04:00:00+00:00","mainEntityOfPage":{"@id":"https:\/\/hudo.com\/si\/aktualno\/posledic-dosedanjih-emisij-se-nismo-obcutili\/"},"wordCount":156,"publisher":{"@id":"https:\/\/hudo.com\/si\/#organization"},"articleSection":["Aktualno"],"inLanguage":"sl-SI"},{"@type":"WebPage","@id":"https:\/\/hudo.com\/si\/aktualno\/posledic-dosedanjih-emisij-se-nismo-obcutili\/","url":"https:\/\/hudo.com\/si\/aktualno\/posledic-dosedanjih-emisij-se-nismo-obcutili\/","name":"Posledic dosedanjih emisij \u0161e nismo ob\u010dutili - Hudo Slovenija","isPartOf":{"@id":"https:\/\/hudo.com\/si\/#website"},"datePublished":"2016-07-09T04:00:00+00:00","dateModified":"2016-07-09T04:00:00+00:00","breadcrumb":{"@id":"https:\/\/hudo.com\/si\/aktualno\/posledic-dosedanjih-emisij-se-nismo-obcutili\/#breadcrumb"},"inLanguage":"sl-SI","potentialAction":[{"@type":"ReadAction","target":["https:\/\/hudo.com\/si\/aktualno\/posledic-dosedanjih-emisij-se-nismo-obcutili\/"]}]},{"@type":"BreadcrumbList","@id":"https:\/\/hudo.com\/si\/aktualno\/posledic-dosedanjih-emisij-se-nismo-obcutili\/#breadcrumb","itemListElement":[{"@type":"ListItem","position":1,"name":"Home","item":"https:\/\/hudo.com\/si\/"},{"@type":"ListItem","position":2,"name":"Posledic dosedanjih emisij \u0161e nismo ob\u010dutili"}]},{"@type":"WebSite","@id":"https:\/\/hudo.com\/si\/#website","url":"https:\/\/hudo.com\/si\/","name":"Hudo Slovenija","description":"Vse novice iz Slovenije in sveta","publisher":{"@id":"https:\/\/hudo.com\/si\/#organization"},"potentialAction":[{"@type":"SearchAction","target":{"@type":"EntryPoint","urlTemplate":"https:\/\/hudo.com\/si\/?s={search_term_string}"},"query-input":"required name=search_term_string"}],"inLanguage":"sl-SI"},{"@type":"Organization","@id":"https:\/\/hudo.com\/si\/#organization","name":"VSN Media","url":"https:\/\/hudo.com\/si\/","logo":{"@type":"ImageObject","inLanguage":"sl-SI","@id":"https:\/\/hudo.com\/si\/#\/schema\/logo\/image\/","url":"https:\/\/hudo.com\/si\/wp-content\/uploads\/sites\/2\/2021\/03\/hudo-app-2.png","contentUrl":"https:\/\/hudo.com\/si\/wp-content\/uploads\/sites\/2\/2021\/03\/hudo-app-2.png","width":2185,"height":2167,"caption":"VSN Media"},"image":{"@id":"https:\/\/hudo.com\/si\/#\/schema\/logo\/image\/"},"sameAs":["https:\/\/www.facebook.com\/hudo.si","https:\/\/twitter.com\/hudo_si"]},{"@type":"Person","@id":"https:\/\/hudo.com\/si\/#\/schema\/person\/601cf3379633985b20f7e50f2bb47707","name":"hudo","image":{"@type":"ImageObject","inLanguage":"sl-SI","@id":"https:\/\/hudo.com\/si\/#\/schema\/person\/image\/","url":"https:\/\/secure.gravatar.com\/avatar\/c4ca25fa72cace7a696b52ff5db9e095?s=96&d=mm&r=g","contentUrl":"https:\/\/secure.gravatar.com\/avatar\/c4ca25fa72cace7a696b52ff5db9e095?s=96&d=mm&r=g","caption":"hudo"},"url":"https:\/\/hudo.com\/si\/author\/hudo\/"}]}},"amp_enabled":true,"_links":{"self":[{"href":"https:\/\/hudo.com\/si\/wp-json\/wp\/v2\/posts\/91524"}],"collection":[{"href":"https:\/\/hudo.com\/si\/wp-json\/wp\/v2\/posts"}],"about":[{"href":"https:\/\/hudo.com\/si\/wp-json\/wp\/v2\/types\/post"}],"author":[{"embeddable":true,"href":"https:\/\/hudo.com\/si\/wp-json\/wp\/v2\/users\/1"}],"replies":[{"embeddable":true,"href":"https:\/\/hudo.com\/si\/wp-json\/wp\/v2\/comments?post=91524"}],"version-history":[{"count":0,"href":"https:\/\/hudo.com\/si\/wp-json\/wp\/v2\/posts\/91524\/revisions"}],"wp:attachment":[{"href":"https:\/\/hudo.com\/si\/wp-json\/wp\/v2\/media?parent=91524"}],"wp:term":[{"taxonomy":"category","embeddable":true,"href":"https:\/\/hudo.com\/si\/wp-json\/wp\/v2\/categories?post=91524"},{"taxonomy":"post_tag","embeddable":true,"href":"https:\/\/hudo.com\/si\/wp-json\/wp\/v2\/tags?post=91524"},{"taxonomy":"source","embeddable":true,"href":"https:\/\/hudo.com\/si\/wp-json\/wp\/v2\/source?post=91524"},{"taxonomy":"supertag","embeddable":true,"href":"https:\/\/hudo.com\/si\/wp-json\/wp\/v2\/supertag?post=91524"}],"curies":[{"name":"wp","href":"https:\/\/api.w.org\/{rel}","templated":true}]}}