{"id":91661,"date":"2016-07-09T07:42:00","date_gmt":"2016-07-09T05:42:00","guid":{"rendered":"http:\/\/hudo.com\/si\/2016\/07\/09\/v-streljanju-v-sarajevu-smrti-zrtvi\/"},"modified":"2016-07-10T04:48:03","modified_gmt":"2016-07-10T02:48:03","slug":"v-streljanju-v-sarajevu-smrti-zrtvi","status":"publish","type":"post","link":"https:\/\/hudo.com\/si\/aktualno\/v-streljanju-v-sarajevu-smrti-zrtvi\/","title":{"rendered":"V streljanju v Sarajevu smrti \u017ertvi"},"content":{"rendered":"<p>V streljanju v Sarajevu sta bili davi ubiti dve osebi, je sporo\u010dila lokalna policija, ki tudi posku\u0161a ugotoviti, kaj to\u010dno se je zgodilo, poro\u010da hrva\u0161ka tiskovna agencija Hina. &#8220;Vse kar lahko zaenkrat povemo je, da je pri\u0161lo od uporabe oro\u017eja. Pri tem sta bili ubiti dve osebi. Potrdimo lahko tudi, da je bila aretirana oseba,&#8221; je potrdil tiskovni predstavnik notranjega ministrstva sarajevske \u017eupanije Irfan Nefi\u0107. Lokalni mediji so poro\u010dali, da je do streljanja pri\u0161lo v ulici Had\u017ei-Sulejmanova in da je bilo sli\u0161ati tudi rafalno streljanje.Svet<\/p>\n","protected":false},"excerpt":{"rendered":"<p>V streljanju v Sarajevu sta bili davi ubiti dve osebi, je sporo\u010dila lokalna policija, ki tudi posku\u0161a ugotoviti, kaj to\u010dno se je zgodilo, poro\u010da hrva\u0161ka tiskovna agencija Hina. &#8220;Vse kar lahko zaenkrat povemo je, da je pri\u0161lo od uporabe oro\u017eja. Pri tem sta bili ubiti dve osebi. Potrdimo lahko tudi, da je bila aretirana oseba,&#8221; je potrdil tiskovni predstavnik notranjega ministrstva sarajevske \u017eupanije Irfan Nefi\u0107. Lokalni mediji so poro\u010dali, da je do streljanja pri\u0161lo v ulici Had\u017ei-Sulejmanova in da je bilo sli\u0161ati tudi rafalno streljanje.Svet<\/p>\n","protected":false},"author":1,"featured_media":0,"comment_status":"closed","ping_status":"closed","sticky":false,"template":"","format":"standard","meta":{"footnotes":""},"categories":[1179],"tags":[],"source":[1711],"supertag":[],"acf":[],"yoast_head":"<!-- This site is optimized with the Yoast SEO plugin v21.3 - https:\/\/yoast.com\/wordpress\/plugins\/seo\/ -->\n<title>V streljanju v Sarajevu smrti \u017ertvi - Hudo Slovenija<\/title>\n<meta name=\"robots\" content=\"index, follow, max-snippet:-1, max-image-preview:large, max-video-preview:-1\" \/>\n<link rel=\"canonical\" href=\"https:\/\/hudo.com\/si\/aktualno\/v-streljanju-v-sarajevu-smrti-zrtvi\/\" \/>\n<meta property=\"og:locale\" content=\"sl_SI\" \/>\n<meta property=\"og:type\" content=\"article\" \/>\n<meta property=\"og:title\" content=\"V streljanju v Sarajevu smrti \u017ertvi - Hudo Slovenija\" \/>\n<meta property=\"og:description\" content=\"V streljanju v Sarajevu sta bili davi ubiti dve osebi, je sporo\u010dila lokalna policija, ki tudi posku\u0161a ugotoviti, kaj to\u010dno se je zgodilo, poro\u010da hrva\u0161ka tiskovna agencija Hina. &quot;Vse kar lahko zaenkrat povemo je, da je pri\u0161lo od uporabe oro\u017eja. Pri tem sta bili ubiti dve osebi. Potrdimo lahko tudi, da je bila aretirana oseba,&quot; je potrdil tiskovni predstavnik notranjega ministrstva sarajevske \u017eupanije Irfan Nefi\u0107. Lokalni mediji so poro\u010dali, da je do streljanja pri\u0161lo v ulici Had\u017ei-Sulejmanova in da je bilo sli\u0161ati tudi rafalno streljanje.Svet\" \/>\n<meta property=\"og:url\" content=\"https:\/\/hudo.com\/si\/aktualno\/v-streljanju-v-sarajevu-smrti-zrtvi\/\" \/>\n<meta property=\"og:site_name\" content=\"Hudo Slovenija\" \/>\n<meta property=\"article:publisher\" content=\"https:\/\/www.facebook.com\/hudo.si\" \/>\n<meta property=\"article:published_time\" content=\"2016-07-09T05:42:00+00:00\" \/>\n<meta property=\"article:modified_time\" content=\"2016-07-10T02:48:03+00:00\" \/>\n<meta property=\"og:image\" content=\"https:\/\/hudo.com\/si\/wp-content\/uploads\/sites\/2\/2016\/07\/sarajevo-300.jpg\" \/>\n\t<meta property=\"og:image:width\" content=\"450\" \/>\n\t<meta property=\"og:image:height\" content=\"337\" \/>\n\t<meta property=\"og:image:type\" content=\"image\/jpeg\" \/>\n<meta name=\"author\" content=\"hudo\" \/>\n<meta name=\"twitter:card\" content=\"summary_large_image\" \/>\n<meta name=\"twitter:creator\" content=\"@hudo_si\" \/>\n<meta name=\"twitter:site\" content=\"@hudo_si\" \/>\n<meta name=\"twitter:label1\" content=\"Written by\" \/>\n\t<meta name=\"twitter:data1\" content=\"hudo\" \/>\n<script type=\"application\/ld+json\" class=\"yoast-schema-graph\">{\"@context\":\"https:\/\/schema.org\",\"@graph\":[{\"@type\":\"Article\",\"@id\":\"https:\/\/hudo.com\/si\/aktualno\/v-streljanju-v-sarajevu-smrti-zrtvi\/#article\",\"isPartOf\":{\"@id\":\"https:\/\/hudo.com\/si\/aktualno\/v-streljanju-v-sarajevu-smrti-zrtvi\/\"},\"author\":{\"name\":\"hudo\",\"@id\":\"https:\/\/hudo.com\/si\/#\/schema\/person\/601cf3379633985b20f7e50f2bb47707\"},\"headline\":\"V streljanju v Sarajevu smrti \u017ertvi\",\"datePublished\":\"2016-07-09T05:42:00+00:00\",\"dateModified\":\"2016-07-10T02:48:03+00:00\",\"mainEntityOfPage\":{\"@id\":\"https:\/\/hudo.com\/si\/aktualno\/v-streljanju-v-sarajevu-smrti-zrtvi\/\"},\"wordCount\":103,\"publisher\":{\"@id\":\"https:\/\/hudo.com\/si\/#organization\"},\"articleSection\":[\"Aktualno\"],\"inLanguage\":\"sl-SI\"},{\"@type\":\"WebPage\",\"@id\":\"https:\/\/hudo.com\/si\/aktualno\/v-streljanju-v-sarajevu-smrti-zrtvi\/\",\"url\":\"https:\/\/hudo.com\/si\/aktualno\/v-streljanju-v-sarajevu-smrti-zrtvi\/\",\"name\":\"V streljanju v Sarajevu smrti \u017ertvi - Hudo Slovenija\",\"isPartOf\":{\"@id\":\"https:\/\/hudo.com\/si\/#website\"},\"datePublished\":\"2016-07-09T05:42:00+00:00\",\"dateModified\":\"2016-07-10T02:48:03+00:00\",\"breadcrumb\":{\"@id\":\"https:\/\/hudo.com\/si\/aktualno\/v-streljanju-v-sarajevu-smrti-zrtvi\/#breadcrumb\"},\"inLanguage\":\"sl-SI\",\"potentialAction\":[{\"@type\":\"ReadAction\",\"target\":[\"https:\/\/hudo.com\/si\/aktualno\/v-streljanju-v-sarajevu-smrti-zrtvi\/\"]}]},{\"@type\":\"BreadcrumbList\",\"@id\":\"https:\/\/hudo.com\/si\/aktualno\/v-streljanju-v-sarajevu-smrti-zrtvi\/#breadcrumb\",\"itemListElement\":[{\"@type\":\"ListItem\",\"position\":1,\"name\":\"Home\",\"item\":\"https:\/\/hudo.com\/si\/\"},{\"@type\":\"ListItem\",\"position\":2,\"name\":\"V streljanju v Sarajevu smrti \u017ertvi\"}]},{\"@type\":\"WebSite\",\"@id\":\"https:\/\/hudo.com\/si\/#website\",\"url\":\"https:\/\/hudo.com\/si\/\",\"name\":\"Hudo Slovenija\",\"description\":\"Vse novice iz Slovenije in sveta\",\"publisher\":{\"@id\":\"https:\/\/hudo.com\/si\/#organization\"},\"potentialAction\":[{\"@type\":\"SearchAction\",\"target\":{\"@type\":\"EntryPoint\",\"urlTemplate\":\"https:\/\/hudo.com\/si\/?s={search_term_string}\"},\"query-input\":\"required name=search_term_string\"}],\"inLanguage\":\"sl-SI\"},{\"@type\":\"Organization\",\"@id\":\"https:\/\/hudo.com\/si\/#organization\",\"name\":\"VSN Media\",\"url\":\"https:\/\/hudo.com\/si\/\",\"logo\":{\"@type\":\"ImageObject\",\"inLanguage\":\"sl-SI\",\"@id\":\"https:\/\/hudo.com\/si\/#\/schema\/logo\/image\/\",\"url\":\"https:\/\/hudo.com\/si\/wp-content\/uploads\/sites\/2\/2021\/03\/hudo-app-2.png\",\"contentUrl\":\"https:\/\/hudo.com\/si\/wp-content\/uploads\/sites\/2\/2021\/03\/hudo-app-2.png\",\"width\":2185,\"height\":2167,\"caption\":\"VSN Media\"},\"image\":{\"@id\":\"https:\/\/hudo.com\/si\/#\/schema\/logo\/image\/\"},\"sameAs\":[\"https:\/\/www.facebook.com\/hudo.si\",\"https:\/\/twitter.com\/hudo_si\"]},{\"@type\":\"Person\",\"@id\":\"https:\/\/hudo.com\/si\/#\/schema\/person\/601cf3379633985b20f7e50f2bb47707\",\"name\":\"hudo\",\"image\":{\"@type\":\"ImageObject\",\"inLanguage\":\"sl-SI\",\"@id\":\"https:\/\/hudo.com\/si\/#\/schema\/person\/image\/\",\"url\":\"https:\/\/secure.gravatar.com\/avatar\/c4ca25fa72cace7a696b52ff5db9e095?s=96&d=mm&r=g\",\"contentUrl\":\"https:\/\/secure.gravatar.com\/avatar\/c4ca25fa72cace7a696b52ff5db9e095?s=96&d=mm&r=g\",\"caption\":\"hudo\"},\"url\":\"https:\/\/hudo.com\/si\/author\/hudo\/\"}]}<\/script>\n<!-- \/ Yoast SEO plugin. -->","yoast_head_json":{"title":"V streljanju v Sarajevu smrti \u017ertvi - Hudo Slovenija","robots":{"index":"index","follow":"follow","max-snippet":"max-snippet:-1","max-image-preview":"max-image-preview:large","max-video-preview":"max-video-preview:-1"},"canonical":"https:\/\/hudo.com\/si\/aktualno\/v-streljanju-v-sarajevu-smrti-zrtvi\/","og_locale":"sl_SI","og_type":"article","og_title":"V streljanju v Sarajevu smrti \u017ertvi - Hudo Slovenija","og_description":"V streljanju v Sarajevu sta bili davi ubiti dve osebi, je sporo\u010dila lokalna policija, ki tudi posku\u0161a ugotoviti, kaj to\u010dno se je zgodilo, poro\u010da hrva\u0161ka tiskovna agencija Hina. \"Vse kar lahko zaenkrat povemo je, da je pri\u0161lo od uporabe oro\u017eja. Pri tem sta bili ubiti dve osebi. Potrdimo lahko tudi, da je bila aretirana oseba,\" je potrdil tiskovni predstavnik notranjega ministrstva sarajevske \u017eupanije Irfan Nefi\u0107. Lokalni mediji so poro\u010dali, da je do streljanja pri\u0161lo v ulici Had\u017ei-Sulejmanova in da je bilo sli\u0161ati tudi rafalno streljanje.Svet","og_url":"https:\/\/hudo.com\/si\/aktualno\/v-streljanju-v-sarajevu-smrti-zrtvi\/","og_site_name":"Hudo Slovenija","article_publisher":"https:\/\/www.facebook.com\/hudo.si","article_published_time":"2016-07-09T05:42:00+00:00","article_modified_time":"2016-07-10T02:48:03+00:00","og_image":[{"width":450,"height":337,"url":"https:\/\/hudo.com\/si\/wp-content\/uploads\/sites\/2\/2016\/07\/sarajevo-300.jpg","type":"image\/jpeg"}],"author":"hudo","twitter_card":"summary_large_image","twitter_creator":"@hudo_si","twitter_site":"@hudo_si","twitter_misc":{"Written by":"hudo"},"schema":{"@context":"https:\/\/schema.org","@graph":[{"@type":"Article","@id":"https:\/\/hudo.com\/si\/aktualno\/v-streljanju-v-sarajevu-smrti-zrtvi\/#article","isPartOf":{"@id":"https:\/\/hudo.com\/si\/aktualno\/v-streljanju-v-sarajevu-smrti-zrtvi\/"},"author":{"name":"hudo","@id":"https:\/\/hudo.com\/si\/#\/schema\/person\/601cf3379633985b20f7e50f2bb47707"},"headline":"V streljanju v Sarajevu smrti \u017ertvi","datePublished":"2016-07-09T05:42:00+00:00","dateModified":"2016-07-10T02:48:03+00:00","mainEntityOfPage":{"@id":"https:\/\/hudo.com\/si\/aktualno\/v-streljanju-v-sarajevu-smrti-zrtvi\/"},"wordCount":103,"publisher":{"@id":"https:\/\/hudo.com\/si\/#organization"},"articleSection":["Aktualno"],"inLanguage":"sl-SI"},{"@type":"WebPage","@id":"https:\/\/hudo.com\/si\/aktualno\/v-streljanju-v-sarajevu-smrti-zrtvi\/","url":"https:\/\/hudo.com\/si\/aktualno\/v-streljanju-v-sarajevu-smrti-zrtvi\/","name":"V streljanju v Sarajevu smrti \u017ertvi - Hudo Slovenija","isPartOf":{"@id":"https:\/\/hudo.com\/si\/#website"},"datePublished":"2016-07-09T05:42:00+00:00","dateModified":"2016-07-10T02:48:03+00:00","breadcrumb":{"@id":"https:\/\/hudo.com\/si\/aktualno\/v-streljanju-v-sarajevu-smrti-zrtvi\/#breadcrumb"},"inLanguage":"sl-SI","potentialAction":[{"@type":"ReadAction","target":["https:\/\/hudo.com\/si\/aktualno\/v-streljanju-v-sarajevu-smrti-zrtvi\/"]}]},{"@type":"BreadcrumbList","@id":"https:\/\/hudo.com\/si\/aktualno\/v-streljanju-v-sarajevu-smrti-zrtvi\/#breadcrumb","itemListElement":[{"@type":"ListItem","position":1,"name":"Home","item":"https:\/\/hudo.com\/si\/"},{"@type":"ListItem","position":2,"name":"V streljanju v Sarajevu smrti \u017ertvi"}]},{"@type":"WebSite","@id":"https:\/\/hudo.com\/si\/#website","url":"https:\/\/hudo.com\/si\/","name":"Hudo Slovenija","description":"Vse novice iz Slovenije in sveta","publisher":{"@id":"https:\/\/hudo.com\/si\/#organization"},"potentialAction":[{"@type":"SearchAction","target":{"@type":"EntryPoint","urlTemplate":"https:\/\/hudo.com\/si\/?s={search_term_string}"},"query-input":"required name=search_term_string"}],"inLanguage":"sl-SI"},{"@type":"Organization","@id":"https:\/\/hudo.com\/si\/#organization","name":"VSN Media","url":"https:\/\/hudo.com\/si\/","logo":{"@type":"ImageObject","inLanguage":"sl-SI","@id":"https:\/\/hudo.com\/si\/#\/schema\/logo\/image\/","url":"https:\/\/hudo.com\/si\/wp-content\/uploads\/sites\/2\/2021\/03\/hudo-app-2.png","contentUrl":"https:\/\/hudo.com\/si\/wp-content\/uploads\/sites\/2\/2021\/03\/hudo-app-2.png","width":2185,"height":2167,"caption":"VSN Media"},"image":{"@id":"https:\/\/hudo.com\/si\/#\/schema\/logo\/image\/"},"sameAs":["https:\/\/www.facebook.com\/hudo.si","https:\/\/twitter.com\/hudo_si"]},{"@type":"Person","@id":"https:\/\/hudo.com\/si\/#\/schema\/person\/601cf3379633985b20f7e50f2bb47707","name":"hudo","image":{"@type":"ImageObject","inLanguage":"sl-SI","@id":"https:\/\/hudo.com\/si\/#\/schema\/person\/image\/","url":"https:\/\/secure.gravatar.com\/avatar\/c4ca25fa72cace7a696b52ff5db9e095?s=96&d=mm&r=g","contentUrl":"https:\/\/secure.gravatar.com\/avatar\/c4ca25fa72cace7a696b52ff5db9e095?s=96&d=mm&r=g","caption":"hudo"},"url":"https:\/\/hudo.com\/si\/author\/hudo\/"}]}},"amp_enabled":true,"_links":{"self":[{"href":"https:\/\/hudo.com\/si\/wp-json\/wp\/v2\/posts\/91661"}],"collection":[{"href":"https:\/\/hudo.com\/si\/wp-json\/wp\/v2\/posts"}],"about":[{"href":"https:\/\/hudo.com\/si\/wp-json\/wp\/v2\/types\/post"}],"author":[{"embeddable":true,"href":"https:\/\/hudo.com\/si\/wp-json\/wp\/v2\/users\/1"}],"replies":[{"embeddable":true,"href":"https:\/\/hudo.com\/si\/wp-json\/wp\/v2\/comments?post=91661"}],"version-history":[{"count":1,"href":"https:\/\/hudo.com\/si\/wp-json\/wp\/v2\/posts\/91661\/revisions"}],"predecessor-version":[{"id":91777,"href":"https:\/\/hudo.com\/si\/wp-json\/wp\/v2\/posts\/91661\/revisions\/91777"}],"wp:attachment":[{"href":"https:\/\/hudo.com\/si\/wp-json\/wp\/v2\/media?parent=91661"}],"wp:term":[{"taxonomy":"category","embeddable":true,"href":"https:\/\/hudo.com\/si\/wp-json\/wp\/v2\/categories?post=91661"},{"taxonomy":"post_tag","embeddable":true,"href":"https:\/\/hudo.com\/si\/wp-json\/wp\/v2\/tags?post=91661"},{"taxonomy":"source","embeddable":true,"href":"https:\/\/hudo.com\/si\/wp-json\/wp\/v2\/source?post=91661"},{"taxonomy":"supertag","embeddable":true,"href":"https:\/\/hudo.com\/si\/wp-json\/wp\/v2\/supertag?post=91661"}],"curies":[{"name":"wp","href":"https:\/\/api.w.org\/{rel}","templated":true}]}}