{"id":92394,"date":"2016-07-11T06:00:00","date_gmt":"2016-07-11T04:00:00","guid":{"rendered":"http:\/\/hudo.com\/si\/2016\/07\/11\/brez-socutja-do-drugih-zrtev-tudi-nasega-dostojanstva-ni\/"},"modified":"2016-07-11T06:00:00","modified_gmt":"2016-07-11T04:00:00","slug":"brez-socutja-do-drugih-zrtev-tudi-nasega-dostojanstva-ni","status":"publish","type":"post","link":"https:\/\/hudo.com\/si\/aktualno\/brez-socutja-do-drugih-zrtev-tudi-nasega-dostojanstva-ni\/","title":{"rendered":"\u00bbBrez so\u010dutja do drugih \u017ertev tudi na\u0161ega dostojanstva ni\u00ab"},"content":{"rendered":"<p>Kategorija: Evropa Mon, 11 Jul 2016 08:00:00 +0200  S pokopom posmrtnih ostankov 127 na novo identificiranih \u017ertev bodo v spominskem centru v Poto\u010darih danes znova opomnili na najhuj\u0161i zlo\u010din na evropskih tleh po drugi svetovni vojni\u00a0\u2212 genocid v Srebrenici. \u010ceprav se iz leta v leto odkrivajo novi grobovi, je 21 let po tem, ko so sile bosanskih Srbov preplavile varovano obmo\u010dje pod okriljem Zdru\u017eenih narodov, \u0161e vedno pogre\u0161anih ve\u010d kot tiso\u010d ljudi. Srbska aktivistka za \u010dlovekove pravice, ustanoviteljica in nekdanja direktorica Sklada za \u010dlovekoljubno pravo Nata\u0161a Kandi\u0107 si prizadeva za vzpostavitev regionalne komisije za ugotavljanje dejstev o vseh \u017ertvah krvave morije na Balkanu. \u00bbV\u010dasih se mi zdi, da za to obstaja mo\u017enost, spet drugi\u010d, na primer zdaj, pa je regionalno sodelovanje tak\u0161no, kot je bilo leta 1991,\u00ab je dejala v pogovoru za Delo. \u017de pred leti ste dejali, da ljudje\u00a0&#8230;<\/p>\n","protected":false},"excerpt":{"rendered":"<p>Kategorija: Evropa Mon, 11 Jul 2016 08:00:00 +0200  S pokopom posmrtnih ostankov 127 na novo identificiranih \u017ertev bodo v spominskem centru v Poto\u010darih danes znova opomnili na najhuj\u0161i zlo\u010din na evropskih tleh po drugi svetovni vojni\u00a0\u2212 genocid v Srebrenici. \u010ceprav se iz leta v leto odkrivajo novi grobovi, je 21 let po tem, ko so sile bosanskih Srbov preplavile varovano obmo\u010dje pod okriljem Zdru\u017eenih narodov, \u0161e vedno pogre\u0161anih ve\u010d kot tiso\u010d ljudi. Srbska aktivistka za \u010dlovekove pravice, ustanoviteljica in nekdanja direktorica Sklada za \u010dlovekoljubno pravo Nata\u0161a Kandi\u0107 si prizadeva za vzpostavitev regionalne komisije za ugotavljanje dejstev o vseh \u017ertvah krvave morije na Balkanu. \u00bbV\u010dasih se mi zdi, da za to obstaja mo\u017enost, spet drugi\u010d, na primer zdaj, pa je regionalno sodelovanje tak\u0161no, kot je bilo leta 1991,\u00ab je dejala v pogovoru za Delo. \u017de pred leti ste dejali, da ljudje\u00a0&#8230;<\/p>\n","protected":false},"author":1,"featured_media":0,"comment_status":"closed","ping_status":"closed","sticky":false,"template":"","format":"standard","meta":{"footnotes":""},"categories":[1179],"tags":[],"source":[4511],"supertag":[],"acf":[],"yoast_head":"<!-- This site is optimized with the Yoast SEO plugin v21.3 - https:\/\/yoast.com\/wordpress\/plugins\/seo\/ -->\n<title>\u00bbBrez so\u010dutja do drugih \u017ertev tudi na\u0161ega dostojanstva ni\u00ab - Hudo Slovenija<\/title>\n<meta name=\"robots\" content=\"index, follow, max-snippet:-1, max-image-preview:large, max-video-preview:-1\" \/>\n<link rel=\"canonical\" href=\"https:\/\/hudo.com\/si\/aktualno\/brez-socutja-do-drugih-zrtev-tudi-nasega-dostojanstva-ni\/\" \/>\n<meta property=\"og:locale\" content=\"sl_SI\" \/>\n<meta property=\"og:type\" content=\"article\" \/>\n<meta property=\"og:title\" content=\"\u00bbBrez so\u010dutja do drugih \u017ertev tudi na\u0161ega dostojanstva ni\u00ab - Hudo Slovenija\" \/>\n<meta property=\"og:description\" content=\"Kategorija: Evropa Mon, 11 Jul 2016 08:00:00 +0200 S pokopom posmrtnih ostankov 127 na novo identificiranih \u017ertev bodo v spominskem centru v Poto\u010darih danes znova opomnili na najhuj\u0161i zlo\u010din na evropskih tleh po drugi svetovni vojni\u00a0\u2212 genocid v Srebrenici. \u010ceprav se iz leta v leto odkrivajo novi grobovi, je 21 let po tem, ko so sile bosanskih Srbov preplavile varovano obmo\u010dje pod okriljem Zdru\u017eenih narodov, \u0161e vedno pogre\u0161anih ve\u010d kot tiso\u010d ljudi. Srbska aktivistka za \u010dlovekove pravice, ustanoviteljica in nekdanja direktorica Sklada za \u010dlovekoljubno pravo Nata\u0161a Kandi\u0107 si prizadeva za vzpostavitev regionalne komisije za ugotavljanje dejstev o vseh \u017ertvah krvave morije na Balkanu. \u00bbV\u010dasih se mi zdi, da za to obstaja mo\u017enost, spet drugi\u010d, na primer zdaj, pa je regionalno sodelovanje tak\u0161no, kot je bilo leta 1991,\u00ab je dejala v pogovoru za Delo. \u017de pred leti ste dejali, da ljudje\u00a0...\" \/>\n<meta property=\"og:url\" content=\"https:\/\/hudo.com\/si\/aktualno\/brez-socutja-do-drugih-zrtev-tudi-nasega-dostojanstva-ni\/\" \/>\n<meta property=\"og:site_name\" content=\"Hudo Slovenija\" \/>\n<meta property=\"article:publisher\" content=\"https:\/\/www.facebook.com\/hudo.si\" \/>\n<meta property=\"article:published_time\" content=\"2016-07-11T04:00:00+00:00\" \/>\n<meta property=\"og:image\" content=\"https:\/\/hudo.com\/si\/wp-content\/uploads\/sites\/2\/2016\/07\/480x290_Zunanja__Reuters_Pictures_2_hires1.jpeg\" \/>\n\t<meta property=\"og:image:width\" content=\"480\" \/>\n\t<meta property=\"og:image:height\" content=\"290\" \/>\n\t<meta property=\"og:image:type\" content=\"image\/jpeg\" \/>\n<meta name=\"author\" content=\"hudo\" \/>\n<meta name=\"twitter:card\" content=\"summary_large_image\" \/>\n<meta name=\"twitter:creator\" content=\"@hudo_si\" \/>\n<meta name=\"twitter:site\" content=\"@hudo_si\" \/>\n<meta name=\"twitter:label1\" content=\"Written by\" \/>\n\t<meta name=\"twitter:data1\" content=\"hudo\" \/>\n\t<meta name=\"twitter:label2\" content=\"Est. reading time\" \/>\n\t<meta name=\"twitter:data2\" content=\"1 minuta\" \/>\n<script type=\"application\/ld+json\" class=\"yoast-schema-graph\">{\"@context\":\"https:\/\/schema.org\",\"@graph\":[{\"@type\":\"Article\",\"@id\":\"https:\/\/hudo.com\/si\/aktualno\/brez-socutja-do-drugih-zrtev-tudi-nasega-dostojanstva-ni\/#article\",\"isPartOf\":{\"@id\":\"https:\/\/hudo.com\/si\/aktualno\/brez-socutja-do-drugih-zrtev-tudi-nasega-dostojanstva-ni\/\"},\"author\":{\"name\":\"hudo\",\"@id\":\"https:\/\/hudo.com\/si\/#\/schema\/person\/601cf3379633985b20f7e50f2bb47707\"},\"headline\":\"\u00bbBrez so\u010dutja do drugih \u017ertev tudi na\u0161ega dostojanstva ni\u00ab\",\"datePublished\":\"2016-07-11T04:00:00+00:00\",\"dateModified\":\"2016-07-11T04:00:00+00:00\",\"mainEntityOfPage\":{\"@id\":\"https:\/\/hudo.com\/si\/aktualno\/brez-socutja-do-drugih-zrtev-tudi-nasega-dostojanstva-ni\/\"},\"wordCount\":154,\"publisher\":{\"@id\":\"https:\/\/hudo.com\/si\/#organization\"},\"articleSection\":[\"Aktualno\"],\"inLanguage\":\"sl-SI\"},{\"@type\":\"WebPage\",\"@id\":\"https:\/\/hudo.com\/si\/aktualno\/brez-socutja-do-drugih-zrtev-tudi-nasega-dostojanstva-ni\/\",\"url\":\"https:\/\/hudo.com\/si\/aktualno\/brez-socutja-do-drugih-zrtev-tudi-nasega-dostojanstva-ni\/\",\"name\":\"\u00bbBrez so\u010dutja do drugih \u017ertev tudi na\u0161ega dostojanstva ni\u00ab - Hudo Slovenija\",\"isPartOf\":{\"@id\":\"https:\/\/hudo.com\/si\/#website\"},\"datePublished\":\"2016-07-11T04:00:00+00:00\",\"dateModified\":\"2016-07-11T04:00:00+00:00\",\"breadcrumb\":{\"@id\":\"https:\/\/hudo.com\/si\/aktualno\/brez-socutja-do-drugih-zrtev-tudi-nasega-dostojanstva-ni\/#breadcrumb\"},\"inLanguage\":\"sl-SI\",\"potentialAction\":[{\"@type\":\"ReadAction\",\"target\":[\"https:\/\/hudo.com\/si\/aktualno\/brez-socutja-do-drugih-zrtev-tudi-nasega-dostojanstva-ni\/\"]}]},{\"@type\":\"BreadcrumbList\",\"@id\":\"https:\/\/hudo.com\/si\/aktualno\/brez-socutja-do-drugih-zrtev-tudi-nasega-dostojanstva-ni\/#breadcrumb\",\"itemListElement\":[{\"@type\":\"ListItem\",\"position\":1,\"name\":\"Home\",\"item\":\"https:\/\/hudo.com\/si\/\"},{\"@type\":\"ListItem\",\"position\":2,\"name\":\"\u00bbBrez so\u010dutja do drugih \u017ertev tudi na\u0161ega dostojanstva ni\u00ab\"}]},{\"@type\":\"WebSite\",\"@id\":\"https:\/\/hudo.com\/si\/#website\",\"url\":\"https:\/\/hudo.com\/si\/\",\"name\":\"Hudo Slovenija\",\"description\":\"Vse novice iz Slovenije in sveta\",\"publisher\":{\"@id\":\"https:\/\/hudo.com\/si\/#organization\"},\"potentialAction\":[{\"@type\":\"SearchAction\",\"target\":{\"@type\":\"EntryPoint\",\"urlTemplate\":\"https:\/\/hudo.com\/si\/?s={search_term_string}\"},\"query-input\":\"required name=search_term_string\"}],\"inLanguage\":\"sl-SI\"},{\"@type\":\"Organization\",\"@id\":\"https:\/\/hudo.com\/si\/#organization\",\"name\":\"VSN Media\",\"url\":\"https:\/\/hudo.com\/si\/\",\"logo\":{\"@type\":\"ImageObject\",\"inLanguage\":\"sl-SI\",\"@id\":\"https:\/\/hudo.com\/si\/#\/schema\/logo\/image\/\",\"url\":\"https:\/\/hudo.com\/si\/wp-content\/uploads\/sites\/2\/2021\/03\/hudo-app-2.png\",\"contentUrl\":\"https:\/\/hudo.com\/si\/wp-content\/uploads\/sites\/2\/2021\/03\/hudo-app-2.png\",\"width\":2185,\"height\":2167,\"caption\":\"VSN Media\"},\"image\":{\"@id\":\"https:\/\/hudo.com\/si\/#\/schema\/logo\/image\/\"},\"sameAs\":[\"https:\/\/www.facebook.com\/hudo.si\",\"https:\/\/twitter.com\/hudo_si\"]},{\"@type\":\"Person\",\"@id\":\"https:\/\/hudo.com\/si\/#\/schema\/person\/601cf3379633985b20f7e50f2bb47707\",\"name\":\"hudo\",\"image\":{\"@type\":\"ImageObject\",\"inLanguage\":\"sl-SI\",\"@id\":\"https:\/\/hudo.com\/si\/#\/schema\/person\/image\/\",\"url\":\"https:\/\/secure.gravatar.com\/avatar\/c4ca25fa72cace7a696b52ff5db9e095?s=96&d=mm&r=g\",\"contentUrl\":\"https:\/\/secure.gravatar.com\/avatar\/c4ca25fa72cace7a696b52ff5db9e095?s=96&d=mm&r=g\",\"caption\":\"hudo\"},\"url\":\"https:\/\/hudo.com\/si\/author\/hudo\/\"}]}<\/script>\n<!-- \/ Yoast SEO plugin. -->","yoast_head_json":{"title":"\u00bbBrez so\u010dutja do drugih \u017ertev tudi na\u0161ega dostojanstva ni\u00ab - Hudo Slovenija","robots":{"index":"index","follow":"follow","max-snippet":"max-snippet:-1","max-image-preview":"max-image-preview:large","max-video-preview":"max-video-preview:-1"},"canonical":"https:\/\/hudo.com\/si\/aktualno\/brez-socutja-do-drugih-zrtev-tudi-nasega-dostojanstva-ni\/","og_locale":"sl_SI","og_type":"article","og_title":"\u00bbBrez so\u010dutja do drugih \u017ertev tudi na\u0161ega dostojanstva ni\u00ab - Hudo Slovenija","og_description":"Kategorija: Evropa Mon, 11 Jul 2016 08:00:00 +0200 S pokopom posmrtnih ostankov 127 na novo identificiranih \u017ertev bodo v spominskem centru v Poto\u010darih danes znova opomnili na najhuj\u0161i zlo\u010din na evropskih tleh po drugi svetovni vojni\u00a0\u2212 genocid v Srebrenici. \u010ceprav se iz leta v leto odkrivajo novi grobovi, je 21 let po tem, ko so sile bosanskih Srbov preplavile varovano obmo\u010dje pod okriljem Zdru\u017eenih narodov, \u0161e vedno pogre\u0161anih ve\u010d kot tiso\u010d ljudi. Srbska aktivistka za \u010dlovekove pravice, ustanoviteljica in nekdanja direktorica Sklada za \u010dlovekoljubno pravo Nata\u0161a Kandi\u0107 si prizadeva za vzpostavitev regionalne komisije za ugotavljanje dejstev o vseh \u017ertvah krvave morije na Balkanu. \u00bbV\u010dasih se mi zdi, da za to obstaja mo\u017enost, spet drugi\u010d, na primer zdaj, pa je regionalno sodelovanje tak\u0161no, kot je bilo leta 1991,\u00ab je dejala v pogovoru za Delo. \u017de pred leti ste dejali, da ljudje\u00a0...","og_url":"https:\/\/hudo.com\/si\/aktualno\/brez-socutja-do-drugih-zrtev-tudi-nasega-dostojanstva-ni\/","og_site_name":"Hudo Slovenija","article_publisher":"https:\/\/www.facebook.com\/hudo.si","article_published_time":"2016-07-11T04:00:00+00:00","og_image":[{"width":480,"height":290,"url":"https:\/\/hudo.com\/si\/wp-content\/uploads\/sites\/2\/2016\/07\/480x290_Zunanja__Reuters_Pictures_2_hires1.jpeg","type":"image\/jpeg"}],"author":"hudo","twitter_card":"summary_large_image","twitter_creator":"@hudo_si","twitter_site":"@hudo_si","twitter_misc":{"Written by":"hudo","Est. reading time":"1 minuta"},"schema":{"@context":"https:\/\/schema.org","@graph":[{"@type":"Article","@id":"https:\/\/hudo.com\/si\/aktualno\/brez-socutja-do-drugih-zrtev-tudi-nasega-dostojanstva-ni\/#article","isPartOf":{"@id":"https:\/\/hudo.com\/si\/aktualno\/brez-socutja-do-drugih-zrtev-tudi-nasega-dostojanstva-ni\/"},"author":{"name":"hudo","@id":"https:\/\/hudo.com\/si\/#\/schema\/person\/601cf3379633985b20f7e50f2bb47707"},"headline":"\u00bbBrez so\u010dutja do drugih \u017ertev tudi na\u0161ega dostojanstva ni\u00ab","datePublished":"2016-07-11T04:00:00+00:00","dateModified":"2016-07-11T04:00:00+00:00","mainEntityOfPage":{"@id":"https:\/\/hudo.com\/si\/aktualno\/brez-socutja-do-drugih-zrtev-tudi-nasega-dostojanstva-ni\/"},"wordCount":154,"publisher":{"@id":"https:\/\/hudo.com\/si\/#organization"},"articleSection":["Aktualno"],"inLanguage":"sl-SI"},{"@type":"WebPage","@id":"https:\/\/hudo.com\/si\/aktualno\/brez-socutja-do-drugih-zrtev-tudi-nasega-dostojanstva-ni\/","url":"https:\/\/hudo.com\/si\/aktualno\/brez-socutja-do-drugih-zrtev-tudi-nasega-dostojanstva-ni\/","name":"\u00bbBrez so\u010dutja do drugih \u017ertev tudi na\u0161ega dostojanstva ni\u00ab - Hudo Slovenija","isPartOf":{"@id":"https:\/\/hudo.com\/si\/#website"},"datePublished":"2016-07-11T04:00:00+00:00","dateModified":"2016-07-11T04:00:00+00:00","breadcrumb":{"@id":"https:\/\/hudo.com\/si\/aktualno\/brez-socutja-do-drugih-zrtev-tudi-nasega-dostojanstva-ni\/#breadcrumb"},"inLanguage":"sl-SI","potentialAction":[{"@type":"ReadAction","target":["https:\/\/hudo.com\/si\/aktualno\/brez-socutja-do-drugih-zrtev-tudi-nasega-dostojanstva-ni\/"]}]},{"@type":"BreadcrumbList","@id":"https:\/\/hudo.com\/si\/aktualno\/brez-socutja-do-drugih-zrtev-tudi-nasega-dostojanstva-ni\/#breadcrumb","itemListElement":[{"@type":"ListItem","position":1,"name":"Home","item":"https:\/\/hudo.com\/si\/"},{"@type":"ListItem","position":2,"name":"\u00bbBrez so\u010dutja do drugih \u017ertev tudi na\u0161ega dostojanstva ni\u00ab"}]},{"@type":"WebSite","@id":"https:\/\/hudo.com\/si\/#website","url":"https:\/\/hudo.com\/si\/","name":"Hudo Slovenija","description":"Vse novice iz Slovenije in sveta","publisher":{"@id":"https:\/\/hudo.com\/si\/#organization"},"potentialAction":[{"@type":"SearchAction","target":{"@type":"EntryPoint","urlTemplate":"https:\/\/hudo.com\/si\/?s={search_term_string}"},"query-input":"required name=search_term_string"}],"inLanguage":"sl-SI"},{"@type":"Organization","@id":"https:\/\/hudo.com\/si\/#organization","name":"VSN Media","url":"https:\/\/hudo.com\/si\/","logo":{"@type":"ImageObject","inLanguage":"sl-SI","@id":"https:\/\/hudo.com\/si\/#\/schema\/logo\/image\/","url":"https:\/\/hudo.com\/si\/wp-content\/uploads\/sites\/2\/2021\/03\/hudo-app-2.png","contentUrl":"https:\/\/hudo.com\/si\/wp-content\/uploads\/sites\/2\/2021\/03\/hudo-app-2.png","width":2185,"height":2167,"caption":"VSN Media"},"image":{"@id":"https:\/\/hudo.com\/si\/#\/schema\/logo\/image\/"},"sameAs":["https:\/\/www.facebook.com\/hudo.si","https:\/\/twitter.com\/hudo_si"]},{"@type":"Person","@id":"https:\/\/hudo.com\/si\/#\/schema\/person\/601cf3379633985b20f7e50f2bb47707","name":"hudo","image":{"@type":"ImageObject","inLanguage":"sl-SI","@id":"https:\/\/hudo.com\/si\/#\/schema\/person\/image\/","url":"https:\/\/secure.gravatar.com\/avatar\/c4ca25fa72cace7a696b52ff5db9e095?s=96&d=mm&r=g","contentUrl":"https:\/\/secure.gravatar.com\/avatar\/c4ca25fa72cace7a696b52ff5db9e095?s=96&d=mm&r=g","caption":"hudo"},"url":"https:\/\/hudo.com\/si\/author\/hudo\/"}]}},"amp_enabled":true,"_links":{"self":[{"href":"https:\/\/hudo.com\/si\/wp-json\/wp\/v2\/posts\/92394"}],"collection":[{"href":"https:\/\/hudo.com\/si\/wp-json\/wp\/v2\/posts"}],"about":[{"href":"https:\/\/hudo.com\/si\/wp-json\/wp\/v2\/types\/post"}],"author":[{"embeddable":true,"href":"https:\/\/hudo.com\/si\/wp-json\/wp\/v2\/users\/1"}],"replies":[{"embeddable":true,"href":"https:\/\/hudo.com\/si\/wp-json\/wp\/v2\/comments?post=92394"}],"version-history":[{"count":0,"href":"https:\/\/hudo.com\/si\/wp-json\/wp\/v2\/posts\/92394\/revisions"}],"wp:attachment":[{"href":"https:\/\/hudo.com\/si\/wp-json\/wp\/v2\/media?parent=92394"}],"wp:term":[{"taxonomy":"category","embeddable":true,"href":"https:\/\/hudo.com\/si\/wp-json\/wp\/v2\/categories?post=92394"},{"taxonomy":"post_tag","embeddable":true,"href":"https:\/\/hudo.com\/si\/wp-json\/wp\/v2\/tags?post=92394"},{"taxonomy":"source","embeddable":true,"href":"https:\/\/hudo.com\/si\/wp-json\/wp\/v2\/source?post=92394"},{"taxonomy":"supertag","embeddable":true,"href":"https:\/\/hudo.com\/si\/wp-json\/wp\/v2\/supertag?post=92394"}],"curies":[{"name":"wp","href":"https:\/\/api.w.org\/{rel}","templated":true}]}}