{"id":92430,"date":"2016-07-11T03:57:00","date_gmt":"2016-07-11T01:57:00","guid":{"rendered":"http:\/\/hudo.com\/si\/2016\/07\/11\/po-letu-in-dveh-mesecih-so-ga-izpustili-iz-pripora\/"},"modified":"2016-07-12T07:22:40","modified_gmt":"2016-07-12T05:22:40","slug":"po-letu-in-dveh-mesecih-so-ga-izpustili-iz-pripora","status":"publish","type":"post","link":"https:\/\/hudo.com\/si\/aktualno\/po-letu-in-dveh-mesecih-so-ga-izpustili-iz-pripora\/","title":{"rendered":"Po letu in dveh mesecih so ga izpustili iz pripora"},"content":{"rendered":"<p>Na novogori\u0161kem okro\u017enem sodi\u0161\u010du se bo v \u010detrtek za\u010dela glavna obravnava, na kateri bo sku\u0161alo dvanajst obto\u017eenih Istranov dokazati, da niso izsiljevali ter po oderu\u0161kih obrestih posojali denarja drugim podjetjem v koprskem pristani\u0161\u010du, kot jim o\u010dita to\u017eilstvo. Glavni obto\u017eeni Radenko Vasi\u0107 bo lahko na obravnavo pri\u0161el sam, saj ga je sodi\u0161\u010de po letu in dveh mesecih izpustilo iz pripora in ta ukrep nadomestilo s hi\u0161nim priporom.<\/p>\n","protected":false},"excerpt":{"rendered":"<p>Na novogori\u0161kem okro\u017enem sodi\u0161\u010du se bo v \u010detrtek za\u010dela glavna obravnava, na kateri bo sku\u0161alo dvanajst obto\u017eenih Istranov dokazati, da niso izsiljevali ter po oderu\u0161kih obrestih posojali denarja drugim podjetjem v koprskem pristani\u0161\u010du, kot jim o\u010dita to\u017eilstvo. Glavni obto\u017eeni Radenko Vasi\u0107 bo lahko na obravnavo pri\u0161el sam, saj ga je sodi\u0161\u010de po letu in dveh mesecih izpustilo iz pripora in ta ukrep nadomestilo s hi\u0161nim priporom.<\/p>\n","protected":false},"author":1,"featured_media":0,"comment_status":"closed","ping_status":"closed","sticky":false,"template":"","format":"standard","meta":{"footnotes":""},"categories":[1179],"tags":[],"source":[1707],"supertag":[],"acf":[],"yoast_head":"<!-- This site is optimized with the Yoast SEO plugin v21.3 - https:\/\/yoast.com\/wordpress\/plugins\/seo\/ -->\n<title>Po letu in dveh mesecih so ga izpustili iz pripora - Hudo Slovenija<\/title>\n<meta name=\"robots\" content=\"index, follow, max-snippet:-1, max-image-preview:large, max-video-preview:-1\" \/>\n<link rel=\"canonical\" href=\"https:\/\/hudo.com\/si\/aktualno\/po-letu-in-dveh-mesecih-so-ga-izpustili-iz-pripora\/\" \/>\n<meta property=\"og:locale\" content=\"sl_SI\" \/>\n<meta property=\"og:type\" content=\"article\" \/>\n<meta property=\"og:title\" content=\"Po letu in dveh mesecih so ga izpustili iz pripora - Hudo Slovenija\" \/>\n<meta property=\"og:description\" content=\"Na novogori\u0161kem okro\u017enem sodi\u0161\u010du se bo v \u010detrtek za\u010dela glavna obravnava, na kateri bo sku\u0161alo dvanajst obto\u017eenih Istranov dokazati, da niso izsiljevali ter po oderu\u0161kih obrestih posojali denarja drugim podjetjem v koprskem pristani\u0161\u010du, kot jim o\u010dita to\u017eilstvo. Glavni obto\u017eeni Radenko Vasi\u0107 bo lahko na obravnavo pri\u0161el sam, saj ga je sodi\u0161\u010de po letu in dveh mesecih izpustilo iz pripora in ta ukrep nadomestilo s hi\u0161nim priporom.\" \/>\n<meta property=\"og:url\" content=\"https:\/\/hudo.com\/si\/aktualno\/po-letu-in-dveh-mesecih-so-ga-izpustili-iz-pripora\/\" \/>\n<meta property=\"og:site_name\" content=\"Hudo Slovenija\" \/>\n<meta property=\"article:publisher\" content=\"https:\/\/www.facebook.com\/hudo.si\" \/>\n<meta property=\"article:published_time\" content=\"2016-07-11T01:57:00+00:00\" \/>\n<meta property=\"article:modified_time\" content=\"2016-07-12T05:22:40+00:00\" \/>\n<meta property=\"og:image\" content=\"https:\/\/hudo.com\/si\/wp-content\/uploads\/sites\/2\/2016\/07\/159-Sojenje_goljufija_019.jpg\" \/>\n\t<meta property=\"og:image:width\" content=\"620\" \/>\n\t<meta property=\"og:image:height\" content=\"465\" \/>\n\t<meta property=\"og:image:type\" content=\"image\/jpeg\" \/>\n<meta name=\"author\" content=\"hudo\" \/>\n<meta name=\"twitter:card\" content=\"summary_large_image\" \/>\n<meta name=\"twitter:creator\" content=\"@hudo_si\" \/>\n<meta name=\"twitter:site\" content=\"@hudo_si\" \/>\n<meta name=\"twitter:label1\" content=\"Written by\" \/>\n\t<meta name=\"twitter:data1\" content=\"hudo\" \/>\n<script type=\"application\/ld+json\" class=\"yoast-schema-graph\">{\"@context\":\"https:\/\/schema.org\",\"@graph\":[{\"@type\":\"Article\",\"@id\":\"https:\/\/hudo.com\/si\/aktualno\/po-letu-in-dveh-mesecih-so-ga-izpustili-iz-pripora\/#article\",\"isPartOf\":{\"@id\":\"https:\/\/hudo.com\/si\/aktualno\/po-letu-in-dveh-mesecih-so-ga-izpustili-iz-pripora\/\"},\"author\":{\"name\":\"hudo\",\"@id\":\"https:\/\/hudo.com\/si\/#\/schema\/person\/601cf3379633985b20f7e50f2bb47707\"},\"headline\":\"Po letu in dveh mesecih so ga izpustili iz pripora\",\"datePublished\":\"2016-07-11T01:57:00+00:00\",\"dateModified\":\"2016-07-12T05:22:40+00:00\",\"mainEntityOfPage\":{\"@id\":\"https:\/\/hudo.com\/si\/aktualno\/po-letu-in-dveh-mesecih-so-ga-izpustili-iz-pripora\/\"},\"wordCount\":90,\"publisher\":{\"@id\":\"https:\/\/hudo.com\/si\/#organization\"},\"articleSection\":[\"Aktualno\"],\"inLanguage\":\"sl-SI\"},{\"@type\":\"WebPage\",\"@id\":\"https:\/\/hudo.com\/si\/aktualno\/po-letu-in-dveh-mesecih-so-ga-izpustili-iz-pripora\/\",\"url\":\"https:\/\/hudo.com\/si\/aktualno\/po-letu-in-dveh-mesecih-so-ga-izpustili-iz-pripora\/\",\"name\":\"Po letu in dveh mesecih so ga izpustili iz pripora - Hudo Slovenija\",\"isPartOf\":{\"@id\":\"https:\/\/hudo.com\/si\/#website\"},\"datePublished\":\"2016-07-11T01:57:00+00:00\",\"dateModified\":\"2016-07-12T05:22:40+00:00\",\"breadcrumb\":{\"@id\":\"https:\/\/hudo.com\/si\/aktualno\/po-letu-in-dveh-mesecih-so-ga-izpustili-iz-pripora\/#breadcrumb\"},\"inLanguage\":\"sl-SI\",\"potentialAction\":[{\"@type\":\"ReadAction\",\"target\":[\"https:\/\/hudo.com\/si\/aktualno\/po-letu-in-dveh-mesecih-so-ga-izpustili-iz-pripora\/\"]}]},{\"@type\":\"BreadcrumbList\",\"@id\":\"https:\/\/hudo.com\/si\/aktualno\/po-letu-in-dveh-mesecih-so-ga-izpustili-iz-pripora\/#breadcrumb\",\"itemListElement\":[{\"@type\":\"ListItem\",\"position\":1,\"name\":\"Home\",\"item\":\"https:\/\/hudo.com\/si\/\"},{\"@type\":\"ListItem\",\"position\":2,\"name\":\"Po letu in dveh mesecih so ga izpustili iz pripora\"}]},{\"@type\":\"WebSite\",\"@id\":\"https:\/\/hudo.com\/si\/#website\",\"url\":\"https:\/\/hudo.com\/si\/\",\"name\":\"Hudo Slovenija\",\"description\":\"Vse novice iz Slovenije in sveta\",\"publisher\":{\"@id\":\"https:\/\/hudo.com\/si\/#organization\"},\"potentialAction\":[{\"@type\":\"SearchAction\",\"target\":{\"@type\":\"EntryPoint\",\"urlTemplate\":\"https:\/\/hudo.com\/si\/?s={search_term_string}\"},\"query-input\":\"required name=search_term_string\"}],\"inLanguage\":\"sl-SI\"},{\"@type\":\"Organization\",\"@id\":\"https:\/\/hudo.com\/si\/#organization\",\"name\":\"VSN Media\",\"url\":\"https:\/\/hudo.com\/si\/\",\"logo\":{\"@type\":\"ImageObject\",\"inLanguage\":\"sl-SI\",\"@id\":\"https:\/\/hudo.com\/si\/#\/schema\/logo\/image\/\",\"url\":\"https:\/\/hudo.com\/si\/wp-content\/uploads\/sites\/2\/2021\/03\/hudo-app-2.png\",\"contentUrl\":\"https:\/\/hudo.com\/si\/wp-content\/uploads\/sites\/2\/2021\/03\/hudo-app-2.png\",\"width\":2185,\"height\":2167,\"caption\":\"VSN Media\"},\"image\":{\"@id\":\"https:\/\/hudo.com\/si\/#\/schema\/logo\/image\/\"},\"sameAs\":[\"https:\/\/www.facebook.com\/hudo.si\",\"https:\/\/twitter.com\/hudo_si\"]},{\"@type\":\"Person\",\"@id\":\"https:\/\/hudo.com\/si\/#\/schema\/person\/601cf3379633985b20f7e50f2bb47707\",\"name\":\"hudo\",\"image\":{\"@type\":\"ImageObject\",\"inLanguage\":\"sl-SI\",\"@id\":\"https:\/\/hudo.com\/si\/#\/schema\/person\/image\/\",\"url\":\"https:\/\/secure.gravatar.com\/avatar\/c4ca25fa72cace7a696b52ff5db9e095?s=96&d=mm&r=g\",\"contentUrl\":\"https:\/\/secure.gravatar.com\/avatar\/c4ca25fa72cace7a696b52ff5db9e095?s=96&d=mm&r=g\",\"caption\":\"hudo\"},\"url\":\"https:\/\/hudo.com\/si\/author\/hudo\/\"}]}<\/script>\n<!-- \/ Yoast SEO plugin. -->","yoast_head_json":{"title":"Po letu in dveh mesecih so ga izpustili iz pripora - Hudo Slovenija","robots":{"index":"index","follow":"follow","max-snippet":"max-snippet:-1","max-image-preview":"max-image-preview:large","max-video-preview":"max-video-preview:-1"},"canonical":"https:\/\/hudo.com\/si\/aktualno\/po-letu-in-dveh-mesecih-so-ga-izpustili-iz-pripora\/","og_locale":"sl_SI","og_type":"article","og_title":"Po letu in dveh mesecih so ga izpustili iz pripora - Hudo Slovenija","og_description":"Na novogori\u0161kem okro\u017enem sodi\u0161\u010du se bo v \u010detrtek za\u010dela glavna obravnava, na kateri bo sku\u0161alo dvanajst obto\u017eenih Istranov dokazati, da niso izsiljevali ter po oderu\u0161kih obrestih posojali denarja drugim podjetjem v koprskem pristani\u0161\u010du, kot jim o\u010dita to\u017eilstvo. Glavni obto\u017eeni Radenko Vasi\u0107 bo lahko na obravnavo pri\u0161el sam, saj ga je sodi\u0161\u010de po letu in dveh mesecih izpustilo iz pripora in ta ukrep nadomestilo s hi\u0161nim priporom.","og_url":"https:\/\/hudo.com\/si\/aktualno\/po-letu-in-dveh-mesecih-so-ga-izpustili-iz-pripora\/","og_site_name":"Hudo Slovenija","article_publisher":"https:\/\/www.facebook.com\/hudo.si","article_published_time":"2016-07-11T01:57:00+00:00","article_modified_time":"2016-07-12T05:22:40+00:00","og_image":[{"width":620,"height":465,"url":"https:\/\/hudo.com\/si\/wp-content\/uploads\/sites\/2\/2016\/07\/159-Sojenje_goljufija_019.jpg","type":"image\/jpeg"}],"author":"hudo","twitter_card":"summary_large_image","twitter_creator":"@hudo_si","twitter_site":"@hudo_si","twitter_misc":{"Written by":"hudo"},"schema":{"@context":"https:\/\/schema.org","@graph":[{"@type":"Article","@id":"https:\/\/hudo.com\/si\/aktualno\/po-letu-in-dveh-mesecih-so-ga-izpustili-iz-pripora\/#article","isPartOf":{"@id":"https:\/\/hudo.com\/si\/aktualno\/po-letu-in-dveh-mesecih-so-ga-izpustili-iz-pripora\/"},"author":{"name":"hudo","@id":"https:\/\/hudo.com\/si\/#\/schema\/person\/601cf3379633985b20f7e50f2bb47707"},"headline":"Po letu in dveh mesecih so ga izpustili iz pripora","datePublished":"2016-07-11T01:57:00+00:00","dateModified":"2016-07-12T05:22:40+00:00","mainEntityOfPage":{"@id":"https:\/\/hudo.com\/si\/aktualno\/po-letu-in-dveh-mesecih-so-ga-izpustili-iz-pripora\/"},"wordCount":90,"publisher":{"@id":"https:\/\/hudo.com\/si\/#organization"},"articleSection":["Aktualno"],"inLanguage":"sl-SI"},{"@type":"WebPage","@id":"https:\/\/hudo.com\/si\/aktualno\/po-letu-in-dveh-mesecih-so-ga-izpustili-iz-pripora\/","url":"https:\/\/hudo.com\/si\/aktualno\/po-letu-in-dveh-mesecih-so-ga-izpustili-iz-pripora\/","name":"Po letu in dveh mesecih so ga izpustili iz pripora - Hudo Slovenija","isPartOf":{"@id":"https:\/\/hudo.com\/si\/#website"},"datePublished":"2016-07-11T01:57:00+00:00","dateModified":"2016-07-12T05:22:40+00:00","breadcrumb":{"@id":"https:\/\/hudo.com\/si\/aktualno\/po-letu-in-dveh-mesecih-so-ga-izpustili-iz-pripora\/#breadcrumb"},"inLanguage":"sl-SI","potentialAction":[{"@type":"ReadAction","target":["https:\/\/hudo.com\/si\/aktualno\/po-letu-in-dveh-mesecih-so-ga-izpustili-iz-pripora\/"]}]},{"@type":"BreadcrumbList","@id":"https:\/\/hudo.com\/si\/aktualno\/po-letu-in-dveh-mesecih-so-ga-izpustili-iz-pripora\/#breadcrumb","itemListElement":[{"@type":"ListItem","position":1,"name":"Home","item":"https:\/\/hudo.com\/si\/"},{"@type":"ListItem","position":2,"name":"Po letu in dveh mesecih so ga izpustili iz pripora"}]},{"@type":"WebSite","@id":"https:\/\/hudo.com\/si\/#website","url":"https:\/\/hudo.com\/si\/","name":"Hudo Slovenija","description":"Vse novice iz Slovenije in sveta","publisher":{"@id":"https:\/\/hudo.com\/si\/#organization"},"potentialAction":[{"@type":"SearchAction","target":{"@type":"EntryPoint","urlTemplate":"https:\/\/hudo.com\/si\/?s={search_term_string}"},"query-input":"required name=search_term_string"}],"inLanguage":"sl-SI"},{"@type":"Organization","@id":"https:\/\/hudo.com\/si\/#organization","name":"VSN Media","url":"https:\/\/hudo.com\/si\/","logo":{"@type":"ImageObject","inLanguage":"sl-SI","@id":"https:\/\/hudo.com\/si\/#\/schema\/logo\/image\/","url":"https:\/\/hudo.com\/si\/wp-content\/uploads\/sites\/2\/2021\/03\/hudo-app-2.png","contentUrl":"https:\/\/hudo.com\/si\/wp-content\/uploads\/sites\/2\/2021\/03\/hudo-app-2.png","width":2185,"height":2167,"caption":"VSN Media"},"image":{"@id":"https:\/\/hudo.com\/si\/#\/schema\/logo\/image\/"},"sameAs":["https:\/\/www.facebook.com\/hudo.si","https:\/\/twitter.com\/hudo_si"]},{"@type":"Person","@id":"https:\/\/hudo.com\/si\/#\/schema\/person\/601cf3379633985b20f7e50f2bb47707","name":"hudo","image":{"@type":"ImageObject","inLanguage":"sl-SI","@id":"https:\/\/hudo.com\/si\/#\/schema\/person\/image\/","url":"https:\/\/secure.gravatar.com\/avatar\/c4ca25fa72cace7a696b52ff5db9e095?s=96&d=mm&r=g","contentUrl":"https:\/\/secure.gravatar.com\/avatar\/c4ca25fa72cace7a696b52ff5db9e095?s=96&d=mm&r=g","caption":"hudo"},"url":"https:\/\/hudo.com\/si\/author\/hudo\/"}]}},"amp_enabled":true,"_links":{"self":[{"href":"https:\/\/hudo.com\/si\/wp-json\/wp\/v2\/posts\/92430"}],"collection":[{"href":"https:\/\/hudo.com\/si\/wp-json\/wp\/v2\/posts"}],"about":[{"href":"https:\/\/hudo.com\/si\/wp-json\/wp\/v2\/types\/post"}],"author":[{"embeddable":true,"href":"https:\/\/hudo.com\/si\/wp-json\/wp\/v2\/users\/1"}],"replies":[{"embeddable":true,"href":"https:\/\/hudo.com\/si\/wp-json\/wp\/v2\/comments?post=92430"}],"version-history":[{"count":1,"href":"https:\/\/hudo.com\/si\/wp-json\/wp\/v2\/posts\/92430\/revisions"}],"predecessor-version":[{"id":92577,"href":"https:\/\/hudo.com\/si\/wp-json\/wp\/v2\/posts\/92430\/revisions\/92577"}],"wp:attachment":[{"href":"https:\/\/hudo.com\/si\/wp-json\/wp\/v2\/media?parent=92430"}],"wp:term":[{"taxonomy":"category","embeddable":true,"href":"https:\/\/hudo.com\/si\/wp-json\/wp\/v2\/categories?post=92430"},{"taxonomy":"post_tag","embeddable":true,"href":"https:\/\/hudo.com\/si\/wp-json\/wp\/v2\/tags?post=92430"},{"taxonomy":"source","embeddable":true,"href":"https:\/\/hudo.com\/si\/wp-json\/wp\/v2\/source?post=92430"},{"taxonomy":"supertag","embeddable":true,"href":"https:\/\/hudo.com\/si\/wp-json\/wp\/v2\/supertag?post=92430"}],"curies":[{"name":"wp","href":"https:\/\/api.w.org\/{rel}","templated":true}]}}