{"id":92554,"date":"2016-07-11T05:24:00","date_gmt":"2016-07-11T03:24:00","guid":{"rendered":"http:\/\/hudo.com\/si\/2016\/07\/11\/ronaldove-solze-nesrece-na-najvecji-dan-kariere\/"},"modified":"2016-07-12T02:26:30","modified_gmt":"2016-07-12T00:26:30","slug":"ronaldove-solze-nesrece-na-najvecji-dan-kariere","status":"publish","type":"post","link":"https:\/\/hudo.com\/si\/aktualno\/ronaldove-solze-nesrece-na-najvecji-dan-kariere\/","title":{"rendered":"Ronaldove solze (ne)sre\u010de na najve\u010dji dan kariere"},"content":{"rendered":"<p>Kategorija: Euro 2016 Mon, 11 Jul 2016 07:24:00 +0200  Pariz &#8211; \u010ceprav je zelenico po\u0161kodovan zapustil \u017ee po 25 minutah, je bil Cristiano Ronaldo osrednja osebnost velikega finala evropskega prvenstva med Portugalsko in Francijo. Grd nalet in po\u0161kodba kolena, zaradi katerega je kar nekaj \u010dasa stiskal zobe, a moral nato objokan priznati, da ne more nadaljevati, sta zaznamovali tekmo \u017ee v uvodnem delu, njegova nesre\u010da je kar nekako odvzela naboj tekmi. Z njim so so\u010dustvovali tudi tisti, ki sicer niso prista\u0161i njegovega popolnega zvezdni\u0161kega pristopa, saj so vedeli, kako zelo te\u017eko je bilo v tistem trenutku kapetanu. A tekma se je obrnila, ko je rezervist Eder v 109. minuti zabil zmagoviti gol, Ronaldova pa so spet oblile solze &#8211; tokrat solze sre\u010de. \u00bbDanes sem ob\u010dutil veliko \u017ealost in izjemno sre\u010do. Kaj naj re\u010dem, o tem najsre\u010dnej\u0161em trenutku svoje kariere? Le\u00a0&#8230;<\/p>\n","protected":false},"excerpt":{"rendered":"<p>Kategorija: Euro 2016 Mon, 11 Jul 2016 07:24:00 +0200  Pariz &#8211; \u010ceprav je zelenico po\u0161kodovan zapustil \u017ee po 25 minutah, je bil Cristiano Ronaldo osrednja osebnost velikega finala evropskega prvenstva med Portugalsko in Francijo. Grd nalet in po\u0161kodba kolena, zaradi katerega je kar nekaj \u010dasa stiskal zobe, a moral nato objokan priznati, da ne more nadaljevati, sta zaznamovali tekmo \u017ee v uvodnem delu, njegova nesre\u010da je kar nekako odvzela naboj tekmi. Z njim so so\u010dustvovali tudi tisti, ki sicer niso prista\u0161i njegovega popolnega zvezdni\u0161kega pristopa, saj so vedeli, kako zelo te\u017eko je bilo v tistem trenutku kapetanu. A tekma se je obrnila, ko je rezervist Eder v 109. minuti zabil zmagoviti gol, Ronaldova pa so spet oblile solze &#8211; tokrat solze sre\u010de. \u00bbDanes sem ob\u010dutil veliko \u017ealost in izjemno sre\u010do. Kaj naj re\u010dem, o tem najsre\u010dnej\u0161em trenutku svoje kariere? Le\u00a0&#8230;<\/p>\n","protected":false},"author":1,"featured_media":0,"comment_status":"closed","ping_status":"closed","sticky":false,"template":"","format":"standard","meta":{"footnotes":""},"categories":[1179],"tags":[],"source":[4511],"supertag":[],"acf":[],"yoast_head":"<!-- This site is optimized with the Yoast SEO plugin v21.3 - https:\/\/yoast.com\/wordpress\/plugins\/seo\/ -->\n<title>Ronaldove solze (ne)sre\u010de na najve\u010dji dan kariere - Hudo Slovenija<\/title>\n<meta name=\"robots\" content=\"index, follow, max-snippet:-1, max-image-preview:large, max-video-preview:-1\" \/>\n<link rel=\"canonical\" href=\"https:\/\/hudo.com\/si\/aktualno\/ronaldove-solze-nesrece-na-najvecji-dan-kariere\/\" \/>\n<meta property=\"og:locale\" content=\"sl_SI\" \/>\n<meta property=\"og:type\" content=\"article\" \/>\n<meta property=\"og:title\" content=\"Ronaldove solze (ne)sre\u010de na najve\u010dji dan kariere - Hudo Slovenija\" \/>\n<meta property=\"og:description\" content=\"Kategorija: Euro 2016 Mon, 11 Jul 2016 07:24:00 +0200 Pariz - \u010ceprav je zelenico po\u0161kodovan zapustil \u017ee po 25 minutah, je bil Cristiano Ronaldo osrednja osebnost velikega finala evropskega prvenstva med Portugalsko in Francijo. Grd nalet in po\u0161kodba kolena, zaradi katerega je kar nekaj \u010dasa stiskal zobe, a moral nato objokan priznati, da ne more nadaljevati, sta zaznamovali tekmo \u017ee v uvodnem delu, njegova nesre\u010da je kar nekako odvzela naboj tekmi. Z njim so so\u010dustvovali tudi tisti, ki sicer niso prista\u0161i njegovega popolnega zvezdni\u0161kega pristopa, saj so vedeli, kako zelo te\u017eko je bilo v tistem trenutku kapetanu. A tekma se je obrnila, ko je rezervist Eder v 109. minuti zabil zmagoviti gol, Ronaldova pa so spet oblile solze - tokrat solze sre\u010de. \u00bbDanes sem ob\u010dutil veliko \u017ealost in izjemno sre\u010do. Kaj naj re\u010dem, o tem najsre\u010dnej\u0161em trenutku svoje kariere? Le\u00a0...\" \/>\n<meta property=\"og:url\" content=\"https:\/\/hudo.com\/si\/aktualno\/ronaldove-solze-nesrece-na-najvecji-dan-kariere\/\" \/>\n<meta property=\"og:site_name\" content=\"Hudo Slovenija\" \/>\n<meta property=\"article:publisher\" content=\"https:\/\/www.facebook.com\/hudo.si\" \/>\n<meta property=\"article:published_time\" content=\"2016-07-11T03:24:00+00:00\" \/>\n<meta property=\"article:modified_time\" content=\"2016-07-12T00:26:30+00:00\" \/>\n<meta property=\"og:image\" content=\"https:\/\/hudo.com\/si\/wp-content\/uploads\/sites\/2\/2016\/07\/480x290_AFP_Photo-20160711010719-56320400.jpeg\" \/>\n\t<meta property=\"og:image:width\" content=\"480\" \/>\n\t<meta property=\"og:image:height\" content=\"290\" \/>\n\t<meta property=\"og:image:type\" content=\"image\/jpeg\" \/>\n<meta name=\"author\" content=\"hudo\" \/>\n<meta name=\"twitter:card\" content=\"summary_large_image\" \/>\n<meta name=\"twitter:creator\" content=\"@hudo_si\" \/>\n<meta name=\"twitter:site\" content=\"@hudo_si\" \/>\n<meta name=\"twitter:label1\" content=\"Written by\" \/>\n\t<meta name=\"twitter:data1\" content=\"hudo\" \/>\n\t<meta name=\"twitter:label2\" content=\"Est. reading time\" \/>\n\t<meta name=\"twitter:data2\" content=\"1 minuta\" \/>\n<script type=\"application\/ld+json\" class=\"yoast-schema-graph\">{\"@context\":\"https:\/\/schema.org\",\"@graph\":[{\"@type\":\"Article\",\"@id\":\"https:\/\/hudo.com\/si\/aktualno\/ronaldove-solze-nesrece-na-najvecji-dan-kariere\/#article\",\"isPartOf\":{\"@id\":\"https:\/\/hudo.com\/si\/aktualno\/ronaldove-solze-nesrece-na-najvecji-dan-kariere\/\"},\"author\":{\"name\":\"hudo\",\"@id\":\"https:\/\/hudo.com\/si\/#\/schema\/person\/601cf3379633985b20f7e50f2bb47707\"},\"headline\":\"Ronaldove solze (ne)sre\u010de na najve\u010dji dan kariere\",\"datePublished\":\"2016-07-11T03:24:00+00:00\",\"dateModified\":\"2016-07-12T00:26:30+00:00\",\"mainEntityOfPage\":{\"@id\":\"https:\/\/hudo.com\/si\/aktualno\/ronaldove-solze-nesrece-na-najvecji-dan-kariere\/\"},\"wordCount\":156,\"publisher\":{\"@id\":\"https:\/\/hudo.com\/si\/#organization\"},\"articleSection\":[\"Aktualno\"],\"inLanguage\":\"sl-SI\"},{\"@type\":\"WebPage\",\"@id\":\"https:\/\/hudo.com\/si\/aktualno\/ronaldove-solze-nesrece-na-najvecji-dan-kariere\/\",\"url\":\"https:\/\/hudo.com\/si\/aktualno\/ronaldove-solze-nesrece-na-najvecji-dan-kariere\/\",\"name\":\"Ronaldove solze (ne)sre\u010de na najve\u010dji dan kariere - Hudo Slovenija\",\"isPartOf\":{\"@id\":\"https:\/\/hudo.com\/si\/#website\"},\"datePublished\":\"2016-07-11T03:24:00+00:00\",\"dateModified\":\"2016-07-12T00:26:30+00:00\",\"breadcrumb\":{\"@id\":\"https:\/\/hudo.com\/si\/aktualno\/ronaldove-solze-nesrece-na-najvecji-dan-kariere\/#breadcrumb\"},\"inLanguage\":\"sl-SI\",\"potentialAction\":[{\"@type\":\"ReadAction\",\"target\":[\"https:\/\/hudo.com\/si\/aktualno\/ronaldove-solze-nesrece-na-najvecji-dan-kariere\/\"]}]},{\"@type\":\"BreadcrumbList\",\"@id\":\"https:\/\/hudo.com\/si\/aktualno\/ronaldove-solze-nesrece-na-najvecji-dan-kariere\/#breadcrumb\",\"itemListElement\":[{\"@type\":\"ListItem\",\"position\":1,\"name\":\"Home\",\"item\":\"https:\/\/hudo.com\/si\/\"},{\"@type\":\"ListItem\",\"position\":2,\"name\":\"Ronaldove solze (ne)sre\u010de na najve\u010dji dan kariere\"}]},{\"@type\":\"WebSite\",\"@id\":\"https:\/\/hudo.com\/si\/#website\",\"url\":\"https:\/\/hudo.com\/si\/\",\"name\":\"Hudo Slovenija\",\"description\":\"Vse novice iz Slovenije in sveta\",\"publisher\":{\"@id\":\"https:\/\/hudo.com\/si\/#organization\"},\"potentialAction\":[{\"@type\":\"SearchAction\",\"target\":{\"@type\":\"EntryPoint\",\"urlTemplate\":\"https:\/\/hudo.com\/si\/?s={search_term_string}\"},\"query-input\":\"required name=search_term_string\"}],\"inLanguage\":\"sl-SI\"},{\"@type\":\"Organization\",\"@id\":\"https:\/\/hudo.com\/si\/#organization\",\"name\":\"VSN Media\",\"url\":\"https:\/\/hudo.com\/si\/\",\"logo\":{\"@type\":\"ImageObject\",\"inLanguage\":\"sl-SI\",\"@id\":\"https:\/\/hudo.com\/si\/#\/schema\/logo\/image\/\",\"url\":\"https:\/\/hudo.com\/si\/wp-content\/uploads\/sites\/2\/2021\/03\/hudo-app-2.png\",\"contentUrl\":\"https:\/\/hudo.com\/si\/wp-content\/uploads\/sites\/2\/2021\/03\/hudo-app-2.png\",\"width\":2185,\"height\":2167,\"caption\":\"VSN Media\"},\"image\":{\"@id\":\"https:\/\/hudo.com\/si\/#\/schema\/logo\/image\/\"},\"sameAs\":[\"https:\/\/www.facebook.com\/hudo.si\",\"https:\/\/twitter.com\/hudo_si\"]},{\"@type\":\"Person\",\"@id\":\"https:\/\/hudo.com\/si\/#\/schema\/person\/601cf3379633985b20f7e50f2bb47707\",\"name\":\"hudo\",\"image\":{\"@type\":\"ImageObject\",\"inLanguage\":\"sl-SI\",\"@id\":\"https:\/\/hudo.com\/si\/#\/schema\/person\/image\/\",\"url\":\"https:\/\/secure.gravatar.com\/avatar\/c4ca25fa72cace7a696b52ff5db9e095?s=96&d=mm&r=g\",\"contentUrl\":\"https:\/\/secure.gravatar.com\/avatar\/c4ca25fa72cace7a696b52ff5db9e095?s=96&d=mm&r=g\",\"caption\":\"hudo\"},\"url\":\"https:\/\/hudo.com\/si\/author\/hudo\/\"}]}<\/script>\n<!-- \/ Yoast SEO plugin. -->","yoast_head_json":{"title":"Ronaldove solze (ne)sre\u010de na najve\u010dji dan kariere - Hudo Slovenija","robots":{"index":"index","follow":"follow","max-snippet":"max-snippet:-1","max-image-preview":"max-image-preview:large","max-video-preview":"max-video-preview:-1"},"canonical":"https:\/\/hudo.com\/si\/aktualno\/ronaldove-solze-nesrece-na-najvecji-dan-kariere\/","og_locale":"sl_SI","og_type":"article","og_title":"Ronaldove solze (ne)sre\u010de na najve\u010dji dan kariere - Hudo Slovenija","og_description":"Kategorija: Euro 2016 Mon, 11 Jul 2016 07:24:00 +0200 Pariz - \u010ceprav je zelenico po\u0161kodovan zapustil \u017ee po 25 minutah, je bil Cristiano Ronaldo osrednja osebnost velikega finala evropskega prvenstva med Portugalsko in Francijo. Grd nalet in po\u0161kodba kolena, zaradi katerega je kar nekaj \u010dasa stiskal zobe, a moral nato objokan priznati, da ne more nadaljevati, sta zaznamovali tekmo \u017ee v uvodnem delu, njegova nesre\u010da je kar nekako odvzela naboj tekmi. Z njim so so\u010dustvovali tudi tisti, ki sicer niso prista\u0161i njegovega popolnega zvezdni\u0161kega pristopa, saj so vedeli, kako zelo te\u017eko je bilo v tistem trenutku kapetanu. A tekma se je obrnila, ko je rezervist Eder v 109. minuti zabil zmagoviti gol, Ronaldova pa so spet oblile solze - tokrat solze sre\u010de. \u00bbDanes sem ob\u010dutil veliko \u017ealost in izjemno sre\u010do. Kaj naj re\u010dem, o tem najsre\u010dnej\u0161em trenutku svoje kariere? Le\u00a0...","og_url":"https:\/\/hudo.com\/si\/aktualno\/ronaldove-solze-nesrece-na-najvecji-dan-kariere\/","og_site_name":"Hudo Slovenija","article_publisher":"https:\/\/www.facebook.com\/hudo.si","article_published_time":"2016-07-11T03:24:00+00:00","article_modified_time":"2016-07-12T00:26:30+00:00","og_image":[{"width":480,"height":290,"url":"https:\/\/hudo.com\/si\/wp-content\/uploads\/sites\/2\/2016\/07\/480x290_AFP_Photo-20160711010719-56320400.jpeg","type":"image\/jpeg"}],"author":"hudo","twitter_card":"summary_large_image","twitter_creator":"@hudo_si","twitter_site":"@hudo_si","twitter_misc":{"Written by":"hudo","Est. reading time":"1 minuta"},"schema":{"@context":"https:\/\/schema.org","@graph":[{"@type":"Article","@id":"https:\/\/hudo.com\/si\/aktualno\/ronaldove-solze-nesrece-na-najvecji-dan-kariere\/#article","isPartOf":{"@id":"https:\/\/hudo.com\/si\/aktualno\/ronaldove-solze-nesrece-na-najvecji-dan-kariere\/"},"author":{"name":"hudo","@id":"https:\/\/hudo.com\/si\/#\/schema\/person\/601cf3379633985b20f7e50f2bb47707"},"headline":"Ronaldove solze (ne)sre\u010de na najve\u010dji dan kariere","datePublished":"2016-07-11T03:24:00+00:00","dateModified":"2016-07-12T00:26:30+00:00","mainEntityOfPage":{"@id":"https:\/\/hudo.com\/si\/aktualno\/ronaldove-solze-nesrece-na-najvecji-dan-kariere\/"},"wordCount":156,"publisher":{"@id":"https:\/\/hudo.com\/si\/#organization"},"articleSection":["Aktualno"],"inLanguage":"sl-SI"},{"@type":"WebPage","@id":"https:\/\/hudo.com\/si\/aktualno\/ronaldove-solze-nesrece-na-najvecji-dan-kariere\/","url":"https:\/\/hudo.com\/si\/aktualno\/ronaldove-solze-nesrece-na-najvecji-dan-kariere\/","name":"Ronaldove solze (ne)sre\u010de na najve\u010dji dan kariere - Hudo Slovenija","isPartOf":{"@id":"https:\/\/hudo.com\/si\/#website"},"datePublished":"2016-07-11T03:24:00+00:00","dateModified":"2016-07-12T00:26:30+00:00","breadcrumb":{"@id":"https:\/\/hudo.com\/si\/aktualno\/ronaldove-solze-nesrece-na-najvecji-dan-kariere\/#breadcrumb"},"inLanguage":"sl-SI","potentialAction":[{"@type":"ReadAction","target":["https:\/\/hudo.com\/si\/aktualno\/ronaldove-solze-nesrece-na-najvecji-dan-kariere\/"]}]},{"@type":"BreadcrumbList","@id":"https:\/\/hudo.com\/si\/aktualno\/ronaldove-solze-nesrece-na-najvecji-dan-kariere\/#breadcrumb","itemListElement":[{"@type":"ListItem","position":1,"name":"Home","item":"https:\/\/hudo.com\/si\/"},{"@type":"ListItem","position":2,"name":"Ronaldove solze (ne)sre\u010de na najve\u010dji dan kariere"}]},{"@type":"WebSite","@id":"https:\/\/hudo.com\/si\/#website","url":"https:\/\/hudo.com\/si\/","name":"Hudo Slovenija","description":"Vse novice iz Slovenije in sveta","publisher":{"@id":"https:\/\/hudo.com\/si\/#organization"},"potentialAction":[{"@type":"SearchAction","target":{"@type":"EntryPoint","urlTemplate":"https:\/\/hudo.com\/si\/?s={search_term_string}"},"query-input":"required name=search_term_string"}],"inLanguage":"sl-SI"},{"@type":"Organization","@id":"https:\/\/hudo.com\/si\/#organization","name":"VSN Media","url":"https:\/\/hudo.com\/si\/","logo":{"@type":"ImageObject","inLanguage":"sl-SI","@id":"https:\/\/hudo.com\/si\/#\/schema\/logo\/image\/","url":"https:\/\/hudo.com\/si\/wp-content\/uploads\/sites\/2\/2021\/03\/hudo-app-2.png","contentUrl":"https:\/\/hudo.com\/si\/wp-content\/uploads\/sites\/2\/2021\/03\/hudo-app-2.png","width":2185,"height":2167,"caption":"VSN Media"},"image":{"@id":"https:\/\/hudo.com\/si\/#\/schema\/logo\/image\/"},"sameAs":["https:\/\/www.facebook.com\/hudo.si","https:\/\/twitter.com\/hudo_si"]},{"@type":"Person","@id":"https:\/\/hudo.com\/si\/#\/schema\/person\/601cf3379633985b20f7e50f2bb47707","name":"hudo","image":{"@type":"ImageObject","inLanguage":"sl-SI","@id":"https:\/\/hudo.com\/si\/#\/schema\/person\/image\/","url":"https:\/\/secure.gravatar.com\/avatar\/c4ca25fa72cace7a696b52ff5db9e095?s=96&d=mm&r=g","contentUrl":"https:\/\/secure.gravatar.com\/avatar\/c4ca25fa72cace7a696b52ff5db9e095?s=96&d=mm&r=g","caption":"hudo"},"url":"https:\/\/hudo.com\/si\/author\/hudo\/"}]}},"amp_enabled":true,"_links":{"self":[{"href":"https:\/\/hudo.com\/si\/wp-json\/wp\/v2\/posts\/92554"}],"collection":[{"href":"https:\/\/hudo.com\/si\/wp-json\/wp\/v2\/posts"}],"about":[{"href":"https:\/\/hudo.com\/si\/wp-json\/wp\/v2\/types\/post"}],"author":[{"embeddable":true,"href":"https:\/\/hudo.com\/si\/wp-json\/wp\/v2\/users\/1"}],"replies":[{"embeddable":true,"href":"https:\/\/hudo.com\/si\/wp-json\/wp\/v2\/comments?post=92554"}],"version-history":[{"count":1,"href":"https:\/\/hudo.com\/si\/wp-json\/wp\/v2\/posts\/92554\/revisions"}],"predecessor-version":[{"id":92717,"href":"https:\/\/hudo.com\/si\/wp-json\/wp\/v2\/posts\/92554\/revisions\/92717"}],"wp:attachment":[{"href":"https:\/\/hudo.com\/si\/wp-json\/wp\/v2\/media?parent=92554"}],"wp:term":[{"taxonomy":"category","embeddable":true,"href":"https:\/\/hudo.com\/si\/wp-json\/wp\/v2\/categories?post=92554"},{"taxonomy":"post_tag","embeddable":true,"href":"https:\/\/hudo.com\/si\/wp-json\/wp\/v2\/tags?post=92554"},{"taxonomy":"source","embeddable":true,"href":"https:\/\/hudo.com\/si\/wp-json\/wp\/v2\/source?post=92554"},{"taxonomy":"supertag","embeddable":true,"href":"https:\/\/hudo.com\/si\/wp-json\/wp\/v2\/supertag?post=92554"}],"curies":[{"name":"wp","href":"https:\/\/api.w.org\/{rel}","templated":true}]}}