{"id":95996,"date":"2016-07-16T13:17:00","date_gmt":"2016-07-16T11:17:00","guid":{"rendered":"http:\/\/hudo.com\/si\/2016\/07\/16\/marquezu-najboljsi-startni-polozaj-v-nemciji\/"},"modified":"2016-07-17T08:33:01","modified_gmt":"2016-07-17T06:33:01","slug":"marquezu-najboljsi-startni-polozaj-v-nemciji","status":"publish","type":"post","link":"https:\/\/hudo.com\/si\/aktualno\/marquezu-najboljsi-startni-polozaj-v-nemciji\/","title":{"rendered":"Marquezu najbolj\u0161i \u0161tartni polo\u017eaj v Nem\u010diji"},"content":{"rendered":"<p>Kategorija: Avtomoto Sat, 16 Jul 2016 15:17:00 +0200  Sachsenring &#8211; \u0160panski motociklist Marc Marquez (Honda) bo s prvega mesta za\u010del dirko razreda moto gp za VN Nem\u010dije. V kvalifikacijah v Sachsenringu je bil hitrej\u0161i od rojaka Hectorja Barbere (Ducati), na tretje mesto se je prebil Italija Valentino Rossi (Yamaha). Kvalifikacijski boj je sicer zaznamovala huda smola \u0161panskega zvezdnika Jorgeja Lorenza. \u017de skozi prvo kvalifikacijsko sito se je zaradi padca prebil skozi \u0161ivankino uho, nato pa po pol ure padel znova v drugi kvalifikacijski vo\u017enji. Tako se je uvrstil \u0161ele na enajsto mesto. To je tudi njegova najslab\u0161a uvrstitev po letu 2013, ko si je na VN Nizozemske zlonil klju\u010dnico in osvojil 12. mesto. Na tleh se je zna\u0161el tudi Andrea Iannone (Ducati) in moral zato tudi zamenjati motor. \u010cetrti je bil Italijan Danilo Petrucci (Ducati), sledil mu je \u0160panec Pol\u00a0&#8230;<\/p>\n","protected":false},"excerpt":{"rendered":"<p>Kategorija: Avtomoto Sat, 16 Jul 2016 15:17:00 +0200  Sachsenring &#8211; \u0160panski motociklist Marc Marquez (Honda) bo s prvega mesta za\u010del dirko razreda moto gp za VN Nem\u010dije. V kvalifikacijah v Sachsenringu je bil hitrej\u0161i od rojaka Hectorja Barbere (Ducati), na tretje mesto se je prebil Italija Valentino Rossi (Yamaha). Kvalifikacijski boj je sicer zaznamovala huda smola \u0161panskega zvezdnika Jorgeja Lorenza. \u017de skozi prvo kvalifikacijsko sito se je zaradi padca prebil skozi \u0161ivankino uho, nato pa po pol ure padel znova v drugi kvalifikacijski vo\u017enji. Tako se je uvrstil \u0161ele na enajsto mesto. To je tudi njegova najslab\u0161a uvrstitev po letu 2013, ko si je na VN Nizozemske zlonil klju\u010dnico in osvojil 12. mesto. Na tleh se je zna\u0161el tudi Andrea Iannone (Ducati) in moral zato tudi zamenjati motor. \u010cetrti je bil Italijan Danilo Petrucci (Ducati), sledil mu je \u0160panec Pol\u00a0&#8230;<\/p>\n","protected":false},"author":1,"featured_media":0,"comment_status":"closed","ping_status":"closed","sticky":false,"template":"","format":"standard","meta":{"footnotes":""},"categories":[1179],"tags":[],"source":[4511],"supertag":[],"acf":[],"yoast_head":"<!-- This site is optimized with the Yoast SEO plugin v21.3 - https:\/\/yoast.com\/wordpress\/plugins\/seo\/ -->\n<title>Marquezu najbolj\u0161i \u0161tartni polo\u017eaj v Nem\u010diji - Hudo Slovenija<\/title>\n<meta name=\"robots\" content=\"index, follow, max-snippet:-1, max-image-preview:large, max-video-preview:-1\" \/>\n<link rel=\"canonical\" href=\"https:\/\/hudo.com\/si\/aktualno\/marquezu-najboljsi-startni-polozaj-v-nemciji\/\" \/>\n<meta property=\"og:locale\" content=\"sl_SI\" \/>\n<meta property=\"og:type\" content=\"article\" \/>\n<meta property=\"og:title\" content=\"Marquezu najbolj\u0161i \u0161tartni polo\u017eaj v Nem\u010diji - Hudo Slovenija\" \/>\n<meta property=\"og:description\" content=\"Kategorija: Avtomoto Sat, 16 Jul 2016 15:17:00 +0200 Sachsenring - \u0160panski motociklist Marc Marquez (Honda) bo s prvega mesta za\u010del dirko razreda moto gp za VN Nem\u010dije. V kvalifikacijah v Sachsenringu je bil hitrej\u0161i od rojaka Hectorja Barbere (Ducati), na tretje mesto se je prebil Italija Valentino Rossi (Yamaha). Kvalifikacijski boj je sicer zaznamovala huda smola \u0161panskega zvezdnika Jorgeja Lorenza. \u017de skozi prvo kvalifikacijsko sito se je zaradi padca prebil skozi \u0161ivankino uho, nato pa po pol ure padel znova v drugi kvalifikacijski vo\u017enji. Tako se je uvrstil \u0161ele na enajsto mesto. To je tudi njegova najslab\u0161a uvrstitev po letu 2013, ko si je na VN Nizozemske zlonil klju\u010dnico in osvojil 12. mesto. Na tleh se je zna\u0161el tudi Andrea Iannone (Ducati) in moral zato tudi zamenjati motor. \u010cetrti je bil Italijan Danilo Petrucci (Ducati), sledil mu je \u0160panec Pol\u00a0...\" \/>\n<meta property=\"og:url\" content=\"https:\/\/hudo.com\/si\/aktualno\/marquezu-najboljsi-startni-polozaj-v-nemciji\/\" \/>\n<meta property=\"og:site_name\" content=\"Hudo Slovenija\" \/>\n<meta property=\"article:publisher\" content=\"https:\/\/www.facebook.com\/hudo.si\" \/>\n<meta property=\"article:published_time\" content=\"2016-07-16T11:17:00+00:00\" \/>\n<meta property=\"article:modified_time\" content=\"2016-07-17T06:33:01+00:00\" \/>\n<meta property=\"og:image\" content=\"https:\/\/hudo.com\/si\/wp-content\/uploads\/sites\/2\/2016\/07\/480x290_AFP_Photo-20160716120619-27237600.jpeg\" \/>\n\t<meta property=\"og:image:width\" content=\"480\" \/>\n\t<meta property=\"og:image:height\" content=\"290\" \/>\n\t<meta property=\"og:image:type\" content=\"image\/jpeg\" \/>\n<meta name=\"author\" content=\"hudo\" \/>\n<meta name=\"twitter:card\" content=\"summary_large_image\" \/>\n<meta name=\"twitter:creator\" content=\"@hudo_si\" \/>\n<meta name=\"twitter:site\" content=\"@hudo_si\" \/>\n<meta name=\"twitter:label1\" content=\"Written by\" \/>\n\t<meta name=\"twitter:data1\" content=\"hudo\" \/>\n\t<meta name=\"twitter:label2\" content=\"Est. reading time\" \/>\n\t<meta name=\"twitter:data2\" content=\"1 minuta\" \/>\n<script type=\"application\/ld+json\" class=\"yoast-schema-graph\">{\"@context\":\"https:\/\/schema.org\",\"@graph\":[{\"@type\":\"Article\",\"@id\":\"https:\/\/hudo.com\/si\/aktualno\/marquezu-najboljsi-startni-polozaj-v-nemciji\/#article\",\"isPartOf\":{\"@id\":\"https:\/\/hudo.com\/si\/aktualno\/marquezu-najboljsi-startni-polozaj-v-nemciji\/\"},\"author\":{\"name\":\"hudo\",\"@id\":\"https:\/\/hudo.com\/si\/#\/schema\/person\/601cf3379633985b20f7e50f2bb47707\"},\"headline\":\"Marquezu najbolj\u0161i \u0161tartni polo\u017eaj v Nem\u010diji\",\"datePublished\":\"2016-07-16T11:17:00+00:00\",\"dateModified\":\"2016-07-17T06:33:01+00:00\",\"mainEntityOfPage\":{\"@id\":\"https:\/\/hudo.com\/si\/aktualno\/marquezu-najboljsi-startni-polozaj-v-nemciji\/\"},\"wordCount\":150,\"publisher\":{\"@id\":\"https:\/\/hudo.com\/si\/#organization\"},\"articleSection\":[\"Aktualno\"],\"inLanguage\":\"sl-SI\"},{\"@type\":\"WebPage\",\"@id\":\"https:\/\/hudo.com\/si\/aktualno\/marquezu-najboljsi-startni-polozaj-v-nemciji\/\",\"url\":\"https:\/\/hudo.com\/si\/aktualno\/marquezu-najboljsi-startni-polozaj-v-nemciji\/\",\"name\":\"Marquezu najbolj\u0161i \u0161tartni polo\u017eaj v Nem\u010diji - Hudo Slovenija\",\"isPartOf\":{\"@id\":\"https:\/\/hudo.com\/si\/#website\"},\"datePublished\":\"2016-07-16T11:17:00+00:00\",\"dateModified\":\"2016-07-17T06:33:01+00:00\",\"breadcrumb\":{\"@id\":\"https:\/\/hudo.com\/si\/aktualno\/marquezu-najboljsi-startni-polozaj-v-nemciji\/#breadcrumb\"},\"inLanguage\":\"sl-SI\",\"potentialAction\":[{\"@type\":\"ReadAction\",\"target\":[\"https:\/\/hudo.com\/si\/aktualno\/marquezu-najboljsi-startni-polozaj-v-nemciji\/\"]}]},{\"@type\":\"BreadcrumbList\",\"@id\":\"https:\/\/hudo.com\/si\/aktualno\/marquezu-najboljsi-startni-polozaj-v-nemciji\/#breadcrumb\",\"itemListElement\":[{\"@type\":\"ListItem\",\"position\":1,\"name\":\"Home\",\"item\":\"https:\/\/hudo.com\/si\/\"},{\"@type\":\"ListItem\",\"position\":2,\"name\":\"Marquezu najbolj\u0161i \u0161tartni polo\u017eaj v Nem\u010diji\"}]},{\"@type\":\"WebSite\",\"@id\":\"https:\/\/hudo.com\/si\/#website\",\"url\":\"https:\/\/hudo.com\/si\/\",\"name\":\"Hudo Slovenija\",\"description\":\"Vse novice iz Slovenije in sveta\",\"publisher\":{\"@id\":\"https:\/\/hudo.com\/si\/#organization\"},\"potentialAction\":[{\"@type\":\"SearchAction\",\"target\":{\"@type\":\"EntryPoint\",\"urlTemplate\":\"https:\/\/hudo.com\/si\/?s={search_term_string}\"},\"query-input\":\"required name=search_term_string\"}],\"inLanguage\":\"sl-SI\"},{\"@type\":\"Organization\",\"@id\":\"https:\/\/hudo.com\/si\/#organization\",\"name\":\"VSN Media\",\"url\":\"https:\/\/hudo.com\/si\/\",\"logo\":{\"@type\":\"ImageObject\",\"inLanguage\":\"sl-SI\",\"@id\":\"https:\/\/hudo.com\/si\/#\/schema\/logo\/image\/\",\"url\":\"https:\/\/hudo.com\/si\/wp-content\/uploads\/sites\/2\/2021\/03\/hudo-app-2.png\",\"contentUrl\":\"https:\/\/hudo.com\/si\/wp-content\/uploads\/sites\/2\/2021\/03\/hudo-app-2.png\",\"width\":2185,\"height\":2167,\"caption\":\"VSN Media\"},\"image\":{\"@id\":\"https:\/\/hudo.com\/si\/#\/schema\/logo\/image\/\"},\"sameAs\":[\"https:\/\/www.facebook.com\/hudo.si\",\"https:\/\/twitter.com\/hudo_si\"]},{\"@type\":\"Person\",\"@id\":\"https:\/\/hudo.com\/si\/#\/schema\/person\/601cf3379633985b20f7e50f2bb47707\",\"name\":\"hudo\",\"image\":{\"@type\":\"ImageObject\",\"inLanguage\":\"sl-SI\",\"@id\":\"https:\/\/hudo.com\/si\/#\/schema\/person\/image\/\",\"url\":\"https:\/\/secure.gravatar.com\/avatar\/c4ca25fa72cace7a696b52ff5db9e095?s=96&d=mm&r=g\",\"contentUrl\":\"https:\/\/secure.gravatar.com\/avatar\/c4ca25fa72cace7a696b52ff5db9e095?s=96&d=mm&r=g\",\"caption\":\"hudo\"},\"url\":\"https:\/\/hudo.com\/si\/author\/hudo\/\"}]}<\/script>\n<!-- \/ Yoast SEO plugin. -->","yoast_head_json":{"title":"Marquezu najbolj\u0161i \u0161tartni polo\u017eaj v Nem\u010diji - Hudo Slovenija","robots":{"index":"index","follow":"follow","max-snippet":"max-snippet:-1","max-image-preview":"max-image-preview:large","max-video-preview":"max-video-preview:-1"},"canonical":"https:\/\/hudo.com\/si\/aktualno\/marquezu-najboljsi-startni-polozaj-v-nemciji\/","og_locale":"sl_SI","og_type":"article","og_title":"Marquezu najbolj\u0161i \u0161tartni polo\u017eaj v Nem\u010diji - Hudo Slovenija","og_description":"Kategorija: Avtomoto Sat, 16 Jul 2016 15:17:00 +0200 Sachsenring - \u0160panski motociklist Marc Marquez (Honda) bo s prvega mesta za\u010del dirko razreda moto gp za VN Nem\u010dije. V kvalifikacijah v Sachsenringu je bil hitrej\u0161i od rojaka Hectorja Barbere (Ducati), na tretje mesto se je prebil Italija Valentino Rossi (Yamaha). Kvalifikacijski boj je sicer zaznamovala huda smola \u0161panskega zvezdnika Jorgeja Lorenza. \u017de skozi prvo kvalifikacijsko sito se je zaradi padca prebil skozi \u0161ivankino uho, nato pa po pol ure padel znova v drugi kvalifikacijski vo\u017enji. Tako se je uvrstil \u0161ele na enajsto mesto. To je tudi njegova najslab\u0161a uvrstitev po letu 2013, ko si je na VN Nizozemske zlonil klju\u010dnico in osvojil 12. mesto. Na tleh se je zna\u0161el tudi Andrea Iannone (Ducati) in moral zato tudi zamenjati motor. \u010cetrti je bil Italijan Danilo Petrucci (Ducati), sledil mu je \u0160panec Pol\u00a0...","og_url":"https:\/\/hudo.com\/si\/aktualno\/marquezu-najboljsi-startni-polozaj-v-nemciji\/","og_site_name":"Hudo Slovenija","article_publisher":"https:\/\/www.facebook.com\/hudo.si","article_published_time":"2016-07-16T11:17:00+00:00","article_modified_time":"2016-07-17T06:33:01+00:00","og_image":[{"width":480,"height":290,"url":"https:\/\/hudo.com\/si\/wp-content\/uploads\/sites\/2\/2016\/07\/480x290_AFP_Photo-20160716120619-27237600.jpeg","type":"image\/jpeg"}],"author":"hudo","twitter_card":"summary_large_image","twitter_creator":"@hudo_si","twitter_site":"@hudo_si","twitter_misc":{"Written by":"hudo","Est. reading time":"1 minuta"},"schema":{"@context":"https:\/\/schema.org","@graph":[{"@type":"Article","@id":"https:\/\/hudo.com\/si\/aktualno\/marquezu-najboljsi-startni-polozaj-v-nemciji\/#article","isPartOf":{"@id":"https:\/\/hudo.com\/si\/aktualno\/marquezu-najboljsi-startni-polozaj-v-nemciji\/"},"author":{"name":"hudo","@id":"https:\/\/hudo.com\/si\/#\/schema\/person\/601cf3379633985b20f7e50f2bb47707"},"headline":"Marquezu najbolj\u0161i \u0161tartni polo\u017eaj v Nem\u010diji","datePublished":"2016-07-16T11:17:00+00:00","dateModified":"2016-07-17T06:33:01+00:00","mainEntityOfPage":{"@id":"https:\/\/hudo.com\/si\/aktualno\/marquezu-najboljsi-startni-polozaj-v-nemciji\/"},"wordCount":150,"publisher":{"@id":"https:\/\/hudo.com\/si\/#organization"},"articleSection":["Aktualno"],"inLanguage":"sl-SI"},{"@type":"WebPage","@id":"https:\/\/hudo.com\/si\/aktualno\/marquezu-najboljsi-startni-polozaj-v-nemciji\/","url":"https:\/\/hudo.com\/si\/aktualno\/marquezu-najboljsi-startni-polozaj-v-nemciji\/","name":"Marquezu najbolj\u0161i \u0161tartni polo\u017eaj v Nem\u010diji - Hudo Slovenija","isPartOf":{"@id":"https:\/\/hudo.com\/si\/#website"},"datePublished":"2016-07-16T11:17:00+00:00","dateModified":"2016-07-17T06:33:01+00:00","breadcrumb":{"@id":"https:\/\/hudo.com\/si\/aktualno\/marquezu-najboljsi-startni-polozaj-v-nemciji\/#breadcrumb"},"inLanguage":"sl-SI","potentialAction":[{"@type":"ReadAction","target":["https:\/\/hudo.com\/si\/aktualno\/marquezu-najboljsi-startni-polozaj-v-nemciji\/"]}]},{"@type":"BreadcrumbList","@id":"https:\/\/hudo.com\/si\/aktualno\/marquezu-najboljsi-startni-polozaj-v-nemciji\/#breadcrumb","itemListElement":[{"@type":"ListItem","position":1,"name":"Home","item":"https:\/\/hudo.com\/si\/"},{"@type":"ListItem","position":2,"name":"Marquezu najbolj\u0161i \u0161tartni polo\u017eaj v Nem\u010diji"}]},{"@type":"WebSite","@id":"https:\/\/hudo.com\/si\/#website","url":"https:\/\/hudo.com\/si\/","name":"Hudo Slovenija","description":"Vse novice iz Slovenije in sveta","publisher":{"@id":"https:\/\/hudo.com\/si\/#organization"},"potentialAction":[{"@type":"SearchAction","target":{"@type":"EntryPoint","urlTemplate":"https:\/\/hudo.com\/si\/?s={search_term_string}"},"query-input":"required name=search_term_string"}],"inLanguage":"sl-SI"},{"@type":"Organization","@id":"https:\/\/hudo.com\/si\/#organization","name":"VSN Media","url":"https:\/\/hudo.com\/si\/","logo":{"@type":"ImageObject","inLanguage":"sl-SI","@id":"https:\/\/hudo.com\/si\/#\/schema\/logo\/image\/","url":"https:\/\/hudo.com\/si\/wp-content\/uploads\/sites\/2\/2021\/03\/hudo-app-2.png","contentUrl":"https:\/\/hudo.com\/si\/wp-content\/uploads\/sites\/2\/2021\/03\/hudo-app-2.png","width":2185,"height":2167,"caption":"VSN Media"},"image":{"@id":"https:\/\/hudo.com\/si\/#\/schema\/logo\/image\/"},"sameAs":["https:\/\/www.facebook.com\/hudo.si","https:\/\/twitter.com\/hudo_si"]},{"@type":"Person","@id":"https:\/\/hudo.com\/si\/#\/schema\/person\/601cf3379633985b20f7e50f2bb47707","name":"hudo","image":{"@type":"ImageObject","inLanguage":"sl-SI","@id":"https:\/\/hudo.com\/si\/#\/schema\/person\/image\/","url":"https:\/\/secure.gravatar.com\/avatar\/c4ca25fa72cace7a696b52ff5db9e095?s=96&d=mm&r=g","contentUrl":"https:\/\/secure.gravatar.com\/avatar\/c4ca25fa72cace7a696b52ff5db9e095?s=96&d=mm&r=g","caption":"hudo"},"url":"https:\/\/hudo.com\/si\/author\/hudo\/"}]}},"amp_enabled":true,"_links":{"self":[{"href":"https:\/\/hudo.com\/si\/wp-json\/wp\/v2\/posts\/95996"}],"collection":[{"href":"https:\/\/hudo.com\/si\/wp-json\/wp\/v2\/posts"}],"about":[{"href":"https:\/\/hudo.com\/si\/wp-json\/wp\/v2\/types\/post"}],"author":[{"embeddable":true,"href":"https:\/\/hudo.com\/si\/wp-json\/wp\/v2\/users\/1"}],"replies":[{"embeddable":true,"href":"https:\/\/hudo.com\/si\/wp-json\/wp\/v2\/comments?post=95996"}],"version-history":[{"count":1,"href":"https:\/\/hudo.com\/si\/wp-json\/wp\/v2\/posts\/95996\/revisions"}],"predecessor-version":[{"id":96266,"href":"https:\/\/hudo.com\/si\/wp-json\/wp\/v2\/posts\/95996\/revisions\/96266"}],"wp:attachment":[{"href":"https:\/\/hudo.com\/si\/wp-json\/wp\/v2\/media?parent=95996"}],"wp:term":[{"taxonomy":"category","embeddable":true,"href":"https:\/\/hudo.com\/si\/wp-json\/wp\/v2\/categories?post=95996"},{"taxonomy":"post_tag","embeddable":true,"href":"https:\/\/hudo.com\/si\/wp-json\/wp\/v2\/tags?post=95996"},{"taxonomy":"source","embeddable":true,"href":"https:\/\/hudo.com\/si\/wp-json\/wp\/v2\/source?post=95996"},{"taxonomy":"supertag","embeddable":true,"href":"https:\/\/hudo.com\/si\/wp-json\/wp\/v2\/supertag?post=95996"}],"curies":[{"name":"wp","href":"https:\/\/api.w.org\/{rel}","templated":true}]}}