{"id":96014,"date":"2016-07-16T11:07:41","date_gmt":"2016-07-16T09:07:41","guid":{"rendered":"http:\/\/hudo.com\/si\/2016\/07\/16\/hrvaska-predsednica-razpisala-datum-predcasnih-volitev-izbrali-so-11-september\/"},"modified":"2016-07-16T11:07:41","modified_gmt":"2016-07-16T09:07:41","slug":"hrvaska-predsednica-razpisala-datum-predcasnih-volitev-izbrali-so-11-september","status":"publish","type":"post","link":"https:\/\/hudo.com\/si\/aktualno\/hrvaska-predsednica-razpisala-datum-predcasnih-volitev-izbrali-so-11-september\/","title":{"rendered":"Hrva\u0161ka predsednica razpisala datum pred\u010dasnih volitev \u2013 izbrali so 11. september"},"content":{"rendered":"<p>Hrva\u0161ka predsednica Kolinda Grabar-Kitarovi\u0107 je danes razpisala pred\u010dasne parlamentarne volitve na Hrva\u0161kem za nedeljo 11. septembra, potem ko se je hrva\u0161ki sabor v petek tudi uradno razpustil. Hrva\u0161ki parlament je sredi junija izglasoval nezaupnico premierju Tihomirju Ore\u0161kovi\u0107u, kar je pomenilo tudi padec njegove vlade. Datum pred\u010dasnih parlamentarnih volitev je bil pri\u010dakovan, potem ko je hrva\u0161ka<\/p>\n","protected":false},"excerpt":{"rendered":"<p>Hrva\u0161ka predsednica Kolinda Grabar-Kitarovi\u0107 je danes razpisala pred\u010dasne parlamentarne volitve na Hrva\u0161kem za nedeljo 11. septembra, potem ko se je hrva\u0161ki sabor v petek tudi uradno razpustil. Hrva\u0161ki parlament je sredi junija izglasoval nezaupnico premierju Tihomirju Ore\u0161kovi\u0107u, kar je pomenilo tudi padec njegove vlade. Datum pred\u010dasnih parlamentarnih volitev je bil pri\u010dakovan, potem ko je hrva\u0161ka<\/p>\n","protected":false},"author":1,"featured_media":0,"comment_status":"closed","ping_status":"closed","sticky":false,"template":"","format":"standard","meta":{"footnotes":""},"categories":[1179],"tags":[],"source":[1710],"supertag":[],"acf":[],"yoast_head":"<!-- This site is optimized with the Yoast SEO plugin v21.3 - https:\/\/yoast.com\/wordpress\/plugins\/seo\/ -->\n<title>Hrva\u0161ka predsednica razpisala datum pred\u010dasnih volitev \u2013 izbrali so 11. september - Hudo Slovenija<\/title>\n<meta name=\"robots\" content=\"index, follow, max-snippet:-1, max-image-preview:large, max-video-preview:-1\" \/>\n<link rel=\"canonical\" href=\"https:\/\/hudo.com\/si\/aktualno\/hrvaska-predsednica-razpisala-datum-predcasnih-volitev-izbrali-so-11-september\/\" \/>\n<meta property=\"og:locale\" content=\"sl_SI\" \/>\n<meta property=\"og:type\" content=\"article\" \/>\n<meta property=\"og:title\" content=\"Hrva\u0161ka predsednica razpisala datum pred\u010dasnih volitev \u2013 izbrali so 11. september - Hudo Slovenija\" \/>\n<meta property=\"og:description\" content=\"Hrva\u0161ka predsednica Kolinda Grabar-Kitarovi\u0107 je danes razpisala pred\u010dasne parlamentarne volitve na Hrva\u0161kem za nedeljo 11. septembra, potem ko se je hrva\u0161ki sabor v petek tudi uradno razpustil. Hrva\u0161ki parlament je sredi junija izglasoval nezaupnico premierju Tihomirju Ore\u0161kovi\u0107u, kar je pomenilo tudi padec njegove vlade. Datum pred\u010dasnih parlamentarnih volitev je bil pri\u010dakovan, potem ko je hrva\u0161ka\" \/>\n<meta property=\"og:url\" content=\"https:\/\/hudo.com\/si\/aktualno\/hrvaska-predsednica-razpisala-datum-predcasnih-volitev-izbrali-so-11-september\/\" \/>\n<meta property=\"og:site_name\" content=\"Hudo Slovenija\" \/>\n<meta property=\"article:publisher\" content=\"https:\/\/www.facebook.com\/hudo.si\" \/>\n<meta property=\"article:published_time\" content=\"2016-07-16T09:07:41+00:00\" \/>\n<meta property=\"og:image\" content=\"https:\/\/hudo.com\/si\/wp-content\/uploads\/sites\/2\/2016\/07\/Hrvax161ka-predsednica-v-preiskavi-zaradi-navzkrix17Eja-interesov-01.jpg\" \/>\n\t<meta property=\"og:image:width\" content=\"640\" \/>\n\t<meta property=\"og:image:height\" content=\"426\" \/>\n\t<meta property=\"og:image:type\" content=\"image\/jpeg\" \/>\n<meta name=\"author\" content=\"hudo\" \/>\n<meta name=\"twitter:card\" content=\"summary_large_image\" \/>\n<meta name=\"twitter:creator\" content=\"@hudo_si\" \/>\n<meta name=\"twitter:site\" content=\"@hudo_si\" \/>\n<meta name=\"twitter:label1\" content=\"Written by\" \/>\n\t<meta name=\"twitter:data1\" content=\"hudo\" \/>\n<script type=\"application\/ld+json\" class=\"yoast-schema-graph\">{\"@context\":\"https:\/\/schema.org\",\"@graph\":[{\"@type\":\"Article\",\"@id\":\"https:\/\/hudo.com\/si\/aktualno\/hrvaska-predsednica-razpisala-datum-predcasnih-volitev-izbrali-so-11-september\/#article\",\"isPartOf\":{\"@id\":\"https:\/\/hudo.com\/si\/aktualno\/hrvaska-predsednica-razpisala-datum-predcasnih-volitev-izbrali-so-11-september\/\"},\"author\":{\"name\":\"hudo\",\"@id\":\"https:\/\/hudo.com\/si\/#\/schema\/person\/601cf3379633985b20f7e50f2bb47707\"},\"headline\":\"Hrva\u0161ka predsednica razpisala datum pred\u010dasnih volitev \u2013 izbrali so 11. september\",\"datePublished\":\"2016-07-16T09:07:41+00:00\",\"dateModified\":\"2016-07-16T09:07:41+00:00\",\"mainEntityOfPage\":{\"@id\":\"https:\/\/hudo.com\/si\/aktualno\/hrvaska-predsednica-razpisala-datum-predcasnih-volitev-izbrali-so-11-september\/\"},\"wordCount\":75,\"publisher\":{\"@id\":\"https:\/\/hudo.com\/si\/#organization\"},\"articleSection\":[\"Aktualno\"],\"inLanguage\":\"sl-SI\"},{\"@type\":\"WebPage\",\"@id\":\"https:\/\/hudo.com\/si\/aktualno\/hrvaska-predsednica-razpisala-datum-predcasnih-volitev-izbrali-so-11-september\/\",\"url\":\"https:\/\/hudo.com\/si\/aktualno\/hrvaska-predsednica-razpisala-datum-predcasnih-volitev-izbrali-so-11-september\/\",\"name\":\"Hrva\u0161ka predsednica razpisala datum pred\u010dasnih volitev \u2013 izbrali so 11. september - Hudo Slovenija\",\"isPartOf\":{\"@id\":\"https:\/\/hudo.com\/si\/#website\"},\"datePublished\":\"2016-07-16T09:07:41+00:00\",\"dateModified\":\"2016-07-16T09:07:41+00:00\",\"breadcrumb\":{\"@id\":\"https:\/\/hudo.com\/si\/aktualno\/hrvaska-predsednica-razpisala-datum-predcasnih-volitev-izbrali-so-11-september\/#breadcrumb\"},\"inLanguage\":\"sl-SI\",\"potentialAction\":[{\"@type\":\"ReadAction\",\"target\":[\"https:\/\/hudo.com\/si\/aktualno\/hrvaska-predsednica-razpisala-datum-predcasnih-volitev-izbrali-so-11-september\/\"]}]},{\"@type\":\"BreadcrumbList\",\"@id\":\"https:\/\/hudo.com\/si\/aktualno\/hrvaska-predsednica-razpisala-datum-predcasnih-volitev-izbrali-so-11-september\/#breadcrumb\",\"itemListElement\":[{\"@type\":\"ListItem\",\"position\":1,\"name\":\"Home\",\"item\":\"https:\/\/hudo.com\/si\/\"},{\"@type\":\"ListItem\",\"position\":2,\"name\":\"Hrva\u0161ka predsednica razpisala datum pred\u010dasnih volitev \u2013 izbrali so 11. september\"}]},{\"@type\":\"WebSite\",\"@id\":\"https:\/\/hudo.com\/si\/#website\",\"url\":\"https:\/\/hudo.com\/si\/\",\"name\":\"Hudo Slovenija\",\"description\":\"Vse novice iz Slovenije in sveta\",\"publisher\":{\"@id\":\"https:\/\/hudo.com\/si\/#organization\"},\"potentialAction\":[{\"@type\":\"SearchAction\",\"target\":{\"@type\":\"EntryPoint\",\"urlTemplate\":\"https:\/\/hudo.com\/si\/?s={search_term_string}\"},\"query-input\":\"required name=search_term_string\"}],\"inLanguage\":\"sl-SI\"},{\"@type\":\"Organization\",\"@id\":\"https:\/\/hudo.com\/si\/#organization\",\"name\":\"VSN Media\",\"url\":\"https:\/\/hudo.com\/si\/\",\"logo\":{\"@type\":\"ImageObject\",\"inLanguage\":\"sl-SI\",\"@id\":\"https:\/\/hudo.com\/si\/#\/schema\/logo\/image\/\",\"url\":\"https:\/\/hudo.com\/si\/wp-content\/uploads\/sites\/2\/2021\/03\/hudo-app-2.png\",\"contentUrl\":\"https:\/\/hudo.com\/si\/wp-content\/uploads\/sites\/2\/2021\/03\/hudo-app-2.png\",\"width\":2185,\"height\":2167,\"caption\":\"VSN Media\"},\"image\":{\"@id\":\"https:\/\/hudo.com\/si\/#\/schema\/logo\/image\/\"},\"sameAs\":[\"https:\/\/www.facebook.com\/hudo.si\",\"https:\/\/twitter.com\/hudo_si\"]},{\"@type\":\"Person\",\"@id\":\"https:\/\/hudo.com\/si\/#\/schema\/person\/601cf3379633985b20f7e50f2bb47707\",\"name\":\"hudo\",\"image\":{\"@type\":\"ImageObject\",\"inLanguage\":\"sl-SI\",\"@id\":\"https:\/\/hudo.com\/si\/#\/schema\/person\/image\/\",\"url\":\"https:\/\/secure.gravatar.com\/avatar\/c4ca25fa72cace7a696b52ff5db9e095?s=96&d=mm&r=g\",\"contentUrl\":\"https:\/\/secure.gravatar.com\/avatar\/c4ca25fa72cace7a696b52ff5db9e095?s=96&d=mm&r=g\",\"caption\":\"hudo\"},\"url\":\"https:\/\/hudo.com\/si\/author\/hudo\/\"}]}<\/script>\n<!-- \/ Yoast SEO plugin. -->","yoast_head_json":{"title":"Hrva\u0161ka predsednica razpisala datum pred\u010dasnih volitev \u2013 izbrali so 11. september - Hudo Slovenija","robots":{"index":"index","follow":"follow","max-snippet":"max-snippet:-1","max-image-preview":"max-image-preview:large","max-video-preview":"max-video-preview:-1"},"canonical":"https:\/\/hudo.com\/si\/aktualno\/hrvaska-predsednica-razpisala-datum-predcasnih-volitev-izbrali-so-11-september\/","og_locale":"sl_SI","og_type":"article","og_title":"Hrva\u0161ka predsednica razpisala datum pred\u010dasnih volitev \u2013 izbrali so 11. september - Hudo Slovenija","og_description":"Hrva\u0161ka predsednica Kolinda Grabar-Kitarovi\u0107 je danes razpisala pred\u010dasne parlamentarne volitve na Hrva\u0161kem za nedeljo 11. septembra, potem ko se je hrva\u0161ki sabor v petek tudi uradno razpustil. Hrva\u0161ki parlament je sredi junija izglasoval nezaupnico premierju Tihomirju Ore\u0161kovi\u0107u, kar je pomenilo tudi padec njegove vlade. Datum pred\u010dasnih parlamentarnih volitev je bil pri\u010dakovan, potem ko je hrva\u0161ka","og_url":"https:\/\/hudo.com\/si\/aktualno\/hrvaska-predsednica-razpisala-datum-predcasnih-volitev-izbrali-so-11-september\/","og_site_name":"Hudo Slovenija","article_publisher":"https:\/\/www.facebook.com\/hudo.si","article_published_time":"2016-07-16T09:07:41+00:00","og_image":[{"width":640,"height":426,"url":"https:\/\/hudo.com\/si\/wp-content\/uploads\/sites\/2\/2016\/07\/Hrvax161ka-predsednica-v-preiskavi-zaradi-navzkrix17Eja-interesov-01.jpg","type":"image\/jpeg"}],"author":"hudo","twitter_card":"summary_large_image","twitter_creator":"@hudo_si","twitter_site":"@hudo_si","twitter_misc":{"Written by":"hudo"},"schema":{"@context":"https:\/\/schema.org","@graph":[{"@type":"Article","@id":"https:\/\/hudo.com\/si\/aktualno\/hrvaska-predsednica-razpisala-datum-predcasnih-volitev-izbrali-so-11-september\/#article","isPartOf":{"@id":"https:\/\/hudo.com\/si\/aktualno\/hrvaska-predsednica-razpisala-datum-predcasnih-volitev-izbrali-so-11-september\/"},"author":{"name":"hudo","@id":"https:\/\/hudo.com\/si\/#\/schema\/person\/601cf3379633985b20f7e50f2bb47707"},"headline":"Hrva\u0161ka predsednica razpisala datum pred\u010dasnih volitev \u2013 izbrali so 11. september","datePublished":"2016-07-16T09:07:41+00:00","dateModified":"2016-07-16T09:07:41+00:00","mainEntityOfPage":{"@id":"https:\/\/hudo.com\/si\/aktualno\/hrvaska-predsednica-razpisala-datum-predcasnih-volitev-izbrali-so-11-september\/"},"wordCount":75,"publisher":{"@id":"https:\/\/hudo.com\/si\/#organization"},"articleSection":["Aktualno"],"inLanguage":"sl-SI"},{"@type":"WebPage","@id":"https:\/\/hudo.com\/si\/aktualno\/hrvaska-predsednica-razpisala-datum-predcasnih-volitev-izbrali-so-11-september\/","url":"https:\/\/hudo.com\/si\/aktualno\/hrvaska-predsednica-razpisala-datum-predcasnih-volitev-izbrali-so-11-september\/","name":"Hrva\u0161ka predsednica razpisala datum pred\u010dasnih volitev \u2013 izbrali so 11. september - Hudo Slovenija","isPartOf":{"@id":"https:\/\/hudo.com\/si\/#website"},"datePublished":"2016-07-16T09:07:41+00:00","dateModified":"2016-07-16T09:07:41+00:00","breadcrumb":{"@id":"https:\/\/hudo.com\/si\/aktualno\/hrvaska-predsednica-razpisala-datum-predcasnih-volitev-izbrali-so-11-september\/#breadcrumb"},"inLanguage":"sl-SI","potentialAction":[{"@type":"ReadAction","target":["https:\/\/hudo.com\/si\/aktualno\/hrvaska-predsednica-razpisala-datum-predcasnih-volitev-izbrali-so-11-september\/"]}]},{"@type":"BreadcrumbList","@id":"https:\/\/hudo.com\/si\/aktualno\/hrvaska-predsednica-razpisala-datum-predcasnih-volitev-izbrali-so-11-september\/#breadcrumb","itemListElement":[{"@type":"ListItem","position":1,"name":"Home","item":"https:\/\/hudo.com\/si\/"},{"@type":"ListItem","position":2,"name":"Hrva\u0161ka predsednica razpisala datum pred\u010dasnih volitev \u2013 izbrali so 11. september"}]},{"@type":"WebSite","@id":"https:\/\/hudo.com\/si\/#website","url":"https:\/\/hudo.com\/si\/","name":"Hudo Slovenija","description":"Vse novice iz Slovenije in sveta","publisher":{"@id":"https:\/\/hudo.com\/si\/#organization"},"potentialAction":[{"@type":"SearchAction","target":{"@type":"EntryPoint","urlTemplate":"https:\/\/hudo.com\/si\/?s={search_term_string}"},"query-input":"required name=search_term_string"}],"inLanguage":"sl-SI"},{"@type":"Organization","@id":"https:\/\/hudo.com\/si\/#organization","name":"VSN Media","url":"https:\/\/hudo.com\/si\/","logo":{"@type":"ImageObject","inLanguage":"sl-SI","@id":"https:\/\/hudo.com\/si\/#\/schema\/logo\/image\/","url":"https:\/\/hudo.com\/si\/wp-content\/uploads\/sites\/2\/2021\/03\/hudo-app-2.png","contentUrl":"https:\/\/hudo.com\/si\/wp-content\/uploads\/sites\/2\/2021\/03\/hudo-app-2.png","width":2185,"height":2167,"caption":"VSN Media"},"image":{"@id":"https:\/\/hudo.com\/si\/#\/schema\/logo\/image\/"},"sameAs":["https:\/\/www.facebook.com\/hudo.si","https:\/\/twitter.com\/hudo_si"]},{"@type":"Person","@id":"https:\/\/hudo.com\/si\/#\/schema\/person\/601cf3379633985b20f7e50f2bb47707","name":"hudo","image":{"@type":"ImageObject","inLanguage":"sl-SI","@id":"https:\/\/hudo.com\/si\/#\/schema\/person\/image\/","url":"https:\/\/secure.gravatar.com\/avatar\/c4ca25fa72cace7a696b52ff5db9e095?s=96&d=mm&r=g","contentUrl":"https:\/\/secure.gravatar.com\/avatar\/c4ca25fa72cace7a696b52ff5db9e095?s=96&d=mm&r=g","caption":"hudo"},"url":"https:\/\/hudo.com\/si\/author\/hudo\/"}]}},"amp_enabled":true,"_links":{"self":[{"href":"https:\/\/hudo.com\/si\/wp-json\/wp\/v2\/posts\/96014"}],"collection":[{"href":"https:\/\/hudo.com\/si\/wp-json\/wp\/v2\/posts"}],"about":[{"href":"https:\/\/hudo.com\/si\/wp-json\/wp\/v2\/types\/post"}],"author":[{"embeddable":true,"href":"https:\/\/hudo.com\/si\/wp-json\/wp\/v2\/users\/1"}],"replies":[{"embeddable":true,"href":"https:\/\/hudo.com\/si\/wp-json\/wp\/v2\/comments?post=96014"}],"version-history":[{"count":0,"href":"https:\/\/hudo.com\/si\/wp-json\/wp\/v2\/posts\/96014\/revisions"}],"wp:attachment":[{"href":"https:\/\/hudo.com\/si\/wp-json\/wp\/v2\/media?parent=96014"}],"wp:term":[{"taxonomy":"category","embeddable":true,"href":"https:\/\/hudo.com\/si\/wp-json\/wp\/v2\/categories?post=96014"},{"taxonomy":"post_tag","embeddable":true,"href":"https:\/\/hudo.com\/si\/wp-json\/wp\/v2\/tags?post=96014"},{"taxonomy":"source","embeddable":true,"href":"https:\/\/hudo.com\/si\/wp-json\/wp\/v2\/source?post=96014"},{"taxonomy":"supertag","embeddable":true,"href":"https:\/\/hudo.com\/si\/wp-json\/wp\/v2\/supertag?post=96014"}],"curies":[{"name":"wp","href":"https:\/\/api.w.org\/{rel}","templated":true}]}}