{"id":96020,"date":"2016-07-16T10:20:00","date_gmt":"2016-07-16T08:20:00","guid":{"rendered":"http:\/\/hudo.com\/si\/2016\/07\/16\/nasilna-noc-v-istanbulu-vse-do-jutra\/"},"modified":"2016-07-17T08:51:22","modified_gmt":"2016-07-17T06:51:22","slug":"nasilna-noc-v-istanbulu-vse-do-jutra","status":"publish","type":"post","link":"https:\/\/hudo.com\/si\/aktualno\/nasilna-noc-v-istanbulu-vse-do-jutra\/","title":{"rendered":"Nasilna no\u010d v Istanbulu vse do jutra"},"content":{"rendered":"<p>V soboto dopoldne smo na telefon v Istanbulu priklicali tur\u0161kega neodvisnega novinarja Erdema Ardo G\u00fcnesa, ki je donedavna pisal tudi za vodilni tu\u0161ki dnevnik H\u00fcrrijet, sedaj pa dogodke v Tur\u010diji ve\u010dkrat analizira za tuje medije.   Neodvisni novinar Erdem Arda G\u00fcnes iz Istanbula posebej za Ve\u010der. Donedavna je pisal za vodilni tu\u0161ki dnevnik H\u00fcrrijet, sedaj pa dogodke v Tur\u010diji ve\u010dkrat analizira za tuje medije.Osebni Arhiv\/twitter &#8220;Najprej so se po Istanbulu s pomo\u010djo dru\u017eabnih medijev, kot je twitter, raz\u0161irile v petek zve\u010der govorice, da naj bi bila vojska zaprla oba mostova \u010dez Bospor. Sprva smo mislili, da zato, ker je v ozadju morebitni teroristi\u010dni napad Islamske dr\u017eave ali kaj podobnega in da vojska mostove varuje, saj bi bilo \u010dudno, da bi vojska zaprla mostove in nanje pripeljala tanke, \u010de ne bi bilo kak\u0161ne tak\u0161ne gro\u017enje. Toda kmalu potem, so po dru\u017ebenih medijih za\u010dela prihajati sporo\u010dila, da vojska ljudi na ulicah poziva, naj se spravijo domov, ker da gre za pu\u010d.&#8221;   Prve infromacije so bile, da je tur\u0161ka vojska zaprla bosporski most.Stringer V tistem \u010dasu se je Erdem G\u00fcnes vra\u010dal domov z nekega koncerta: &#8220;\u017divim tako reko\u010d v centru Istanbula, v \u010detrti \u0160i\u0161li, blizu znanega trga Taksim. Na ulicah sem \u017ee videl oboro\u017eene vojake, ljudi pa je zajemala panika. Malo po tem, ko naj bi voja\u0161ki lovci v nizkem letu preleteli Ankaro, so voja\u0161ka letala na enak na\u010din preletala tudi Carigrad. Pohitel sem domov, a kakor mnogi nisem mogel iti spat, saj se je do jutra, do jutranje zore, z razli\u010dnih predlov mesta sli\u0161alo ob\u010dasno streljanje in celo detonacije bomb. Medtem se je na tur\u0161kem programu CNN pojavil predsednik Recep Tayyip Erdogan in ljudi z besedami, naj se uprejo voja\u0161kemu udaru in za\u0161\u010ditijo demokracijo, pozval, naj pridejo na ulice.&#8221;   Tur\u0161ki predsednik Erdogan se je v televizijsko oddajo javil kar preko Applove aplikacije FaceTime.Reuters Tv Drama v Istanbulu se je po tem pozivu le \u0161e stopnjevala: &#8220;Le kilometer od mojega stanovanja sta se v oboro\u017eeni napad zapletli<\/p>\n","protected":false},"excerpt":{"rendered":"<p>V soboto dopoldne smo na telefon v Istanbulu priklicali tur\u0161kega neodvisnega novinarja Erdema Ardo G\u00fcnesa, ki je donedavna pisal tudi za vodilni tu\u0161ki dnevnik H\u00fcrrijet, sedaj pa dogodke v Tur\u010diji ve\u010dkrat analizira za tuje medije.   Neodvisni novinar Erdem Arda G\u00fcnes iz Istanbula posebej za Ve\u010der. Donedavna je pisal za vodilni tu\u0161ki dnevnik H\u00fcrrijet, sedaj pa dogodke v Tur\u010diji ve\u010dkrat analizira za tuje medije.Osebni Arhiv\/twitter &#8220;Najprej so se po Istanbulu s pomo\u010djo dru\u017eabnih medijev, kot je twitter, raz\u0161irile v petek zve\u010der govorice, da naj bi bila vojska zaprla oba mostova \u010dez Bospor. Sprva smo mislili, da zato, ker je v ozadju morebitni teroristi\u010dni napad Islamske dr\u017eave ali kaj podobnega in da vojska mostove varuje, saj bi bilo \u010dudno, da bi vojska zaprla mostove in nanje pripeljala tanke, \u010de ne bi bilo kak\u0161ne tak\u0161ne gro\u017enje. Toda kmalu potem, so po dru\u017ebenih medijih za\u010dela prihajati sporo\u010dila, da vojska ljudi na ulicah poziva, naj se spravijo domov, ker da gre za pu\u010d.&#8221;   Prve infromacije so bile, da je tur\u0161ka vojska zaprla bosporski most.Stringer V tistem \u010dasu se je Erdem G\u00fcnes vra\u010dal domov z nekega koncerta: &#8220;\u017divim tako reko\u010d v centru Istanbula, v \u010detrti \u0160i\u0161li, blizu znanega trga Taksim. Na ulicah sem \u017ee videl oboro\u017eene vojake, ljudi pa je zajemala panika. Malo po tem, ko naj bi voja\u0161ki lovci v nizkem letu preleteli Ankaro, so voja\u0161ka letala na enak na\u010din preletala tudi Carigrad. Pohitel sem domov, a kakor mnogi nisem mogel iti spat, saj se je do jutra, do jutranje zore, z razli\u010dnih predlov mesta sli\u0161alo ob\u010dasno streljanje in celo detonacije bomb. Medtem se je na tur\u0161kem programu CNN pojavil predsednik Recep Tayyip Erdogan in ljudi z besedami, naj se uprejo voja\u0161kemu udaru in za\u0161\u010ditijo demokracijo, pozval, naj pridejo na ulice.&#8221;   Tur\u0161ki predsednik Erdogan se je v televizijsko oddajo javil kar preko Applove aplikacije FaceTime.Reuters Tv Drama v Istanbulu se je po tem pozivu le \u0161e stopnjevala: &#8220;Le kilometer od mojega stanovanja sta se v oboro\u017eeni napad zapletli<\/p>\n","protected":false},"author":1,"featured_media":0,"comment_status":"closed","ping_status":"closed","sticky":false,"template":"","format":"standard","meta":{"footnotes":""},"categories":[1179],"tags":[],"source":[1711],"supertag":[],"acf":[],"yoast_head":"<!-- This site is optimized with the Yoast SEO plugin v21.3 - https:\/\/yoast.com\/wordpress\/plugins\/seo\/ -->\n<title>Nasilna no\u010d v Istanbulu vse do jutra - Hudo Slovenija<\/title>\n<meta name=\"robots\" content=\"index, follow, max-snippet:-1, max-image-preview:large, max-video-preview:-1\" \/>\n<link rel=\"canonical\" href=\"https:\/\/hudo.com\/si\/aktualno\/nasilna-noc-v-istanbulu-vse-do-jutra\/\" \/>\n<meta property=\"og:locale\" content=\"sl_SI\" \/>\n<meta property=\"og:type\" content=\"article\" \/>\n<meta property=\"og:title\" content=\"Nasilna no\u010d v Istanbulu vse do jutra - Hudo Slovenija\" \/>\n<meta property=\"og:description\" content=\"V soboto dopoldne smo na telefon v Istanbulu priklicali tur\u0161kega neodvisnega novinarja Erdema Ardo G\u00fcnesa, ki je donedavna pisal tudi za vodilni tu\u0161ki dnevnik H\u00fcrrijet, sedaj pa dogodke v Tur\u010diji ve\u010dkrat analizira za tuje medije.  Neodvisni novinar Erdem Arda G\u00fcnes iz Istanbula posebej za Ve\u010der. Donedavna je pisal za vodilni tu\u0161ki dnevnik H\u00fcrrijet, sedaj pa dogodke v Tur\u010diji ve\u010dkrat analizira za tuje medije.Osebni Arhiv\/twitter &quot;Najprej so se po Istanbulu s pomo\u010djo dru\u017eabnih medijev, kot je twitter, raz\u0161irile v petek zve\u010der govorice, da naj bi bila vojska zaprla oba mostova \u010dez Bospor. Sprva smo mislili, da zato, ker je v ozadju morebitni teroristi\u010dni napad Islamske dr\u017eave ali kaj podobnega in da vojska mostove varuje, saj bi bilo \u010dudno, da bi vojska zaprla mostove in nanje pripeljala tanke, \u010de ne bi bilo kak\u0161ne tak\u0161ne gro\u017enje. Toda kmalu potem, so po dru\u017ebenih medijih za\u010dela prihajati sporo\u010dila, da vojska ljudi na ulicah poziva, naj se spravijo domov, ker da gre za pu\u010d.&quot;  Prve infromacije so bile, da je tur\u0161ka vojska zaprla bosporski most.Stringer V tistem \u010dasu se je Erdem G\u00fcnes vra\u010dal domov z nekega koncerta: &quot;\u017divim tako reko\u010d v centru Istanbula, v \u010detrti \u0160i\u0161li, blizu znanega trga Taksim. Na ulicah sem \u017ee videl oboro\u017eene vojake, ljudi pa je zajemala panika. Malo po tem, ko naj bi voja\u0161ki lovci v nizkem letu preleteli Ankaro, so voja\u0161ka letala na enak na\u010din preletala tudi Carigrad. Pohitel sem domov, a kakor mnogi nisem mogel iti spat, saj se je do jutra, do jutranje zore, z razli\u010dnih predlov mesta sli\u0161alo ob\u010dasno streljanje in celo detonacije bomb. Medtem se je na tur\u0161kem programu CNN pojavil predsednik Recep Tayyip Erdogan in ljudi z besedami, naj se uprejo voja\u0161kemu udaru in za\u0161\u010ditijo demokracijo, pozval, naj pridejo na ulice.&quot;  Tur\u0161ki predsednik Erdogan se je v televizijsko oddajo javil kar preko Applove aplikacije FaceTime.Reuters Tv Drama v Istanbulu se je po tem pozivu le \u0161e stopnjevala: &quot;Le kilometer od mojega stanovanja sta se v oboro\u017eeni napad zapletli\" \/>\n<meta property=\"og:url\" content=\"https:\/\/hudo.com\/si\/aktualno\/nasilna-noc-v-istanbulu-vse-do-jutra\/\" \/>\n<meta property=\"og:site_name\" content=\"Hudo Slovenija\" \/>\n<meta property=\"article:publisher\" content=\"https:\/\/www.facebook.com\/hudo.si\" \/>\n<meta property=\"article:published_time\" content=\"2016-07-16T08:20:00+00:00\" \/>\n<meta property=\"article:modified_time\" content=\"2016-07-17T06:51:22+00:00\" \/>\n<meta property=\"og:image\" content=\"https:\/\/hudo.com\/si\/wp-content\/uploads\/sites\/2\/2016\/07\/05427523-300.jpg\" \/>\n\t<meta property=\"og:image:width\" content=\"450\" \/>\n\t<meta property=\"og:image:height\" content=\"306\" \/>\n\t<meta property=\"og:image:type\" content=\"image\/jpeg\" \/>\n<meta name=\"author\" content=\"hudo\" \/>\n<meta name=\"twitter:card\" content=\"summary_large_image\" \/>\n<meta name=\"twitter:creator\" content=\"@hudo_si\" \/>\n<meta name=\"twitter:site\" content=\"@hudo_si\" \/>\n<meta name=\"twitter:label1\" content=\"Written by\" \/>\n\t<meta name=\"twitter:data1\" content=\"hudo\" \/>\n\t<meta name=\"twitter:label2\" content=\"Est. reading time\" \/>\n\t<meta name=\"twitter:data2\" content=\"2 minuti\" \/>\n<script type=\"application\/ld+json\" class=\"yoast-schema-graph\">{\"@context\":\"https:\/\/schema.org\",\"@graph\":[{\"@type\":\"Article\",\"@id\":\"https:\/\/hudo.com\/si\/aktualno\/nasilna-noc-v-istanbulu-vse-do-jutra\/#article\",\"isPartOf\":{\"@id\":\"https:\/\/hudo.com\/si\/aktualno\/nasilna-noc-v-istanbulu-vse-do-jutra\/\"},\"author\":{\"name\":\"hudo\",\"@id\":\"https:\/\/hudo.com\/si\/#\/schema\/person\/601cf3379633985b20f7e50f2bb47707\"},\"headline\":\"Nasilna no\u010d v Istanbulu vse do jutra\",\"datePublished\":\"2016-07-16T08:20:00+00:00\",\"dateModified\":\"2016-07-17T06:51:22+00:00\",\"mainEntityOfPage\":{\"@id\":\"https:\/\/hudo.com\/si\/aktualno\/nasilna-noc-v-istanbulu-vse-do-jutra\/\"},\"wordCount\":374,\"publisher\":{\"@id\":\"https:\/\/hudo.com\/si\/#organization\"},\"articleSection\":[\"Aktualno\"],\"inLanguage\":\"sl-SI\"},{\"@type\":\"WebPage\",\"@id\":\"https:\/\/hudo.com\/si\/aktualno\/nasilna-noc-v-istanbulu-vse-do-jutra\/\",\"url\":\"https:\/\/hudo.com\/si\/aktualno\/nasilna-noc-v-istanbulu-vse-do-jutra\/\",\"name\":\"Nasilna no\u010d v Istanbulu vse do jutra - Hudo Slovenija\",\"isPartOf\":{\"@id\":\"https:\/\/hudo.com\/si\/#website\"},\"datePublished\":\"2016-07-16T08:20:00+00:00\",\"dateModified\":\"2016-07-17T06:51:22+00:00\",\"breadcrumb\":{\"@id\":\"https:\/\/hudo.com\/si\/aktualno\/nasilna-noc-v-istanbulu-vse-do-jutra\/#breadcrumb\"},\"inLanguage\":\"sl-SI\",\"potentialAction\":[{\"@type\":\"ReadAction\",\"target\":[\"https:\/\/hudo.com\/si\/aktualno\/nasilna-noc-v-istanbulu-vse-do-jutra\/\"]}]},{\"@type\":\"BreadcrumbList\",\"@id\":\"https:\/\/hudo.com\/si\/aktualno\/nasilna-noc-v-istanbulu-vse-do-jutra\/#breadcrumb\",\"itemListElement\":[{\"@type\":\"ListItem\",\"position\":1,\"name\":\"Home\",\"item\":\"https:\/\/hudo.com\/si\/\"},{\"@type\":\"ListItem\",\"position\":2,\"name\":\"Nasilna no\u010d v Istanbulu vse do jutra\"}]},{\"@type\":\"WebSite\",\"@id\":\"https:\/\/hudo.com\/si\/#website\",\"url\":\"https:\/\/hudo.com\/si\/\",\"name\":\"Hudo Slovenija\",\"description\":\"Vse novice iz Slovenije in sveta\",\"publisher\":{\"@id\":\"https:\/\/hudo.com\/si\/#organization\"},\"potentialAction\":[{\"@type\":\"SearchAction\",\"target\":{\"@type\":\"EntryPoint\",\"urlTemplate\":\"https:\/\/hudo.com\/si\/?s={search_term_string}\"},\"query-input\":\"required name=search_term_string\"}],\"inLanguage\":\"sl-SI\"},{\"@type\":\"Organization\",\"@id\":\"https:\/\/hudo.com\/si\/#organization\",\"name\":\"VSN Media\",\"url\":\"https:\/\/hudo.com\/si\/\",\"logo\":{\"@type\":\"ImageObject\",\"inLanguage\":\"sl-SI\",\"@id\":\"https:\/\/hudo.com\/si\/#\/schema\/logo\/image\/\",\"url\":\"https:\/\/hudo.com\/si\/wp-content\/uploads\/sites\/2\/2021\/03\/hudo-app-2.png\",\"contentUrl\":\"https:\/\/hudo.com\/si\/wp-content\/uploads\/sites\/2\/2021\/03\/hudo-app-2.png\",\"width\":2185,\"height\":2167,\"caption\":\"VSN Media\"},\"image\":{\"@id\":\"https:\/\/hudo.com\/si\/#\/schema\/logo\/image\/\"},\"sameAs\":[\"https:\/\/www.facebook.com\/hudo.si\",\"https:\/\/twitter.com\/hudo_si\"]},{\"@type\":\"Person\",\"@id\":\"https:\/\/hudo.com\/si\/#\/schema\/person\/601cf3379633985b20f7e50f2bb47707\",\"name\":\"hudo\",\"image\":{\"@type\":\"ImageObject\",\"inLanguage\":\"sl-SI\",\"@id\":\"https:\/\/hudo.com\/si\/#\/schema\/person\/image\/\",\"url\":\"https:\/\/secure.gravatar.com\/avatar\/c4ca25fa72cace7a696b52ff5db9e095?s=96&d=mm&r=g\",\"contentUrl\":\"https:\/\/secure.gravatar.com\/avatar\/c4ca25fa72cace7a696b52ff5db9e095?s=96&d=mm&r=g\",\"caption\":\"hudo\"},\"url\":\"https:\/\/hudo.com\/si\/author\/hudo\/\"}]}<\/script>\n<!-- \/ Yoast SEO plugin. -->","yoast_head_json":{"title":"Nasilna no\u010d v Istanbulu vse do jutra - Hudo Slovenija","robots":{"index":"index","follow":"follow","max-snippet":"max-snippet:-1","max-image-preview":"max-image-preview:large","max-video-preview":"max-video-preview:-1"},"canonical":"https:\/\/hudo.com\/si\/aktualno\/nasilna-noc-v-istanbulu-vse-do-jutra\/","og_locale":"sl_SI","og_type":"article","og_title":"Nasilna no\u010d v Istanbulu vse do jutra - Hudo Slovenija","og_description":"V soboto dopoldne smo na telefon v Istanbulu priklicali tur\u0161kega neodvisnega novinarja Erdema Ardo G\u00fcnesa, ki je donedavna pisal tudi za vodilni tu\u0161ki dnevnik H\u00fcrrijet, sedaj pa dogodke v Tur\u010diji ve\u010dkrat analizira za tuje medije.  Neodvisni novinar Erdem Arda G\u00fcnes iz Istanbula posebej za Ve\u010der. Donedavna je pisal za vodilni tu\u0161ki dnevnik H\u00fcrrijet, sedaj pa dogodke v Tur\u010diji ve\u010dkrat analizira za tuje medije.Osebni Arhiv\/twitter \"Najprej so se po Istanbulu s pomo\u010djo dru\u017eabnih medijev, kot je twitter, raz\u0161irile v petek zve\u010der govorice, da naj bi bila vojska zaprla oba mostova \u010dez Bospor. Sprva smo mislili, da zato, ker je v ozadju morebitni teroristi\u010dni napad Islamske dr\u017eave ali kaj podobnega in da vojska mostove varuje, saj bi bilo \u010dudno, da bi vojska zaprla mostove in nanje pripeljala tanke, \u010de ne bi bilo kak\u0161ne tak\u0161ne gro\u017enje. Toda kmalu potem, so po dru\u017ebenih medijih za\u010dela prihajati sporo\u010dila, da vojska ljudi na ulicah poziva, naj se spravijo domov, ker da gre za pu\u010d.\"  Prve infromacije so bile, da je tur\u0161ka vojska zaprla bosporski most.Stringer V tistem \u010dasu se je Erdem G\u00fcnes vra\u010dal domov z nekega koncerta: \"\u017divim tako reko\u010d v centru Istanbula, v \u010detrti \u0160i\u0161li, blizu znanega trga Taksim. Na ulicah sem \u017ee videl oboro\u017eene vojake, ljudi pa je zajemala panika. Malo po tem, ko naj bi voja\u0161ki lovci v nizkem letu preleteli Ankaro, so voja\u0161ka letala na enak na\u010din preletala tudi Carigrad. Pohitel sem domov, a kakor mnogi nisem mogel iti spat, saj se je do jutra, do jutranje zore, z razli\u010dnih predlov mesta sli\u0161alo ob\u010dasno streljanje in celo detonacije bomb. Medtem se je na tur\u0161kem programu CNN pojavil predsednik Recep Tayyip Erdogan in ljudi z besedami, naj se uprejo voja\u0161kemu udaru in za\u0161\u010ditijo demokracijo, pozval, naj pridejo na ulice.\"  Tur\u0161ki predsednik Erdogan se je v televizijsko oddajo javil kar preko Applove aplikacije FaceTime.Reuters Tv Drama v Istanbulu se je po tem pozivu le \u0161e stopnjevala: \"Le kilometer od mojega stanovanja sta se v oboro\u017eeni napad zapletli","og_url":"https:\/\/hudo.com\/si\/aktualno\/nasilna-noc-v-istanbulu-vse-do-jutra\/","og_site_name":"Hudo Slovenija","article_publisher":"https:\/\/www.facebook.com\/hudo.si","article_published_time":"2016-07-16T08:20:00+00:00","article_modified_time":"2016-07-17T06:51:22+00:00","og_image":[{"width":450,"height":306,"url":"https:\/\/hudo.com\/si\/wp-content\/uploads\/sites\/2\/2016\/07\/05427523-300.jpg","type":"image\/jpeg"}],"author":"hudo","twitter_card":"summary_large_image","twitter_creator":"@hudo_si","twitter_site":"@hudo_si","twitter_misc":{"Written by":"hudo","Est. reading time":"2 minuti"},"schema":{"@context":"https:\/\/schema.org","@graph":[{"@type":"Article","@id":"https:\/\/hudo.com\/si\/aktualno\/nasilna-noc-v-istanbulu-vse-do-jutra\/#article","isPartOf":{"@id":"https:\/\/hudo.com\/si\/aktualno\/nasilna-noc-v-istanbulu-vse-do-jutra\/"},"author":{"name":"hudo","@id":"https:\/\/hudo.com\/si\/#\/schema\/person\/601cf3379633985b20f7e50f2bb47707"},"headline":"Nasilna no\u010d v Istanbulu vse do jutra","datePublished":"2016-07-16T08:20:00+00:00","dateModified":"2016-07-17T06:51:22+00:00","mainEntityOfPage":{"@id":"https:\/\/hudo.com\/si\/aktualno\/nasilna-noc-v-istanbulu-vse-do-jutra\/"},"wordCount":374,"publisher":{"@id":"https:\/\/hudo.com\/si\/#organization"},"articleSection":["Aktualno"],"inLanguage":"sl-SI"},{"@type":"WebPage","@id":"https:\/\/hudo.com\/si\/aktualno\/nasilna-noc-v-istanbulu-vse-do-jutra\/","url":"https:\/\/hudo.com\/si\/aktualno\/nasilna-noc-v-istanbulu-vse-do-jutra\/","name":"Nasilna no\u010d v Istanbulu vse do jutra - Hudo Slovenija","isPartOf":{"@id":"https:\/\/hudo.com\/si\/#website"},"datePublished":"2016-07-16T08:20:00+00:00","dateModified":"2016-07-17T06:51:22+00:00","breadcrumb":{"@id":"https:\/\/hudo.com\/si\/aktualno\/nasilna-noc-v-istanbulu-vse-do-jutra\/#breadcrumb"},"inLanguage":"sl-SI","potentialAction":[{"@type":"ReadAction","target":["https:\/\/hudo.com\/si\/aktualno\/nasilna-noc-v-istanbulu-vse-do-jutra\/"]}]},{"@type":"BreadcrumbList","@id":"https:\/\/hudo.com\/si\/aktualno\/nasilna-noc-v-istanbulu-vse-do-jutra\/#breadcrumb","itemListElement":[{"@type":"ListItem","position":1,"name":"Home","item":"https:\/\/hudo.com\/si\/"},{"@type":"ListItem","position":2,"name":"Nasilna no\u010d v Istanbulu vse do jutra"}]},{"@type":"WebSite","@id":"https:\/\/hudo.com\/si\/#website","url":"https:\/\/hudo.com\/si\/","name":"Hudo Slovenija","description":"Vse novice iz Slovenije in sveta","publisher":{"@id":"https:\/\/hudo.com\/si\/#organization"},"potentialAction":[{"@type":"SearchAction","target":{"@type":"EntryPoint","urlTemplate":"https:\/\/hudo.com\/si\/?s={search_term_string}"},"query-input":"required name=search_term_string"}],"inLanguage":"sl-SI"},{"@type":"Organization","@id":"https:\/\/hudo.com\/si\/#organization","name":"VSN Media","url":"https:\/\/hudo.com\/si\/","logo":{"@type":"ImageObject","inLanguage":"sl-SI","@id":"https:\/\/hudo.com\/si\/#\/schema\/logo\/image\/","url":"https:\/\/hudo.com\/si\/wp-content\/uploads\/sites\/2\/2021\/03\/hudo-app-2.png","contentUrl":"https:\/\/hudo.com\/si\/wp-content\/uploads\/sites\/2\/2021\/03\/hudo-app-2.png","width":2185,"height":2167,"caption":"VSN Media"},"image":{"@id":"https:\/\/hudo.com\/si\/#\/schema\/logo\/image\/"},"sameAs":["https:\/\/www.facebook.com\/hudo.si","https:\/\/twitter.com\/hudo_si"]},{"@type":"Person","@id":"https:\/\/hudo.com\/si\/#\/schema\/person\/601cf3379633985b20f7e50f2bb47707","name":"hudo","image":{"@type":"ImageObject","inLanguage":"sl-SI","@id":"https:\/\/hudo.com\/si\/#\/schema\/person\/image\/","url":"https:\/\/secure.gravatar.com\/avatar\/c4ca25fa72cace7a696b52ff5db9e095?s=96&d=mm&r=g","contentUrl":"https:\/\/secure.gravatar.com\/avatar\/c4ca25fa72cace7a696b52ff5db9e095?s=96&d=mm&r=g","caption":"hudo"},"url":"https:\/\/hudo.com\/si\/author\/hudo\/"}]}},"amp_enabled":true,"_links":{"self":[{"href":"https:\/\/hudo.com\/si\/wp-json\/wp\/v2\/posts\/96020"}],"collection":[{"href":"https:\/\/hudo.com\/si\/wp-json\/wp\/v2\/posts"}],"about":[{"href":"https:\/\/hudo.com\/si\/wp-json\/wp\/v2\/types\/post"}],"author":[{"embeddable":true,"href":"https:\/\/hudo.com\/si\/wp-json\/wp\/v2\/users\/1"}],"replies":[{"embeddable":true,"href":"https:\/\/hudo.com\/si\/wp-json\/wp\/v2\/comments?post=96020"}],"version-history":[{"count":1,"href":"https:\/\/hudo.com\/si\/wp-json\/wp\/v2\/posts\/96020\/revisions"}],"predecessor-version":[{"id":96278,"href":"https:\/\/hudo.com\/si\/wp-json\/wp\/v2\/posts\/96020\/revisions\/96278"}],"wp:attachment":[{"href":"https:\/\/hudo.com\/si\/wp-json\/wp\/v2\/media?parent=96020"}],"wp:term":[{"taxonomy":"category","embeddable":true,"href":"https:\/\/hudo.com\/si\/wp-json\/wp\/v2\/categories?post=96020"},{"taxonomy":"post_tag","embeddable":true,"href":"https:\/\/hudo.com\/si\/wp-json\/wp\/v2\/tags?post=96020"},{"taxonomy":"source","embeddable":true,"href":"https:\/\/hudo.com\/si\/wp-json\/wp\/v2\/source?post=96020"},{"taxonomy":"supertag","embeddable":true,"href":"https:\/\/hudo.com\/si\/wp-json\/wp\/v2\/supertag?post=96020"}],"curies":[{"name":"wp","href":"https:\/\/api.w.org\/{rel}","templated":true}]}}