{"id":96214,"date":"2016-07-16T17:56:00","date_gmt":"2016-07-16T15:56:00","guid":{"rendered":"http:\/\/hudo.com\/si\/2016\/07\/16\/poletni-uvod-z-dvojno-poljsko-zmago-jaka-hvala-deseti\/"},"modified":"2016-07-16T17:56:00","modified_gmt":"2016-07-16T15:56:00","slug":"poletni-uvod-z-dvojno-poljsko-zmago-jaka-hvala-deseti","status":"publish","type":"post","link":"https:\/\/hudo.com\/si\/aktualno\/poletni-uvod-z-dvojno-poljsko-zmago-jaka-hvala-deseti\/","title":{"rendered":"Poletni uvod z dvojno poljsko zmago, Jaka Hvala deseti"},"content":{"rendered":"<p>Kategorija: Drugi \u0161porti Sat, 16 Jul 2016 19:56:00 +0200  Courchevel &#8211; Smu\u010darski skakalci so odprli poletno sezono z uvodno tekmo VN FIS v Courchevelu. Prva tekma je minila v znamenju Poljakov, ki so slavili dvojno zmago: najbolj\u0161i je bil Maciej Kot pred Kamilom Stochom. Tretje mesto je osvojil Avstrijec Stefan Kraft. V slovenski reprezentanci, v kateri je manjkal prvi skakalec minule sezone Peter Prevc, sta bila finalista le dva. Po dobrih obetih iz kvalifikacij je najve\u010d pokazal Jaka Hvala in osvojil 10. mesto, Robert Kranjec je bil 12. An\u017ee Semeni\u010d in An\u017ee Lani\u0161ek se nista uvrstila v finale, Rok Justin in Ernest Pri\u0161li\u010d pa sta bila diskvalificirana. Po prvi seriji je bolj\u0161e izhodi\u0161\u010de Kranjec na 10. mestu (128 m), 17. je bil Hvala (127,5 m). Lani\u0161ek je s 108,5 metra zasedel 38. mesto, Semeni\u010d je bil z 92 metri 44.\u00a0&#8230;<\/p>\n","protected":false},"excerpt":{"rendered":"<p>Kategorija: Drugi \u0161porti Sat, 16 Jul 2016 19:56:00 +0200  Courchevel &#8211; Smu\u010darski skakalci so odprli poletno sezono z uvodno tekmo VN FIS v Courchevelu. Prva tekma je minila v znamenju Poljakov, ki so slavili dvojno zmago: najbolj\u0161i je bil Maciej Kot pred Kamilom Stochom. Tretje mesto je osvojil Avstrijec Stefan Kraft. V slovenski reprezentanci, v kateri je manjkal prvi skakalec minule sezone Peter Prevc, sta bila finalista le dva. Po dobrih obetih iz kvalifikacij je najve\u010d pokazal Jaka Hvala in osvojil 10. mesto, Robert Kranjec je bil 12. An\u017ee Semeni\u010d in An\u017ee Lani\u0161ek se nista uvrstila v finale, Rok Justin in Ernest Pri\u0161li\u010d pa sta bila diskvalificirana. Po prvi seriji je bolj\u0161e izhodi\u0161\u010de Kranjec na 10. mestu (128 m), 17. je bil Hvala (127,5 m). Lani\u0161ek je s 108,5 metra zasedel 38. mesto, Semeni\u010d je bil z 92 metri 44.\u00a0&#8230;<\/p>\n","protected":false},"author":1,"featured_media":0,"comment_status":"closed","ping_status":"closed","sticky":false,"template":"","format":"standard","meta":{"footnotes":""},"categories":[1179],"tags":[],"source":[4511],"supertag":[],"acf":[],"yoast_head":"<!-- This site is optimized with the Yoast SEO plugin v21.3 - https:\/\/yoast.com\/wordpress\/plugins\/seo\/ -->\n<title>Poletni uvod z dvojno poljsko zmago, Jaka Hvala deseti - Hudo Slovenija<\/title>\n<meta name=\"robots\" content=\"index, follow, max-snippet:-1, max-image-preview:large, max-video-preview:-1\" \/>\n<link rel=\"canonical\" href=\"https:\/\/hudo.com\/si\/aktualno\/poletni-uvod-z-dvojno-poljsko-zmago-jaka-hvala-deseti\/\" \/>\n<meta property=\"og:locale\" content=\"sl_SI\" \/>\n<meta property=\"og:type\" content=\"article\" \/>\n<meta property=\"og:title\" content=\"Poletni uvod z dvojno poljsko zmago, Jaka Hvala deseti - Hudo Slovenija\" \/>\n<meta property=\"og:description\" content=\"Kategorija: Drugi \u0161porti Sat, 16 Jul 2016 19:56:00 +0200 Courchevel - Smu\u010darski skakalci so odprli poletno sezono z uvodno tekmo VN FIS v Courchevelu. Prva tekma je minila v znamenju Poljakov, ki so slavili dvojno zmago: najbolj\u0161i je bil Maciej Kot pred Kamilom Stochom. Tretje mesto je osvojil Avstrijec Stefan Kraft. V slovenski reprezentanci, v kateri je manjkal prvi skakalec minule sezone Peter Prevc, sta bila finalista le dva. Po dobrih obetih iz kvalifikacij je najve\u010d pokazal Jaka Hvala in osvojil 10. mesto, Robert Kranjec je bil 12. An\u017ee Semeni\u010d in An\u017ee Lani\u0161ek se nista uvrstila v finale, Rok Justin in Ernest Pri\u0161li\u010d pa sta bila diskvalificirana. Po prvi seriji je bolj\u0161e izhodi\u0161\u010de Kranjec na 10. mestu (128 m), 17. je bil Hvala (127,5 m). Lani\u0161ek je s 108,5 metra zasedel 38. mesto, Semeni\u010d je bil z 92 metri 44.\u00a0...\" \/>\n<meta property=\"og:url\" content=\"https:\/\/hudo.com\/si\/aktualno\/poletni-uvod-z-dvojno-poljsko-zmago-jaka-hvala-deseti\/\" \/>\n<meta property=\"og:site_name\" content=\"Hudo Slovenija\" \/>\n<meta property=\"article:publisher\" content=\"https:\/\/www.facebook.com\/hudo.si\" \/>\n<meta property=\"article:published_time\" content=\"2016-07-16T15:56:00+00:00\" \/>\n<meta property=\"og:image\" content=\"https:\/\/hudo.com\/si\/wp-content\/uploads\/sites\/2\/2016\/07\/480x290_Sport__djvu_1768936_levstek_hires0-1.jpeg\" \/>\n\t<meta property=\"og:image:width\" content=\"480\" \/>\n\t<meta property=\"og:image:height\" content=\"290\" \/>\n\t<meta property=\"og:image:type\" content=\"image\/jpeg\" \/>\n<meta name=\"author\" content=\"hudo\" \/>\n<meta name=\"twitter:card\" content=\"summary_large_image\" \/>\n<meta name=\"twitter:creator\" content=\"@hudo_si\" \/>\n<meta name=\"twitter:site\" content=\"@hudo_si\" \/>\n<meta name=\"twitter:label1\" content=\"Written by\" \/>\n\t<meta name=\"twitter:data1\" content=\"hudo\" \/>\n\t<meta name=\"twitter:label2\" content=\"Est. reading time\" \/>\n\t<meta name=\"twitter:data2\" content=\"1 minuta\" \/>\n<script type=\"application\/ld+json\" class=\"yoast-schema-graph\">{\"@context\":\"https:\/\/schema.org\",\"@graph\":[{\"@type\":\"Article\",\"@id\":\"https:\/\/hudo.com\/si\/aktualno\/poletni-uvod-z-dvojno-poljsko-zmago-jaka-hvala-deseti\/#article\",\"isPartOf\":{\"@id\":\"https:\/\/hudo.com\/si\/aktualno\/poletni-uvod-z-dvojno-poljsko-zmago-jaka-hvala-deseti\/\"},\"author\":{\"name\":\"hudo\",\"@id\":\"https:\/\/hudo.com\/si\/#\/schema\/person\/601cf3379633985b20f7e50f2bb47707\"},\"headline\":\"Poletni uvod z dvojno poljsko zmago, Jaka Hvala deseti\",\"datePublished\":\"2016-07-16T15:56:00+00:00\",\"dateModified\":\"2016-07-16T15:56:00+00:00\",\"mainEntityOfPage\":{\"@id\":\"https:\/\/hudo.com\/si\/aktualno\/poletni-uvod-z-dvojno-poljsko-zmago-jaka-hvala-deseti\/\"},\"wordCount\":144,\"publisher\":{\"@id\":\"https:\/\/hudo.com\/si\/#organization\"},\"articleSection\":[\"Aktualno\"],\"inLanguage\":\"sl-SI\"},{\"@type\":\"WebPage\",\"@id\":\"https:\/\/hudo.com\/si\/aktualno\/poletni-uvod-z-dvojno-poljsko-zmago-jaka-hvala-deseti\/\",\"url\":\"https:\/\/hudo.com\/si\/aktualno\/poletni-uvod-z-dvojno-poljsko-zmago-jaka-hvala-deseti\/\",\"name\":\"Poletni uvod z dvojno poljsko zmago, Jaka Hvala deseti - Hudo Slovenija\",\"isPartOf\":{\"@id\":\"https:\/\/hudo.com\/si\/#website\"},\"datePublished\":\"2016-07-16T15:56:00+00:00\",\"dateModified\":\"2016-07-16T15:56:00+00:00\",\"breadcrumb\":{\"@id\":\"https:\/\/hudo.com\/si\/aktualno\/poletni-uvod-z-dvojno-poljsko-zmago-jaka-hvala-deseti\/#breadcrumb\"},\"inLanguage\":\"sl-SI\",\"potentialAction\":[{\"@type\":\"ReadAction\",\"target\":[\"https:\/\/hudo.com\/si\/aktualno\/poletni-uvod-z-dvojno-poljsko-zmago-jaka-hvala-deseti\/\"]}]},{\"@type\":\"BreadcrumbList\",\"@id\":\"https:\/\/hudo.com\/si\/aktualno\/poletni-uvod-z-dvojno-poljsko-zmago-jaka-hvala-deseti\/#breadcrumb\",\"itemListElement\":[{\"@type\":\"ListItem\",\"position\":1,\"name\":\"Home\",\"item\":\"https:\/\/hudo.com\/si\/\"},{\"@type\":\"ListItem\",\"position\":2,\"name\":\"Poletni uvod z dvojno poljsko zmago, Jaka Hvala deseti\"}]},{\"@type\":\"WebSite\",\"@id\":\"https:\/\/hudo.com\/si\/#website\",\"url\":\"https:\/\/hudo.com\/si\/\",\"name\":\"Hudo Slovenija\",\"description\":\"Vse novice iz Slovenije in sveta\",\"publisher\":{\"@id\":\"https:\/\/hudo.com\/si\/#organization\"},\"potentialAction\":[{\"@type\":\"SearchAction\",\"target\":{\"@type\":\"EntryPoint\",\"urlTemplate\":\"https:\/\/hudo.com\/si\/?s={search_term_string}\"},\"query-input\":\"required name=search_term_string\"}],\"inLanguage\":\"sl-SI\"},{\"@type\":\"Organization\",\"@id\":\"https:\/\/hudo.com\/si\/#organization\",\"name\":\"VSN Media\",\"url\":\"https:\/\/hudo.com\/si\/\",\"logo\":{\"@type\":\"ImageObject\",\"inLanguage\":\"sl-SI\",\"@id\":\"https:\/\/hudo.com\/si\/#\/schema\/logo\/image\/\",\"url\":\"https:\/\/hudo.com\/si\/wp-content\/uploads\/sites\/2\/2021\/03\/hudo-app-2.png\",\"contentUrl\":\"https:\/\/hudo.com\/si\/wp-content\/uploads\/sites\/2\/2021\/03\/hudo-app-2.png\",\"width\":2185,\"height\":2167,\"caption\":\"VSN Media\"},\"image\":{\"@id\":\"https:\/\/hudo.com\/si\/#\/schema\/logo\/image\/\"},\"sameAs\":[\"https:\/\/www.facebook.com\/hudo.si\",\"https:\/\/twitter.com\/hudo_si\"]},{\"@type\":\"Person\",\"@id\":\"https:\/\/hudo.com\/si\/#\/schema\/person\/601cf3379633985b20f7e50f2bb47707\",\"name\":\"hudo\",\"image\":{\"@type\":\"ImageObject\",\"inLanguage\":\"sl-SI\",\"@id\":\"https:\/\/hudo.com\/si\/#\/schema\/person\/image\/\",\"url\":\"https:\/\/secure.gravatar.com\/avatar\/c4ca25fa72cace7a696b52ff5db9e095?s=96&d=mm&r=g\",\"contentUrl\":\"https:\/\/secure.gravatar.com\/avatar\/c4ca25fa72cace7a696b52ff5db9e095?s=96&d=mm&r=g\",\"caption\":\"hudo\"},\"url\":\"https:\/\/hudo.com\/si\/author\/hudo\/\"}]}<\/script>\n<!-- \/ Yoast SEO plugin. -->","yoast_head_json":{"title":"Poletni uvod z dvojno poljsko zmago, Jaka Hvala deseti - Hudo Slovenija","robots":{"index":"index","follow":"follow","max-snippet":"max-snippet:-1","max-image-preview":"max-image-preview:large","max-video-preview":"max-video-preview:-1"},"canonical":"https:\/\/hudo.com\/si\/aktualno\/poletni-uvod-z-dvojno-poljsko-zmago-jaka-hvala-deseti\/","og_locale":"sl_SI","og_type":"article","og_title":"Poletni uvod z dvojno poljsko zmago, Jaka Hvala deseti - Hudo Slovenija","og_description":"Kategorija: Drugi \u0161porti Sat, 16 Jul 2016 19:56:00 +0200 Courchevel - Smu\u010darski skakalci so odprli poletno sezono z uvodno tekmo VN FIS v Courchevelu. Prva tekma je minila v znamenju Poljakov, ki so slavili dvojno zmago: najbolj\u0161i je bil Maciej Kot pred Kamilom Stochom. Tretje mesto je osvojil Avstrijec Stefan Kraft. V slovenski reprezentanci, v kateri je manjkal prvi skakalec minule sezone Peter Prevc, sta bila finalista le dva. Po dobrih obetih iz kvalifikacij je najve\u010d pokazal Jaka Hvala in osvojil 10. mesto, Robert Kranjec je bil 12. An\u017ee Semeni\u010d in An\u017ee Lani\u0161ek se nista uvrstila v finale, Rok Justin in Ernest Pri\u0161li\u010d pa sta bila diskvalificirana. Po prvi seriji je bolj\u0161e izhodi\u0161\u010de Kranjec na 10. mestu (128 m), 17. je bil Hvala (127,5 m). Lani\u0161ek je s 108,5 metra zasedel 38. mesto, Semeni\u010d je bil z 92 metri 44.\u00a0...","og_url":"https:\/\/hudo.com\/si\/aktualno\/poletni-uvod-z-dvojno-poljsko-zmago-jaka-hvala-deseti\/","og_site_name":"Hudo Slovenija","article_publisher":"https:\/\/www.facebook.com\/hudo.si","article_published_time":"2016-07-16T15:56:00+00:00","og_image":[{"width":480,"height":290,"url":"https:\/\/hudo.com\/si\/wp-content\/uploads\/sites\/2\/2016\/07\/480x290_Sport__djvu_1768936_levstek_hires0-1.jpeg","type":"image\/jpeg"}],"author":"hudo","twitter_card":"summary_large_image","twitter_creator":"@hudo_si","twitter_site":"@hudo_si","twitter_misc":{"Written by":"hudo","Est. reading time":"1 minuta"},"schema":{"@context":"https:\/\/schema.org","@graph":[{"@type":"Article","@id":"https:\/\/hudo.com\/si\/aktualno\/poletni-uvod-z-dvojno-poljsko-zmago-jaka-hvala-deseti\/#article","isPartOf":{"@id":"https:\/\/hudo.com\/si\/aktualno\/poletni-uvod-z-dvojno-poljsko-zmago-jaka-hvala-deseti\/"},"author":{"name":"hudo","@id":"https:\/\/hudo.com\/si\/#\/schema\/person\/601cf3379633985b20f7e50f2bb47707"},"headline":"Poletni uvod z dvojno poljsko zmago, Jaka Hvala deseti","datePublished":"2016-07-16T15:56:00+00:00","dateModified":"2016-07-16T15:56:00+00:00","mainEntityOfPage":{"@id":"https:\/\/hudo.com\/si\/aktualno\/poletni-uvod-z-dvojno-poljsko-zmago-jaka-hvala-deseti\/"},"wordCount":144,"publisher":{"@id":"https:\/\/hudo.com\/si\/#organization"},"articleSection":["Aktualno"],"inLanguage":"sl-SI"},{"@type":"WebPage","@id":"https:\/\/hudo.com\/si\/aktualno\/poletni-uvod-z-dvojno-poljsko-zmago-jaka-hvala-deseti\/","url":"https:\/\/hudo.com\/si\/aktualno\/poletni-uvod-z-dvojno-poljsko-zmago-jaka-hvala-deseti\/","name":"Poletni uvod z dvojno poljsko zmago, Jaka Hvala deseti - Hudo Slovenija","isPartOf":{"@id":"https:\/\/hudo.com\/si\/#website"},"datePublished":"2016-07-16T15:56:00+00:00","dateModified":"2016-07-16T15:56:00+00:00","breadcrumb":{"@id":"https:\/\/hudo.com\/si\/aktualno\/poletni-uvod-z-dvojno-poljsko-zmago-jaka-hvala-deseti\/#breadcrumb"},"inLanguage":"sl-SI","potentialAction":[{"@type":"ReadAction","target":["https:\/\/hudo.com\/si\/aktualno\/poletni-uvod-z-dvojno-poljsko-zmago-jaka-hvala-deseti\/"]}]},{"@type":"BreadcrumbList","@id":"https:\/\/hudo.com\/si\/aktualno\/poletni-uvod-z-dvojno-poljsko-zmago-jaka-hvala-deseti\/#breadcrumb","itemListElement":[{"@type":"ListItem","position":1,"name":"Home","item":"https:\/\/hudo.com\/si\/"},{"@type":"ListItem","position":2,"name":"Poletni uvod z dvojno poljsko zmago, Jaka Hvala deseti"}]},{"@type":"WebSite","@id":"https:\/\/hudo.com\/si\/#website","url":"https:\/\/hudo.com\/si\/","name":"Hudo Slovenija","description":"Vse novice iz Slovenije in sveta","publisher":{"@id":"https:\/\/hudo.com\/si\/#organization"},"potentialAction":[{"@type":"SearchAction","target":{"@type":"EntryPoint","urlTemplate":"https:\/\/hudo.com\/si\/?s={search_term_string}"},"query-input":"required name=search_term_string"}],"inLanguage":"sl-SI"},{"@type":"Organization","@id":"https:\/\/hudo.com\/si\/#organization","name":"VSN Media","url":"https:\/\/hudo.com\/si\/","logo":{"@type":"ImageObject","inLanguage":"sl-SI","@id":"https:\/\/hudo.com\/si\/#\/schema\/logo\/image\/","url":"https:\/\/hudo.com\/si\/wp-content\/uploads\/sites\/2\/2021\/03\/hudo-app-2.png","contentUrl":"https:\/\/hudo.com\/si\/wp-content\/uploads\/sites\/2\/2021\/03\/hudo-app-2.png","width":2185,"height":2167,"caption":"VSN Media"},"image":{"@id":"https:\/\/hudo.com\/si\/#\/schema\/logo\/image\/"},"sameAs":["https:\/\/www.facebook.com\/hudo.si","https:\/\/twitter.com\/hudo_si"]},{"@type":"Person","@id":"https:\/\/hudo.com\/si\/#\/schema\/person\/601cf3379633985b20f7e50f2bb47707","name":"hudo","image":{"@type":"ImageObject","inLanguage":"sl-SI","@id":"https:\/\/hudo.com\/si\/#\/schema\/person\/image\/","url":"https:\/\/secure.gravatar.com\/avatar\/c4ca25fa72cace7a696b52ff5db9e095?s=96&d=mm&r=g","contentUrl":"https:\/\/secure.gravatar.com\/avatar\/c4ca25fa72cace7a696b52ff5db9e095?s=96&d=mm&r=g","caption":"hudo"},"url":"https:\/\/hudo.com\/si\/author\/hudo\/"}]}},"amp_enabled":true,"_links":{"self":[{"href":"https:\/\/hudo.com\/si\/wp-json\/wp\/v2\/posts\/96214"}],"collection":[{"href":"https:\/\/hudo.com\/si\/wp-json\/wp\/v2\/posts"}],"about":[{"href":"https:\/\/hudo.com\/si\/wp-json\/wp\/v2\/types\/post"}],"author":[{"embeddable":true,"href":"https:\/\/hudo.com\/si\/wp-json\/wp\/v2\/users\/1"}],"replies":[{"embeddable":true,"href":"https:\/\/hudo.com\/si\/wp-json\/wp\/v2\/comments?post=96214"}],"version-history":[{"count":0,"href":"https:\/\/hudo.com\/si\/wp-json\/wp\/v2\/posts\/96214\/revisions"}],"wp:attachment":[{"href":"https:\/\/hudo.com\/si\/wp-json\/wp\/v2\/media?parent=96214"}],"wp:term":[{"taxonomy":"category","embeddable":true,"href":"https:\/\/hudo.com\/si\/wp-json\/wp\/v2\/categories?post=96214"},{"taxonomy":"post_tag","embeddable":true,"href":"https:\/\/hudo.com\/si\/wp-json\/wp\/v2\/tags?post=96214"},{"taxonomy":"source","embeddable":true,"href":"https:\/\/hudo.com\/si\/wp-json\/wp\/v2\/source?post=96214"},{"taxonomy":"supertag","embeddable":true,"href":"https:\/\/hudo.com\/si\/wp-json\/wp\/v2\/supertag?post=96214"}],"curies":[{"name":"wp","href":"https:\/\/api.w.org\/{rel}","templated":true}]}}