{"id":96226,"date":"2016-07-16T16:30:28","date_gmt":"2016-07-16T14:30:28","guid":{"rendered":"http:\/\/hudo.com\/si\/2016\/07\/16\/erdogan-je-drzavni-udar-imenoval-bozje-darilo-in-ze-zacel-s-cistko-sodstva-in-vojske\/"},"modified":"2016-07-17T20:31:28","modified_gmt":"2016-07-17T18:31:28","slug":"erdogan-je-drzavni-udar-imenoval-bozje-darilo-in-ze-zacel-s-cistko-sodstva-in-vojske","status":"publish","type":"post","link":"https:\/\/hudo.com\/si\/aktualno\/erdogan-je-drzavni-udar-imenoval-bozje-darilo-in-ze-zacel-s-cistko-sodstva-in-vojske\/","title":{"rendered":"Erdogan je dr\u017eavni udar imenoval &#8220;bo\u017eje darilo&#8221; in \u017ee za\u010del s \u010distko sodstva in vojske"},"content":{"rendered":"<p>Najvi\u0161je pravosodno telo v Tur\u010diji HSYK je danes razre\u0161ilo 2745 sodnikov po neuspe\u0161nem poskusu voja\u0161kega udara, je poro\u010dala tur\u0161ka dr\u017eavna tiskovna agencija Anadolu. Razre\u0161enih je bilo tudi pet \u010dlanov Visokega sveta sodnikov in to\u017eilcev, poro\u010da nem\u0161ka tiskovna agencija dpa. Najmanj 10 \u010dlanov sveta so tudi aretirali. 2839 pripadnikov vojske je bilo prijetih, \u017ee pono\u010di je bilo odstavljenih pet generalov in 29 polkovnikov.<\/p>\n","protected":false},"excerpt":{"rendered":"<p>Najvi\u0161je pravosodno telo v Tur\u010diji HSYK je danes razre\u0161ilo 2745 sodnikov po neuspe\u0161nem poskusu voja\u0161kega udara, je poro\u010dala tur\u0161ka dr\u017eavna tiskovna agencija Anadolu. Razre\u0161enih je bilo tudi pet \u010dlanov Visokega sveta sodnikov in to\u017eilcev, poro\u010da nem\u0161ka tiskovna agencija dpa. Najmanj 10 \u010dlanov sveta so tudi aretirali. 2839 pripadnikov vojske je bilo prijetih, \u017ee pono\u010di je bilo odstavljenih pet generalov in 29 polkovnikov.<\/p>\n","protected":false},"author":1,"featured_media":0,"comment_status":"closed","ping_status":"closed","sticky":false,"template":"","format":"standard","meta":{"footnotes":""},"categories":[1179],"tags":[],"source":[5113],"supertag":[],"acf":[],"yoast_head":"<!-- This site is optimized with the Yoast SEO plugin v21.3 - https:\/\/yoast.com\/wordpress\/plugins\/seo\/ -->\n<title>Erdogan je dr\u017eavni udar imenoval &quot;bo\u017eje darilo&quot; in \u017ee za\u010del s \u010distko sodstva in vojske - Hudo Slovenija<\/title>\n<meta name=\"robots\" content=\"index, follow, max-snippet:-1, max-image-preview:large, max-video-preview:-1\" \/>\n<link rel=\"canonical\" href=\"https:\/\/hudo.com\/si\/aktualno\/erdogan-je-drzavni-udar-imenoval-bozje-darilo-in-ze-zacel-s-cistko-sodstva-in-vojske\/\" \/>\n<meta property=\"og:locale\" content=\"sl_SI\" \/>\n<meta property=\"og:type\" content=\"article\" \/>\n<meta property=\"og:title\" content=\"Erdogan je dr\u017eavni udar imenoval &quot;bo\u017eje darilo&quot; in \u017ee za\u010del s \u010distko sodstva in vojske - Hudo Slovenija\" \/>\n<meta property=\"og:description\" content=\"Najvi\u0161je pravosodno telo v Tur\u010diji HSYK je danes razre\u0161ilo 2745 sodnikov po neuspe\u0161nem poskusu voja\u0161kega udara, je poro\u010dala tur\u0161ka dr\u017eavna tiskovna agencija Anadolu. Razre\u0161enih je bilo tudi pet \u010dlanov Visokega sveta sodnikov in to\u017eilcev, poro\u010da nem\u0161ka tiskovna agencija dpa. Najmanj 10 \u010dlanov sveta so tudi aretirali. 2839 pripadnikov vojske je bilo prijetih, \u017ee pono\u010di je bilo odstavljenih pet generalov in 29 polkovnikov.\" \/>\n<meta property=\"og:url\" content=\"https:\/\/hudo.com\/si\/aktualno\/erdogan-je-drzavni-udar-imenoval-bozje-darilo-in-ze-zacel-s-cistko-sodstva-in-vojske\/\" \/>\n<meta property=\"og:site_name\" content=\"Hudo Slovenija\" \/>\n<meta property=\"article:publisher\" content=\"https:\/\/www.facebook.com\/hudo.si\" \/>\n<meta property=\"article:published_time\" content=\"2016-07-16T14:30:28+00:00\" \/>\n<meta property=\"article:modified_time\" content=\"2016-07-17T18:31:28+00:00\" \/>\n<meta property=\"og:image\" content=\"https:\/\/hudo.com\/si\/wp-content\/uploads\/sites\/2\/2016\/07\/erdogan_ge_16.07.16.jpg\" \/>\n\t<meta property=\"og:image:width\" content=\"594\" \/>\n\t<meta property=\"og:image:height\" content=\"325\" \/>\n\t<meta property=\"og:image:type\" content=\"image\/jpeg\" \/>\n<meta name=\"author\" content=\"hudo\" \/>\n<meta name=\"twitter:card\" content=\"summary_large_image\" \/>\n<meta name=\"twitter:creator\" content=\"@hudo_si\" \/>\n<meta name=\"twitter:site\" content=\"@hudo_si\" \/>\n<meta name=\"twitter:label1\" content=\"Written by\" \/>\n\t<meta name=\"twitter:data1\" content=\"hudo\" \/>\n<script type=\"application\/ld+json\" class=\"yoast-schema-graph\">{\"@context\":\"https:\/\/schema.org\",\"@graph\":[{\"@type\":\"Article\",\"@id\":\"https:\/\/hudo.com\/si\/aktualno\/erdogan-je-drzavni-udar-imenoval-bozje-darilo-in-ze-zacel-s-cistko-sodstva-in-vojske\/#article\",\"isPartOf\":{\"@id\":\"https:\/\/hudo.com\/si\/aktualno\/erdogan-je-drzavni-udar-imenoval-bozje-darilo-in-ze-zacel-s-cistko-sodstva-in-vojske\/\"},\"author\":{\"name\":\"hudo\",\"@id\":\"https:\/\/hudo.com\/si\/#\/schema\/person\/601cf3379633985b20f7e50f2bb47707\"},\"headline\":\"Erdogan je dr\u017eavni udar imenoval &#8220;bo\u017eje darilo&#8221; in \u017ee za\u010del s \u010distko sodstva in vojske\",\"datePublished\":\"2016-07-16T14:30:28+00:00\",\"dateModified\":\"2016-07-17T18:31:28+00:00\",\"mainEntityOfPage\":{\"@id\":\"https:\/\/hudo.com\/si\/aktualno\/erdogan-je-drzavni-udar-imenoval-bozje-darilo-in-ze-zacel-s-cistko-sodstva-in-vojske\/\"},\"wordCount\":89,\"publisher\":{\"@id\":\"https:\/\/hudo.com\/si\/#organization\"},\"articleSection\":[\"Aktualno\"],\"inLanguage\":\"sl-SI\"},{\"@type\":\"WebPage\",\"@id\":\"https:\/\/hudo.com\/si\/aktualno\/erdogan-je-drzavni-udar-imenoval-bozje-darilo-in-ze-zacel-s-cistko-sodstva-in-vojske\/\",\"url\":\"https:\/\/hudo.com\/si\/aktualno\/erdogan-je-drzavni-udar-imenoval-bozje-darilo-in-ze-zacel-s-cistko-sodstva-in-vojske\/\",\"name\":\"Erdogan je dr\u017eavni udar imenoval \\\"bo\u017eje darilo\\\" in \u017ee za\u010del s \u010distko sodstva in vojske - Hudo Slovenija\",\"isPartOf\":{\"@id\":\"https:\/\/hudo.com\/si\/#website\"},\"datePublished\":\"2016-07-16T14:30:28+00:00\",\"dateModified\":\"2016-07-17T18:31:28+00:00\",\"breadcrumb\":{\"@id\":\"https:\/\/hudo.com\/si\/aktualno\/erdogan-je-drzavni-udar-imenoval-bozje-darilo-in-ze-zacel-s-cistko-sodstva-in-vojske\/#breadcrumb\"},\"inLanguage\":\"sl-SI\",\"potentialAction\":[{\"@type\":\"ReadAction\",\"target\":[\"https:\/\/hudo.com\/si\/aktualno\/erdogan-je-drzavni-udar-imenoval-bozje-darilo-in-ze-zacel-s-cistko-sodstva-in-vojske\/\"]}]},{\"@type\":\"BreadcrumbList\",\"@id\":\"https:\/\/hudo.com\/si\/aktualno\/erdogan-je-drzavni-udar-imenoval-bozje-darilo-in-ze-zacel-s-cistko-sodstva-in-vojske\/#breadcrumb\",\"itemListElement\":[{\"@type\":\"ListItem\",\"position\":1,\"name\":\"Home\",\"item\":\"https:\/\/hudo.com\/si\/\"},{\"@type\":\"ListItem\",\"position\":2,\"name\":\"Erdogan je dr\u017eavni udar imenoval &#8220;bo\u017eje darilo&#8221; in \u017ee za\u010del s \u010distko sodstva in vojske\"}]},{\"@type\":\"WebSite\",\"@id\":\"https:\/\/hudo.com\/si\/#website\",\"url\":\"https:\/\/hudo.com\/si\/\",\"name\":\"Hudo Slovenija\",\"description\":\"Vse novice iz Slovenije in sveta\",\"publisher\":{\"@id\":\"https:\/\/hudo.com\/si\/#organization\"},\"potentialAction\":[{\"@type\":\"SearchAction\",\"target\":{\"@type\":\"EntryPoint\",\"urlTemplate\":\"https:\/\/hudo.com\/si\/?s={search_term_string}\"},\"query-input\":\"required name=search_term_string\"}],\"inLanguage\":\"sl-SI\"},{\"@type\":\"Organization\",\"@id\":\"https:\/\/hudo.com\/si\/#organization\",\"name\":\"VSN Media\",\"url\":\"https:\/\/hudo.com\/si\/\",\"logo\":{\"@type\":\"ImageObject\",\"inLanguage\":\"sl-SI\",\"@id\":\"https:\/\/hudo.com\/si\/#\/schema\/logo\/image\/\",\"url\":\"https:\/\/hudo.com\/si\/wp-content\/uploads\/sites\/2\/2021\/03\/hudo-app-2.png\",\"contentUrl\":\"https:\/\/hudo.com\/si\/wp-content\/uploads\/sites\/2\/2021\/03\/hudo-app-2.png\",\"width\":2185,\"height\":2167,\"caption\":\"VSN Media\"},\"image\":{\"@id\":\"https:\/\/hudo.com\/si\/#\/schema\/logo\/image\/\"},\"sameAs\":[\"https:\/\/www.facebook.com\/hudo.si\",\"https:\/\/twitter.com\/hudo_si\"]},{\"@type\":\"Person\",\"@id\":\"https:\/\/hudo.com\/si\/#\/schema\/person\/601cf3379633985b20f7e50f2bb47707\",\"name\":\"hudo\",\"image\":{\"@type\":\"ImageObject\",\"inLanguage\":\"sl-SI\",\"@id\":\"https:\/\/hudo.com\/si\/#\/schema\/person\/image\/\",\"url\":\"https:\/\/secure.gravatar.com\/avatar\/c4ca25fa72cace7a696b52ff5db9e095?s=96&d=mm&r=g\",\"contentUrl\":\"https:\/\/secure.gravatar.com\/avatar\/c4ca25fa72cace7a696b52ff5db9e095?s=96&d=mm&r=g\",\"caption\":\"hudo\"},\"url\":\"https:\/\/hudo.com\/si\/author\/hudo\/\"}]}<\/script>\n<!-- \/ Yoast SEO plugin. -->","yoast_head_json":{"title":"Erdogan je dr\u017eavni udar imenoval \"bo\u017eje darilo\" in \u017ee za\u010del s \u010distko sodstva in vojske - Hudo Slovenija","robots":{"index":"index","follow":"follow","max-snippet":"max-snippet:-1","max-image-preview":"max-image-preview:large","max-video-preview":"max-video-preview:-1"},"canonical":"https:\/\/hudo.com\/si\/aktualno\/erdogan-je-drzavni-udar-imenoval-bozje-darilo-in-ze-zacel-s-cistko-sodstva-in-vojske\/","og_locale":"sl_SI","og_type":"article","og_title":"Erdogan je dr\u017eavni udar imenoval \"bo\u017eje darilo\" in \u017ee za\u010del s \u010distko sodstva in vojske - Hudo Slovenija","og_description":"Najvi\u0161je pravosodno telo v Tur\u010diji HSYK je danes razre\u0161ilo 2745 sodnikov po neuspe\u0161nem poskusu voja\u0161kega udara, je poro\u010dala tur\u0161ka dr\u017eavna tiskovna agencija Anadolu. Razre\u0161enih je bilo tudi pet \u010dlanov Visokega sveta sodnikov in to\u017eilcev, poro\u010da nem\u0161ka tiskovna agencija dpa. Najmanj 10 \u010dlanov sveta so tudi aretirali. 2839 pripadnikov vojske je bilo prijetih, \u017ee pono\u010di je bilo odstavljenih pet generalov in 29 polkovnikov.","og_url":"https:\/\/hudo.com\/si\/aktualno\/erdogan-je-drzavni-udar-imenoval-bozje-darilo-in-ze-zacel-s-cistko-sodstva-in-vojske\/","og_site_name":"Hudo Slovenija","article_publisher":"https:\/\/www.facebook.com\/hudo.si","article_published_time":"2016-07-16T14:30:28+00:00","article_modified_time":"2016-07-17T18:31:28+00:00","og_image":[{"width":594,"height":325,"url":"https:\/\/hudo.com\/si\/wp-content\/uploads\/sites\/2\/2016\/07\/erdogan_ge_16.07.16.jpg","type":"image\/jpeg"}],"author":"hudo","twitter_card":"summary_large_image","twitter_creator":"@hudo_si","twitter_site":"@hudo_si","twitter_misc":{"Written by":"hudo"},"schema":{"@context":"https:\/\/schema.org","@graph":[{"@type":"Article","@id":"https:\/\/hudo.com\/si\/aktualno\/erdogan-je-drzavni-udar-imenoval-bozje-darilo-in-ze-zacel-s-cistko-sodstva-in-vojske\/#article","isPartOf":{"@id":"https:\/\/hudo.com\/si\/aktualno\/erdogan-je-drzavni-udar-imenoval-bozje-darilo-in-ze-zacel-s-cistko-sodstva-in-vojske\/"},"author":{"name":"hudo","@id":"https:\/\/hudo.com\/si\/#\/schema\/person\/601cf3379633985b20f7e50f2bb47707"},"headline":"Erdogan je dr\u017eavni udar imenoval &#8220;bo\u017eje darilo&#8221; in \u017ee za\u010del s \u010distko sodstva in vojske","datePublished":"2016-07-16T14:30:28+00:00","dateModified":"2016-07-17T18:31:28+00:00","mainEntityOfPage":{"@id":"https:\/\/hudo.com\/si\/aktualno\/erdogan-je-drzavni-udar-imenoval-bozje-darilo-in-ze-zacel-s-cistko-sodstva-in-vojske\/"},"wordCount":89,"publisher":{"@id":"https:\/\/hudo.com\/si\/#organization"},"articleSection":["Aktualno"],"inLanguage":"sl-SI"},{"@type":"WebPage","@id":"https:\/\/hudo.com\/si\/aktualno\/erdogan-je-drzavni-udar-imenoval-bozje-darilo-in-ze-zacel-s-cistko-sodstva-in-vojske\/","url":"https:\/\/hudo.com\/si\/aktualno\/erdogan-je-drzavni-udar-imenoval-bozje-darilo-in-ze-zacel-s-cistko-sodstva-in-vojske\/","name":"Erdogan je dr\u017eavni udar imenoval \"bo\u017eje darilo\" in \u017ee za\u010del s \u010distko sodstva in vojske - Hudo Slovenija","isPartOf":{"@id":"https:\/\/hudo.com\/si\/#website"},"datePublished":"2016-07-16T14:30:28+00:00","dateModified":"2016-07-17T18:31:28+00:00","breadcrumb":{"@id":"https:\/\/hudo.com\/si\/aktualno\/erdogan-je-drzavni-udar-imenoval-bozje-darilo-in-ze-zacel-s-cistko-sodstva-in-vojske\/#breadcrumb"},"inLanguage":"sl-SI","potentialAction":[{"@type":"ReadAction","target":["https:\/\/hudo.com\/si\/aktualno\/erdogan-je-drzavni-udar-imenoval-bozje-darilo-in-ze-zacel-s-cistko-sodstva-in-vojske\/"]}]},{"@type":"BreadcrumbList","@id":"https:\/\/hudo.com\/si\/aktualno\/erdogan-je-drzavni-udar-imenoval-bozje-darilo-in-ze-zacel-s-cistko-sodstva-in-vojske\/#breadcrumb","itemListElement":[{"@type":"ListItem","position":1,"name":"Home","item":"https:\/\/hudo.com\/si\/"},{"@type":"ListItem","position":2,"name":"Erdogan je dr\u017eavni udar imenoval &#8220;bo\u017eje darilo&#8221; in \u017ee za\u010del s \u010distko sodstva in vojske"}]},{"@type":"WebSite","@id":"https:\/\/hudo.com\/si\/#website","url":"https:\/\/hudo.com\/si\/","name":"Hudo Slovenija","description":"Vse novice iz Slovenije in sveta","publisher":{"@id":"https:\/\/hudo.com\/si\/#organization"},"potentialAction":[{"@type":"SearchAction","target":{"@type":"EntryPoint","urlTemplate":"https:\/\/hudo.com\/si\/?s={search_term_string}"},"query-input":"required name=search_term_string"}],"inLanguage":"sl-SI"},{"@type":"Organization","@id":"https:\/\/hudo.com\/si\/#organization","name":"VSN Media","url":"https:\/\/hudo.com\/si\/","logo":{"@type":"ImageObject","inLanguage":"sl-SI","@id":"https:\/\/hudo.com\/si\/#\/schema\/logo\/image\/","url":"https:\/\/hudo.com\/si\/wp-content\/uploads\/sites\/2\/2021\/03\/hudo-app-2.png","contentUrl":"https:\/\/hudo.com\/si\/wp-content\/uploads\/sites\/2\/2021\/03\/hudo-app-2.png","width":2185,"height":2167,"caption":"VSN Media"},"image":{"@id":"https:\/\/hudo.com\/si\/#\/schema\/logo\/image\/"},"sameAs":["https:\/\/www.facebook.com\/hudo.si","https:\/\/twitter.com\/hudo_si"]},{"@type":"Person","@id":"https:\/\/hudo.com\/si\/#\/schema\/person\/601cf3379633985b20f7e50f2bb47707","name":"hudo","image":{"@type":"ImageObject","inLanguage":"sl-SI","@id":"https:\/\/hudo.com\/si\/#\/schema\/person\/image\/","url":"https:\/\/secure.gravatar.com\/avatar\/c4ca25fa72cace7a696b52ff5db9e095?s=96&d=mm&r=g","contentUrl":"https:\/\/secure.gravatar.com\/avatar\/c4ca25fa72cace7a696b52ff5db9e095?s=96&d=mm&r=g","caption":"hudo"},"url":"https:\/\/hudo.com\/si\/author\/hudo\/"}]}},"amp_enabled":true,"_links":{"self":[{"href":"https:\/\/hudo.com\/si\/wp-json\/wp\/v2\/posts\/96226"}],"collection":[{"href":"https:\/\/hudo.com\/si\/wp-json\/wp\/v2\/posts"}],"about":[{"href":"https:\/\/hudo.com\/si\/wp-json\/wp\/v2\/types\/post"}],"author":[{"embeddable":true,"href":"https:\/\/hudo.com\/si\/wp-json\/wp\/v2\/users\/1"}],"replies":[{"embeddable":true,"href":"https:\/\/hudo.com\/si\/wp-json\/wp\/v2\/comments?post=96226"}],"version-history":[{"count":1,"href":"https:\/\/hudo.com\/si\/wp-json\/wp\/v2\/posts\/96226\/revisions"}],"predecessor-version":[{"id":96348,"href":"https:\/\/hudo.com\/si\/wp-json\/wp\/v2\/posts\/96226\/revisions\/96348"}],"wp:attachment":[{"href":"https:\/\/hudo.com\/si\/wp-json\/wp\/v2\/media?parent=96226"}],"wp:term":[{"taxonomy":"category","embeddable":true,"href":"https:\/\/hudo.com\/si\/wp-json\/wp\/v2\/categories?post=96226"},{"taxonomy":"post_tag","embeddable":true,"href":"https:\/\/hudo.com\/si\/wp-json\/wp\/v2\/tags?post=96226"},{"taxonomy":"source","embeddable":true,"href":"https:\/\/hudo.com\/si\/wp-json\/wp\/v2\/source?post=96226"},{"taxonomy":"supertag","embeddable":true,"href":"https:\/\/hudo.com\/si\/wp-json\/wp\/v2\/supertag?post=96226"}],"curies":[{"name":"wp","href":"https:\/\/api.w.org\/{rel}","templated":true}]}}