{"id":96228,"date":"2016-07-16T16:20:00","date_gmt":"2016-07-16T14:20:00","guid":{"rendered":"http:\/\/hudo.com\/si\/2016\/07\/16\/zaradi-zike-se-je-igram-v-riu-odpovedal-tudi-berdych\/"},"modified":"2016-07-16T16:20:00","modified_gmt":"2016-07-16T14:20:00","slug":"zaradi-zike-se-je-igram-v-riu-odpovedal-tudi-berdych","status":"publish","type":"post","link":"https:\/\/hudo.com\/si\/aktualno\/zaradi-zike-se-je-igram-v-riu-odpovedal-tudi-berdych\/","title":{"rendered":"Zaradi zike se je igram v Riu odpovedal tudi Berdych"},"content":{"rendered":"<p>Kategorija: Tenis Sat, 16 Jul 2016 18:20:00 +0200  Praga &#8211; Potem ko so v zadnjih tednih zaradi nevarnosti pred virom zika svojo udele\u017ebo na OI v Riu mno\u017ei\u010dno odpovedovali golfisti, so se jim zdaj o\u010ditno pridru\u017eili teni\u0161ki igralci. Po Milo\u0161u Raoni\u0107u, Simoni Halep, Dominicu Thiemu in Johnu Isnerju je podobno odlo\u010diev sprejel \u0161e en igralec iz najbolj\u0161e deseterice na svetovni lestvici \u010ceh Toma\u0161 Berdych. \u00bb\u017dal moram sporo\u010diti, da ne bom nastopil na olimpijskem turnirju. Razlog za to je nevarnost viroka zika. Ustvarjam si dru\u017eino, ki je ne \u017eelim izpostaviti nepotrebnemu tveganju,\u00ab je dejal osmi igralec sveta, ki se je lani poro\u010dil z manekenko Ester Satorovo, s katero\u00a0 Prvi \u010de\u0161ki teni\u0161ki zvezdnik je sicer odpovedal tudi nastop v Davisovem pokalu proti Franciji. \u00bbOpravi\u010dujem se vse, ki jih je ta odlo\u010ditev prizadela. \u010ce\u0161ki reprezentanci \u017eelim veliko uspeha in se \u017ee veselim, da\u00a0&#8230;<\/p>\n","protected":false},"excerpt":{"rendered":"<p>Kategorija: Tenis Sat, 16 Jul 2016 18:20:00 +0200  Praga &#8211; Potem ko so v zadnjih tednih zaradi nevarnosti pred virom zika svojo udele\u017ebo na OI v Riu mno\u017ei\u010dno odpovedovali golfisti, so se jim zdaj o\u010ditno pridru\u017eili teni\u0161ki igralci. Po Milo\u0161u Raoni\u0107u, Simoni Halep, Dominicu Thiemu in Johnu Isnerju je podobno odlo\u010diev sprejel \u0161e en igralec iz najbolj\u0161e deseterice na svetovni lestvici \u010ceh Toma\u0161 Berdych. \u00bb\u017dal moram sporo\u010diti, da ne bom nastopil na olimpijskem turnirju. Razlog za to je nevarnost viroka zika. Ustvarjam si dru\u017eino, ki je ne \u017eelim izpostaviti nepotrebnemu tveganju,\u00ab je dejal osmi igralec sveta, ki se je lani poro\u010dil z manekenko Ester Satorovo, s katero\u00a0 Prvi \u010de\u0161ki teni\u0161ki zvezdnik je sicer odpovedal tudi nastop v Davisovem pokalu proti Franciji. \u00bbOpravi\u010dujem se vse, ki jih je ta odlo\u010ditev prizadela. \u010ce\u0161ki reprezentanci \u017eelim veliko uspeha in se \u017ee veselim, da\u00a0&#8230;<\/p>\n","protected":false},"author":1,"featured_media":0,"comment_status":"closed","ping_status":"closed","sticky":false,"template":"","format":"standard","meta":{"footnotes":""},"categories":[1179],"tags":[],"source":[4511],"supertag":[],"acf":[],"yoast_head":"<!-- This site is optimized with the Yoast SEO plugin v21.3 - https:\/\/yoast.com\/wordpress\/plugins\/seo\/ -->\n<title>Zaradi zike se je igram v Riu odpovedal tudi Berdych - Hudo Slovenija<\/title>\n<meta name=\"robots\" content=\"index, follow, max-snippet:-1, max-image-preview:large, max-video-preview:-1\" \/>\n<link rel=\"canonical\" href=\"https:\/\/hudo.com\/si\/aktualno\/zaradi-zike-se-je-igram-v-riu-odpovedal-tudi-berdych\/\" \/>\n<meta property=\"og:locale\" content=\"sl_SI\" \/>\n<meta property=\"og:type\" content=\"article\" \/>\n<meta property=\"og:title\" content=\"Zaradi zike se je igram v Riu odpovedal tudi Berdych - Hudo Slovenija\" \/>\n<meta property=\"og:description\" content=\"Kategorija: Tenis Sat, 16 Jul 2016 18:20:00 +0200 Praga - Potem ko so v zadnjih tednih zaradi nevarnosti pred virom zika svojo udele\u017ebo na OI v Riu mno\u017ei\u010dno odpovedovali golfisti, so se jim zdaj o\u010ditno pridru\u017eili teni\u0161ki igralci. Po Milo\u0161u Raoni\u0107u, Simoni Halep, Dominicu Thiemu in Johnu Isnerju je podobno odlo\u010diev sprejel \u0161e en igralec iz najbolj\u0161e deseterice na svetovni lestvici \u010ceh Toma\u0161 Berdych. \u00bb\u017dal moram sporo\u010diti, da ne bom nastopil na olimpijskem turnirju. Razlog za to je nevarnost viroka zika. Ustvarjam si dru\u017eino, ki je ne \u017eelim izpostaviti nepotrebnemu tveganju,\u00ab je dejal osmi igralec sveta, ki se je lani poro\u010dil z manekenko Ester Satorovo, s katero\u00a0 Prvi \u010de\u0161ki teni\u0161ki zvezdnik je sicer odpovedal tudi nastop v Davisovem pokalu proti Franciji. \u00bbOpravi\u010dujem se vse, ki jih je ta odlo\u010ditev prizadela. \u010ce\u0161ki reprezentanci \u017eelim veliko uspeha in se \u017ee veselim, da\u00a0...\" \/>\n<meta property=\"og:url\" content=\"https:\/\/hudo.com\/si\/aktualno\/zaradi-zike-se-je-igram-v-riu-odpovedal-tudi-berdych\/\" \/>\n<meta property=\"og:site_name\" content=\"Hudo Slovenija\" \/>\n<meta property=\"article:publisher\" content=\"https:\/\/www.facebook.com\/hudo.si\" \/>\n<meta property=\"article:published_time\" content=\"2016-07-16T14:20:00+00:00\" \/>\n<meta property=\"og:image\" content=\"https:\/\/hudo.com\/si\/wp-content\/uploads\/sites\/2\/2016\/07\/480x290_AFP_Photo-20160628194145-28119100.jpeg\" \/>\n\t<meta property=\"og:image:width\" content=\"480\" \/>\n\t<meta property=\"og:image:height\" content=\"290\" \/>\n\t<meta property=\"og:image:type\" content=\"image\/jpeg\" \/>\n<meta name=\"author\" content=\"hudo\" \/>\n<meta name=\"twitter:card\" content=\"summary_large_image\" \/>\n<meta name=\"twitter:creator\" content=\"@hudo_si\" \/>\n<meta name=\"twitter:site\" content=\"@hudo_si\" \/>\n<meta name=\"twitter:label1\" content=\"Written by\" \/>\n\t<meta name=\"twitter:data1\" content=\"hudo\" \/>\n\t<meta name=\"twitter:label2\" content=\"Est. reading time\" \/>\n\t<meta name=\"twitter:data2\" content=\"1 minuta\" \/>\n<script type=\"application\/ld+json\" class=\"yoast-schema-graph\">{\"@context\":\"https:\/\/schema.org\",\"@graph\":[{\"@type\":\"Article\",\"@id\":\"https:\/\/hudo.com\/si\/aktualno\/zaradi-zike-se-je-igram-v-riu-odpovedal-tudi-berdych\/#article\",\"isPartOf\":{\"@id\":\"https:\/\/hudo.com\/si\/aktualno\/zaradi-zike-se-je-igram-v-riu-odpovedal-tudi-berdych\/\"},\"author\":{\"name\":\"hudo\",\"@id\":\"https:\/\/hudo.com\/si\/#\/schema\/person\/601cf3379633985b20f7e50f2bb47707\"},\"headline\":\"Zaradi zike se je igram v Riu odpovedal tudi Berdych\",\"datePublished\":\"2016-07-16T14:20:00+00:00\",\"dateModified\":\"2016-07-16T14:20:00+00:00\",\"mainEntityOfPage\":{\"@id\":\"https:\/\/hudo.com\/si\/aktualno\/zaradi-zike-se-je-igram-v-riu-odpovedal-tudi-berdych\/\"},\"wordCount\":164,\"publisher\":{\"@id\":\"https:\/\/hudo.com\/si\/#organization\"},\"articleSection\":[\"Aktualno\"],\"inLanguage\":\"sl-SI\"},{\"@type\":\"WebPage\",\"@id\":\"https:\/\/hudo.com\/si\/aktualno\/zaradi-zike-se-je-igram-v-riu-odpovedal-tudi-berdych\/\",\"url\":\"https:\/\/hudo.com\/si\/aktualno\/zaradi-zike-se-je-igram-v-riu-odpovedal-tudi-berdych\/\",\"name\":\"Zaradi zike se je igram v Riu odpovedal tudi Berdych - Hudo Slovenija\",\"isPartOf\":{\"@id\":\"https:\/\/hudo.com\/si\/#website\"},\"datePublished\":\"2016-07-16T14:20:00+00:00\",\"dateModified\":\"2016-07-16T14:20:00+00:00\",\"breadcrumb\":{\"@id\":\"https:\/\/hudo.com\/si\/aktualno\/zaradi-zike-se-je-igram-v-riu-odpovedal-tudi-berdych\/#breadcrumb\"},\"inLanguage\":\"sl-SI\",\"potentialAction\":[{\"@type\":\"ReadAction\",\"target\":[\"https:\/\/hudo.com\/si\/aktualno\/zaradi-zike-se-je-igram-v-riu-odpovedal-tudi-berdych\/\"]}]},{\"@type\":\"BreadcrumbList\",\"@id\":\"https:\/\/hudo.com\/si\/aktualno\/zaradi-zike-se-je-igram-v-riu-odpovedal-tudi-berdych\/#breadcrumb\",\"itemListElement\":[{\"@type\":\"ListItem\",\"position\":1,\"name\":\"Home\",\"item\":\"https:\/\/hudo.com\/si\/\"},{\"@type\":\"ListItem\",\"position\":2,\"name\":\"Zaradi zike se je igram v Riu odpovedal tudi Berdych\"}]},{\"@type\":\"WebSite\",\"@id\":\"https:\/\/hudo.com\/si\/#website\",\"url\":\"https:\/\/hudo.com\/si\/\",\"name\":\"Hudo Slovenija\",\"description\":\"Vse novice iz Slovenije in sveta\",\"publisher\":{\"@id\":\"https:\/\/hudo.com\/si\/#organization\"},\"potentialAction\":[{\"@type\":\"SearchAction\",\"target\":{\"@type\":\"EntryPoint\",\"urlTemplate\":\"https:\/\/hudo.com\/si\/?s={search_term_string}\"},\"query-input\":\"required name=search_term_string\"}],\"inLanguage\":\"sl-SI\"},{\"@type\":\"Organization\",\"@id\":\"https:\/\/hudo.com\/si\/#organization\",\"name\":\"VSN Media\",\"url\":\"https:\/\/hudo.com\/si\/\",\"logo\":{\"@type\":\"ImageObject\",\"inLanguage\":\"sl-SI\",\"@id\":\"https:\/\/hudo.com\/si\/#\/schema\/logo\/image\/\",\"url\":\"https:\/\/hudo.com\/si\/wp-content\/uploads\/sites\/2\/2021\/03\/hudo-app-2.png\",\"contentUrl\":\"https:\/\/hudo.com\/si\/wp-content\/uploads\/sites\/2\/2021\/03\/hudo-app-2.png\",\"width\":2185,\"height\":2167,\"caption\":\"VSN Media\"},\"image\":{\"@id\":\"https:\/\/hudo.com\/si\/#\/schema\/logo\/image\/\"},\"sameAs\":[\"https:\/\/www.facebook.com\/hudo.si\",\"https:\/\/twitter.com\/hudo_si\"]},{\"@type\":\"Person\",\"@id\":\"https:\/\/hudo.com\/si\/#\/schema\/person\/601cf3379633985b20f7e50f2bb47707\",\"name\":\"hudo\",\"image\":{\"@type\":\"ImageObject\",\"inLanguage\":\"sl-SI\",\"@id\":\"https:\/\/hudo.com\/si\/#\/schema\/person\/image\/\",\"url\":\"https:\/\/secure.gravatar.com\/avatar\/c4ca25fa72cace7a696b52ff5db9e095?s=96&d=mm&r=g\",\"contentUrl\":\"https:\/\/secure.gravatar.com\/avatar\/c4ca25fa72cace7a696b52ff5db9e095?s=96&d=mm&r=g\",\"caption\":\"hudo\"},\"url\":\"https:\/\/hudo.com\/si\/author\/hudo\/\"}]}<\/script>\n<!-- \/ Yoast SEO plugin. -->","yoast_head_json":{"title":"Zaradi zike se je igram v Riu odpovedal tudi Berdych - Hudo Slovenija","robots":{"index":"index","follow":"follow","max-snippet":"max-snippet:-1","max-image-preview":"max-image-preview:large","max-video-preview":"max-video-preview:-1"},"canonical":"https:\/\/hudo.com\/si\/aktualno\/zaradi-zike-se-je-igram-v-riu-odpovedal-tudi-berdych\/","og_locale":"sl_SI","og_type":"article","og_title":"Zaradi zike se je igram v Riu odpovedal tudi Berdych - Hudo Slovenija","og_description":"Kategorija: Tenis Sat, 16 Jul 2016 18:20:00 +0200 Praga - Potem ko so v zadnjih tednih zaradi nevarnosti pred virom zika svojo udele\u017ebo na OI v Riu mno\u017ei\u010dno odpovedovali golfisti, so se jim zdaj o\u010ditno pridru\u017eili teni\u0161ki igralci. Po Milo\u0161u Raoni\u0107u, Simoni Halep, Dominicu Thiemu in Johnu Isnerju je podobno odlo\u010diev sprejel \u0161e en igralec iz najbolj\u0161e deseterice na svetovni lestvici \u010ceh Toma\u0161 Berdych. \u00bb\u017dal moram sporo\u010diti, da ne bom nastopil na olimpijskem turnirju. Razlog za to je nevarnost viroka zika. Ustvarjam si dru\u017eino, ki je ne \u017eelim izpostaviti nepotrebnemu tveganju,\u00ab je dejal osmi igralec sveta, ki se je lani poro\u010dil z manekenko Ester Satorovo, s katero\u00a0 Prvi \u010de\u0161ki teni\u0161ki zvezdnik je sicer odpovedal tudi nastop v Davisovem pokalu proti Franciji. \u00bbOpravi\u010dujem se vse, ki jih je ta odlo\u010ditev prizadela. \u010ce\u0161ki reprezentanci \u017eelim veliko uspeha in se \u017ee veselim, da\u00a0...","og_url":"https:\/\/hudo.com\/si\/aktualno\/zaradi-zike-se-je-igram-v-riu-odpovedal-tudi-berdych\/","og_site_name":"Hudo Slovenija","article_publisher":"https:\/\/www.facebook.com\/hudo.si","article_published_time":"2016-07-16T14:20:00+00:00","og_image":[{"width":480,"height":290,"url":"https:\/\/hudo.com\/si\/wp-content\/uploads\/sites\/2\/2016\/07\/480x290_AFP_Photo-20160628194145-28119100.jpeg","type":"image\/jpeg"}],"author":"hudo","twitter_card":"summary_large_image","twitter_creator":"@hudo_si","twitter_site":"@hudo_si","twitter_misc":{"Written by":"hudo","Est. reading time":"1 minuta"},"schema":{"@context":"https:\/\/schema.org","@graph":[{"@type":"Article","@id":"https:\/\/hudo.com\/si\/aktualno\/zaradi-zike-se-je-igram-v-riu-odpovedal-tudi-berdych\/#article","isPartOf":{"@id":"https:\/\/hudo.com\/si\/aktualno\/zaradi-zike-se-je-igram-v-riu-odpovedal-tudi-berdych\/"},"author":{"name":"hudo","@id":"https:\/\/hudo.com\/si\/#\/schema\/person\/601cf3379633985b20f7e50f2bb47707"},"headline":"Zaradi zike se je igram v Riu odpovedal tudi Berdych","datePublished":"2016-07-16T14:20:00+00:00","dateModified":"2016-07-16T14:20:00+00:00","mainEntityOfPage":{"@id":"https:\/\/hudo.com\/si\/aktualno\/zaradi-zike-se-je-igram-v-riu-odpovedal-tudi-berdych\/"},"wordCount":164,"publisher":{"@id":"https:\/\/hudo.com\/si\/#organization"},"articleSection":["Aktualno"],"inLanguage":"sl-SI"},{"@type":"WebPage","@id":"https:\/\/hudo.com\/si\/aktualno\/zaradi-zike-se-je-igram-v-riu-odpovedal-tudi-berdych\/","url":"https:\/\/hudo.com\/si\/aktualno\/zaradi-zike-se-je-igram-v-riu-odpovedal-tudi-berdych\/","name":"Zaradi zike se je igram v Riu odpovedal tudi Berdych - Hudo Slovenija","isPartOf":{"@id":"https:\/\/hudo.com\/si\/#website"},"datePublished":"2016-07-16T14:20:00+00:00","dateModified":"2016-07-16T14:20:00+00:00","breadcrumb":{"@id":"https:\/\/hudo.com\/si\/aktualno\/zaradi-zike-se-je-igram-v-riu-odpovedal-tudi-berdych\/#breadcrumb"},"inLanguage":"sl-SI","potentialAction":[{"@type":"ReadAction","target":["https:\/\/hudo.com\/si\/aktualno\/zaradi-zike-se-je-igram-v-riu-odpovedal-tudi-berdych\/"]}]},{"@type":"BreadcrumbList","@id":"https:\/\/hudo.com\/si\/aktualno\/zaradi-zike-se-je-igram-v-riu-odpovedal-tudi-berdych\/#breadcrumb","itemListElement":[{"@type":"ListItem","position":1,"name":"Home","item":"https:\/\/hudo.com\/si\/"},{"@type":"ListItem","position":2,"name":"Zaradi zike se je igram v Riu odpovedal tudi Berdych"}]},{"@type":"WebSite","@id":"https:\/\/hudo.com\/si\/#website","url":"https:\/\/hudo.com\/si\/","name":"Hudo Slovenija","description":"Vse novice iz Slovenije in sveta","publisher":{"@id":"https:\/\/hudo.com\/si\/#organization"},"potentialAction":[{"@type":"SearchAction","target":{"@type":"EntryPoint","urlTemplate":"https:\/\/hudo.com\/si\/?s={search_term_string}"},"query-input":"required name=search_term_string"}],"inLanguage":"sl-SI"},{"@type":"Organization","@id":"https:\/\/hudo.com\/si\/#organization","name":"VSN Media","url":"https:\/\/hudo.com\/si\/","logo":{"@type":"ImageObject","inLanguage":"sl-SI","@id":"https:\/\/hudo.com\/si\/#\/schema\/logo\/image\/","url":"https:\/\/hudo.com\/si\/wp-content\/uploads\/sites\/2\/2021\/03\/hudo-app-2.png","contentUrl":"https:\/\/hudo.com\/si\/wp-content\/uploads\/sites\/2\/2021\/03\/hudo-app-2.png","width":2185,"height":2167,"caption":"VSN Media"},"image":{"@id":"https:\/\/hudo.com\/si\/#\/schema\/logo\/image\/"},"sameAs":["https:\/\/www.facebook.com\/hudo.si","https:\/\/twitter.com\/hudo_si"]},{"@type":"Person","@id":"https:\/\/hudo.com\/si\/#\/schema\/person\/601cf3379633985b20f7e50f2bb47707","name":"hudo","image":{"@type":"ImageObject","inLanguage":"sl-SI","@id":"https:\/\/hudo.com\/si\/#\/schema\/person\/image\/","url":"https:\/\/secure.gravatar.com\/avatar\/c4ca25fa72cace7a696b52ff5db9e095?s=96&d=mm&r=g","contentUrl":"https:\/\/secure.gravatar.com\/avatar\/c4ca25fa72cace7a696b52ff5db9e095?s=96&d=mm&r=g","caption":"hudo"},"url":"https:\/\/hudo.com\/si\/author\/hudo\/"}]}},"amp_enabled":true,"_links":{"self":[{"href":"https:\/\/hudo.com\/si\/wp-json\/wp\/v2\/posts\/96228"}],"collection":[{"href":"https:\/\/hudo.com\/si\/wp-json\/wp\/v2\/posts"}],"about":[{"href":"https:\/\/hudo.com\/si\/wp-json\/wp\/v2\/types\/post"}],"author":[{"embeddable":true,"href":"https:\/\/hudo.com\/si\/wp-json\/wp\/v2\/users\/1"}],"replies":[{"embeddable":true,"href":"https:\/\/hudo.com\/si\/wp-json\/wp\/v2\/comments?post=96228"}],"version-history":[{"count":0,"href":"https:\/\/hudo.com\/si\/wp-json\/wp\/v2\/posts\/96228\/revisions"}],"wp:attachment":[{"href":"https:\/\/hudo.com\/si\/wp-json\/wp\/v2\/media?parent=96228"}],"wp:term":[{"taxonomy":"category","embeddable":true,"href":"https:\/\/hudo.com\/si\/wp-json\/wp\/v2\/categories?post=96228"},{"taxonomy":"post_tag","embeddable":true,"href":"https:\/\/hudo.com\/si\/wp-json\/wp\/v2\/tags?post=96228"},{"taxonomy":"source","embeddable":true,"href":"https:\/\/hudo.com\/si\/wp-json\/wp\/v2\/source?post=96228"},{"taxonomy":"supertag","embeddable":true,"href":"https:\/\/hudo.com\/si\/wp-json\/wp\/v2\/supertag?post=96228"}],"curies":[{"name":"wp","href":"https:\/\/api.w.org\/{rel}","templated":true}]}}