{"id":96236,"date":"2016-07-16T15:30:00","date_gmt":"2016-07-16T13:30:00","guid":{"rendered":"http:\/\/hudo.com\/si\/2016\/07\/16\/marquez-bo-dirko-za-vn-nemcije-zacel-s-prvega-mesta\/"},"modified":"2016-07-17T20:31:37","modified_gmt":"2016-07-17T18:31:37","slug":"marquez-bo-dirko-za-vn-nemcije-zacel-s-prvega-mesta","status":"publish","type":"post","link":"https:\/\/hudo.com\/si\/aktualno\/marquez-bo-dirko-za-vn-nemcije-zacel-s-prvega-mesta\/","title":{"rendered":"Marquez bo dirko za VN Nem\u010dije za\u010del s prvega mesta"},"content":{"rendered":"<p>\u0160panec Marc Marquez (Honda) bo nedeljsko motociklisti\u010dno dirko svetovnega prvenstva za VN Nem\u010dije na Sachsenringu za\u010del s prvega startnega mesta. V elitnem razredu motoGP mu bosta dru\u017ebo v prvi vrsti delala \u0161e rojak Hector Barbera (Ducati) in Italijan Valentino Rossi (Yamaha).  Vodilni v skupnem se\u0161tevku Marquez, ki na tem prizori\u0161\u010du \u017ee \u0161est let ne pozna poraza, ni imel te\u017eav v kvalifikacijah v Nem\u010diji, precej ve\u010d pa njegov najbli\u017eji zasledovalec, rojak Jorge Lorenzo (Yamaha).  Svetovni prvak je po slabem treningu v petek, ko je bil le 16., ter po dveh padcih pristal na skromnem 11. mestu, kar je njegova najslab\u0161a kvalifikacijska uvrstitev v zadnjih treh letih.  Iz druge vrste bodo v motoGP za\u010deli Italijan Danilo Petrucci (Ducati) ter \u0160panca Pol Espargaro (Yamaha) in Maverick Vinales (Suzuki). Od sedmega do devetega mesta pa so se v kvalifikacijah zvrstili Italijan Andrea Dovizioso (Ducati), \u0160panec Aleix Espargaro (Suzuki) in Italijan Andrea Ianonne (Ducati).  V SP ima vodilni Marquez 145 to\u010dk, drugi Lorenzo 121, tretji je Rossi s 103.  V \u0161ibkej\u0161ih razredih moto2 in moto3 so bili v kvalifikacijah najbolj\u0161i Japonec Taakaaki Nakagami, Francoz Johann Zarco in \u0160panec Alex Rins ter Italijana Enea Bastianini in Andrea Locatelli in \u0160panec Aron Canet.\u0160port<\/p>\n","protected":false},"excerpt":{"rendered":"<p>\u0160panec Marc Marquez (Honda) bo nedeljsko motociklisti\u010dno dirko svetovnega prvenstva za VN Nem\u010dije na Sachsenringu za\u010del s prvega startnega mesta. V elitnem razredu motoGP mu bosta dru\u017ebo v prvi vrsti delala \u0161e rojak Hector Barbera (Ducati) in Italijan Valentino Rossi (Yamaha).  Vodilni v skupnem se\u0161tevku Marquez, ki na tem prizori\u0161\u010du \u017ee \u0161est let ne pozna poraza, ni imel te\u017eav v kvalifikacijah v Nem\u010diji, precej ve\u010d pa njegov najbli\u017eji zasledovalec, rojak Jorge Lorenzo (Yamaha).  Svetovni prvak je po slabem treningu v petek, ko je bil le 16., ter po dveh padcih pristal na skromnem 11. mestu, kar je njegova najslab\u0161a kvalifikacijska uvrstitev v zadnjih treh letih.  Iz druge vrste bodo v motoGP za\u010deli Italijan Danilo Petrucci (Ducati) ter \u0160panca Pol Espargaro (Yamaha) in Maverick Vinales (Suzuki). Od sedmega do devetega mesta pa so se v kvalifikacijah zvrstili Italijan Andrea Dovizioso (Ducati), \u0160panec Aleix Espargaro (Suzuki) in Italijan Andrea Ianonne (Ducati).  V SP ima vodilni Marquez 145 to\u010dk, drugi Lorenzo 121, tretji je Rossi s 103.  V \u0161ibkej\u0161ih razredih moto2 in moto3 so bili v kvalifikacijah najbolj\u0161i Japonec Taakaaki Nakagami, Francoz Johann Zarco in \u0160panec Alex Rins ter Italijana Enea Bastianini in Andrea Locatelli in \u0160panec Aron Canet.\u0160port<\/p>\n","protected":false},"author":1,"featured_media":0,"comment_status":"closed","ping_status":"closed","sticky":false,"template":"","format":"standard","meta":{"footnotes":""},"categories":[1179],"tags":[],"source":[1711],"supertag":[],"acf":[],"yoast_head":"<!-- This site is optimized with the Yoast SEO plugin v21.3 - https:\/\/yoast.com\/wordpress\/plugins\/seo\/ -->\n<title>Marquez bo dirko za VN Nem\u010dije za\u010del s prvega mesta - Hudo Slovenija<\/title>\n<meta name=\"robots\" content=\"index, follow, max-snippet:-1, max-image-preview:large, max-video-preview:-1\" \/>\n<link rel=\"canonical\" href=\"https:\/\/hudo.com\/si\/aktualno\/marquez-bo-dirko-za-vn-nemcije-zacel-s-prvega-mesta\/\" \/>\n<meta property=\"og:locale\" content=\"sl_SI\" \/>\n<meta property=\"og:type\" content=\"article\" \/>\n<meta property=\"og:title\" content=\"Marquez bo dirko za VN Nem\u010dije za\u010del s prvega mesta - Hudo Slovenija\" \/>\n<meta property=\"og:description\" content=\"\u0160panec Marc Marquez (Honda) bo nedeljsko motociklisti\u010dno dirko svetovnega prvenstva za VN Nem\u010dije na Sachsenringu za\u010del s prvega startnega mesta. V elitnem razredu motoGP mu bosta dru\u017ebo v prvi vrsti delala \u0161e rojak Hector Barbera (Ducati) in Italijan Valentino Rossi (Yamaha). Vodilni v skupnem se\u0161tevku Marquez, ki na tem prizori\u0161\u010du \u017ee \u0161est let ne pozna poraza, ni imel te\u017eav v kvalifikacijah v Nem\u010diji, precej ve\u010d pa njegov najbli\u017eji zasledovalec, rojak Jorge Lorenzo (Yamaha). Svetovni prvak je po slabem treningu v petek, ko je bil le 16., ter po dveh padcih pristal na skromnem 11. mestu, kar je njegova najslab\u0161a kvalifikacijska uvrstitev v zadnjih treh letih. Iz druge vrste bodo v motoGP za\u010deli Italijan Danilo Petrucci (Ducati) ter \u0160panca Pol Espargaro (Yamaha) in Maverick Vinales (Suzuki). Od sedmega do devetega mesta pa so se v kvalifikacijah zvrstili Italijan Andrea Dovizioso (Ducati), \u0160panec Aleix Espargaro (Suzuki) in Italijan Andrea Ianonne (Ducati). V SP ima vodilni Marquez 145 to\u010dk, drugi Lorenzo 121, tretji je Rossi s 103. V \u0161ibkej\u0161ih razredih moto2 in moto3 so bili v kvalifikacijah najbolj\u0161i Japonec Taakaaki Nakagami, Francoz Johann Zarco in \u0160panec Alex Rins ter Italijana Enea Bastianini in Andrea Locatelli in \u0160panec Aron Canet.\u0160port\" \/>\n<meta property=\"og:url\" content=\"https:\/\/hudo.com\/si\/aktualno\/marquez-bo-dirko-za-vn-nemcije-zacel-s-prvega-mesta\/\" \/>\n<meta property=\"og:site_name\" content=\"Hudo Slovenija\" \/>\n<meta property=\"article:publisher\" content=\"https:\/\/www.facebook.com\/hudo.si\" \/>\n<meta property=\"article:published_time\" content=\"2016-07-16T13:30:00+00:00\" \/>\n<meta property=\"article:modified_time\" content=\"2016-07-17T18:31:37+00:00\" \/>\n<meta property=\"og:image\" content=\"https:\/\/hudo.com\/si\/wp-content\/uploads\/sites\/2\/2016\/07\/05427951-300.jpg\" \/>\n\t<meta property=\"og:image:width\" content=\"450\" \/>\n\t<meta property=\"og:image:height\" content=\"244\" \/>\n\t<meta property=\"og:image:type\" content=\"image\/jpeg\" \/>\n<meta name=\"author\" content=\"hudo\" \/>\n<meta name=\"twitter:card\" content=\"summary_large_image\" \/>\n<meta name=\"twitter:creator\" content=\"@hudo_si\" \/>\n<meta name=\"twitter:site\" content=\"@hudo_si\" \/>\n<meta name=\"twitter:label1\" content=\"Written by\" \/>\n\t<meta name=\"twitter:data1\" content=\"hudo\" \/>\n\t<meta name=\"twitter:label2\" content=\"Est. reading time\" \/>\n\t<meta name=\"twitter:data2\" content=\"1 minuta\" \/>\n<script type=\"application\/ld+json\" class=\"yoast-schema-graph\">{\"@context\":\"https:\/\/schema.org\",\"@graph\":[{\"@type\":\"Article\",\"@id\":\"https:\/\/hudo.com\/si\/aktualno\/marquez-bo-dirko-za-vn-nemcije-zacel-s-prvega-mesta\/#article\",\"isPartOf\":{\"@id\":\"https:\/\/hudo.com\/si\/aktualno\/marquez-bo-dirko-za-vn-nemcije-zacel-s-prvega-mesta\/\"},\"author\":{\"name\":\"hudo\",\"@id\":\"https:\/\/hudo.com\/si\/#\/schema\/person\/601cf3379633985b20f7e50f2bb47707\"},\"headline\":\"Marquez bo dirko za VN Nem\u010dije za\u010del s prvega mesta\",\"datePublished\":\"2016-07-16T13:30:00+00:00\",\"dateModified\":\"2016-07-17T18:31:37+00:00\",\"mainEntityOfPage\":{\"@id\":\"https:\/\/hudo.com\/si\/aktualno\/marquez-bo-dirko-za-vn-nemcije-zacel-s-prvega-mesta\/\"},\"wordCount\":218,\"publisher\":{\"@id\":\"https:\/\/hudo.com\/si\/#organization\"},\"articleSection\":[\"Aktualno\"],\"inLanguage\":\"sl-SI\"},{\"@type\":\"WebPage\",\"@id\":\"https:\/\/hudo.com\/si\/aktualno\/marquez-bo-dirko-za-vn-nemcije-zacel-s-prvega-mesta\/\",\"url\":\"https:\/\/hudo.com\/si\/aktualno\/marquez-bo-dirko-za-vn-nemcije-zacel-s-prvega-mesta\/\",\"name\":\"Marquez bo dirko za VN Nem\u010dije za\u010del s prvega mesta - Hudo Slovenija\",\"isPartOf\":{\"@id\":\"https:\/\/hudo.com\/si\/#website\"},\"datePublished\":\"2016-07-16T13:30:00+00:00\",\"dateModified\":\"2016-07-17T18:31:37+00:00\",\"breadcrumb\":{\"@id\":\"https:\/\/hudo.com\/si\/aktualno\/marquez-bo-dirko-za-vn-nemcije-zacel-s-prvega-mesta\/#breadcrumb\"},\"inLanguage\":\"sl-SI\",\"potentialAction\":[{\"@type\":\"ReadAction\",\"target\":[\"https:\/\/hudo.com\/si\/aktualno\/marquez-bo-dirko-za-vn-nemcije-zacel-s-prvega-mesta\/\"]}]},{\"@type\":\"BreadcrumbList\",\"@id\":\"https:\/\/hudo.com\/si\/aktualno\/marquez-bo-dirko-za-vn-nemcije-zacel-s-prvega-mesta\/#breadcrumb\",\"itemListElement\":[{\"@type\":\"ListItem\",\"position\":1,\"name\":\"Home\",\"item\":\"https:\/\/hudo.com\/si\/\"},{\"@type\":\"ListItem\",\"position\":2,\"name\":\"Marquez bo dirko za VN Nem\u010dije za\u010del s prvega mesta\"}]},{\"@type\":\"WebSite\",\"@id\":\"https:\/\/hudo.com\/si\/#website\",\"url\":\"https:\/\/hudo.com\/si\/\",\"name\":\"Hudo Slovenija\",\"description\":\"Vse novice iz Slovenije in sveta\",\"publisher\":{\"@id\":\"https:\/\/hudo.com\/si\/#organization\"},\"potentialAction\":[{\"@type\":\"SearchAction\",\"target\":{\"@type\":\"EntryPoint\",\"urlTemplate\":\"https:\/\/hudo.com\/si\/?s={search_term_string}\"},\"query-input\":\"required name=search_term_string\"}],\"inLanguage\":\"sl-SI\"},{\"@type\":\"Organization\",\"@id\":\"https:\/\/hudo.com\/si\/#organization\",\"name\":\"VSN Media\",\"url\":\"https:\/\/hudo.com\/si\/\",\"logo\":{\"@type\":\"ImageObject\",\"inLanguage\":\"sl-SI\",\"@id\":\"https:\/\/hudo.com\/si\/#\/schema\/logo\/image\/\",\"url\":\"https:\/\/hudo.com\/si\/wp-content\/uploads\/sites\/2\/2021\/03\/hudo-app-2.png\",\"contentUrl\":\"https:\/\/hudo.com\/si\/wp-content\/uploads\/sites\/2\/2021\/03\/hudo-app-2.png\",\"width\":2185,\"height\":2167,\"caption\":\"VSN Media\"},\"image\":{\"@id\":\"https:\/\/hudo.com\/si\/#\/schema\/logo\/image\/\"},\"sameAs\":[\"https:\/\/www.facebook.com\/hudo.si\",\"https:\/\/twitter.com\/hudo_si\"]},{\"@type\":\"Person\",\"@id\":\"https:\/\/hudo.com\/si\/#\/schema\/person\/601cf3379633985b20f7e50f2bb47707\",\"name\":\"hudo\",\"image\":{\"@type\":\"ImageObject\",\"inLanguage\":\"sl-SI\",\"@id\":\"https:\/\/hudo.com\/si\/#\/schema\/person\/image\/\",\"url\":\"https:\/\/secure.gravatar.com\/avatar\/c4ca25fa72cace7a696b52ff5db9e095?s=96&d=mm&r=g\",\"contentUrl\":\"https:\/\/secure.gravatar.com\/avatar\/c4ca25fa72cace7a696b52ff5db9e095?s=96&d=mm&r=g\",\"caption\":\"hudo\"},\"url\":\"https:\/\/hudo.com\/si\/author\/hudo\/\"}]}<\/script>\n<!-- \/ Yoast SEO plugin. -->","yoast_head_json":{"title":"Marquez bo dirko za VN Nem\u010dije za\u010del s prvega mesta - Hudo Slovenija","robots":{"index":"index","follow":"follow","max-snippet":"max-snippet:-1","max-image-preview":"max-image-preview:large","max-video-preview":"max-video-preview:-1"},"canonical":"https:\/\/hudo.com\/si\/aktualno\/marquez-bo-dirko-za-vn-nemcije-zacel-s-prvega-mesta\/","og_locale":"sl_SI","og_type":"article","og_title":"Marquez bo dirko za VN Nem\u010dije za\u010del s prvega mesta - Hudo Slovenija","og_description":"\u0160panec Marc Marquez (Honda) bo nedeljsko motociklisti\u010dno dirko svetovnega prvenstva za VN Nem\u010dije na Sachsenringu za\u010del s prvega startnega mesta. V elitnem razredu motoGP mu bosta dru\u017ebo v prvi vrsti delala \u0161e rojak Hector Barbera (Ducati) in Italijan Valentino Rossi (Yamaha). Vodilni v skupnem se\u0161tevku Marquez, ki na tem prizori\u0161\u010du \u017ee \u0161est let ne pozna poraza, ni imel te\u017eav v kvalifikacijah v Nem\u010diji, precej ve\u010d pa njegov najbli\u017eji zasledovalec, rojak Jorge Lorenzo (Yamaha). Svetovni prvak je po slabem treningu v petek, ko je bil le 16., ter po dveh padcih pristal na skromnem 11. mestu, kar je njegova najslab\u0161a kvalifikacijska uvrstitev v zadnjih treh letih. Iz druge vrste bodo v motoGP za\u010deli Italijan Danilo Petrucci (Ducati) ter \u0160panca Pol Espargaro (Yamaha) in Maverick Vinales (Suzuki). Od sedmega do devetega mesta pa so se v kvalifikacijah zvrstili Italijan Andrea Dovizioso (Ducati), \u0160panec Aleix Espargaro (Suzuki) in Italijan Andrea Ianonne (Ducati). V SP ima vodilni Marquez 145 to\u010dk, drugi Lorenzo 121, tretji je Rossi s 103. V \u0161ibkej\u0161ih razredih moto2 in moto3 so bili v kvalifikacijah najbolj\u0161i Japonec Taakaaki Nakagami, Francoz Johann Zarco in \u0160panec Alex Rins ter Italijana Enea Bastianini in Andrea Locatelli in \u0160panec Aron Canet.\u0160port","og_url":"https:\/\/hudo.com\/si\/aktualno\/marquez-bo-dirko-za-vn-nemcije-zacel-s-prvega-mesta\/","og_site_name":"Hudo Slovenija","article_publisher":"https:\/\/www.facebook.com\/hudo.si","article_published_time":"2016-07-16T13:30:00+00:00","article_modified_time":"2016-07-17T18:31:37+00:00","og_image":[{"width":450,"height":244,"url":"https:\/\/hudo.com\/si\/wp-content\/uploads\/sites\/2\/2016\/07\/05427951-300.jpg","type":"image\/jpeg"}],"author":"hudo","twitter_card":"summary_large_image","twitter_creator":"@hudo_si","twitter_site":"@hudo_si","twitter_misc":{"Written by":"hudo","Est. reading time":"1 minuta"},"schema":{"@context":"https:\/\/schema.org","@graph":[{"@type":"Article","@id":"https:\/\/hudo.com\/si\/aktualno\/marquez-bo-dirko-za-vn-nemcije-zacel-s-prvega-mesta\/#article","isPartOf":{"@id":"https:\/\/hudo.com\/si\/aktualno\/marquez-bo-dirko-za-vn-nemcije-zacel-s-prvega-mesta\/"},"author":{"name":"hudo","@id":"https:\/\/hudo.com\/si\/#\/schema\/person\/601cf3379633985b20f7e50f2bb47707"},"headline":"Marquez bo dirko za VN Nem\u010dije za\u010del s prvega mesta","datePublished":"2016-07-16T13:30:00+00:00","dateModified":"2016-07-17T18:31:37+00:00","mainEntityOfPage":{"@id":"https:\/\/hudo.com\/si\/aktualno\/marquez-bo-dirko-za-vn-nemcije-zacel-s-prvega-mesta\/"},"wordCount":218,"publisher":{"@id":"https:\/\/hudo.com\/si\/#organization"},"articleSection":["Aktualno"],"inLanguage":"sl-SI"},{"@type":"WebPage","@id":"https:\/\/hudo.com\/si\/aktualno\/marquez-bo-dirko-za-vn-nemcije-zacel-s-prvega-mesta\/","url":"https:\/\/hudo.com\/si\/aktualno\/marquez-bo-dirko-za-vn-nemcije-zacel-s-prvega-mesta\/","name":"Marquez bo dirko za VN Nem\u010dije za\u010del s prvega mesta - Hudo Slovenija","isPartOf":{"@id":"https:\/\/hudo.com\/si\/#website"},"datePublished":"2016-07-16T13:30:00+00:00","dateModified":"2016-07-17T18:31:37+00:00","breadcrumb":{"@id":"https:\/\/hudo.com\/si\/aktualno\/marquez-bo-dirko-za-vn-nemcije-zacel-s-prvega-mesta\/#breadcrumb"},"inLanguage":"sl-SI","potentialAction":[{"@type":"ReadAction","target":["https:\/\/hudo.com\/si\/aktualno\/marquez-bo-dirko-za-vn-nemcije-zacel-s-prvega-mesta\/"]}]},{"@type":"BreadcrumbList","@id":"https:\/\/hudo.com\/si\/aktualno\/marquez-bo-dirko-za-vn-nemcije-zacel-s-prvega-mesta\/#breadcrumb","itemListElement":[{"@type":"ListItem","position":1,"name":"Home","item":"https:\/\/hudo.com\/si\/"},{"@type":"ListItem","position":2,"name":"Marquez bo dirko za VN Nem\u010dije za\u010del s prvega mesta"}]},{"@type":"WebSite","@id":"https:\/\/hudo.com\/si\/#website","url":"https:\/\/hudo.com\/si\/","name":"Hudo Slovenija","description":"Vse novice iz Slovenije in sveta","publisher":{"@id":"https:\/\/hudo.com\/si\/#organization"},"potentialAction":[{"@type":"SearchAction","target":{"@type":"EntryPoint","urlTemplate":"https:\/\/hudo.com\/si\/?s={search_term_string}"},"query-input":"required name=search_term_string"}],"inLanguage":"sl-SI"},{"@type":"Organization","@id":"https:\/\/hudo.com\/si\/#organization","name":"VSN Media","url":"https:\/\/hudo.com\/si\/","logo":{"@type":"ImageObject","inLanguage":"sl-SI","@id":"https:\/\/hudo.com\/si\/#\/schema\/logo\/image\/","url":"https:\/\/hudo.com\/si\/wp-content\/uploads\/sites\/2\/2021\/03\/hudo-app-2.png","contentUrl":"https:\/\/hudo.com\/si\/wp-content\/uploads\/sites\/2\/2021\/03\/hudo-app-2.png","width":2185,"height":2167,"caption":"VSN Media"},"image":{"@id":"https:\/\/hudo.com\/si\/#\/schema\/logo\/image\/"},"sameAs":["https:\/\/www.facebook.com\/hudo.si","https:\/\/twitter.com\/hudo_si"]},{"@type":"Person","@id":"https:\/\/hudo.com\/si\/#\/schema\/person\/601cf3379633985b20f7e50f2bb47707","name":"hudo","image":{"@type":"ImageObject","inLanguage":"sl-SI","@id":"https:\/\/hudo.com\/si\/#\/schema\/person\/image\/","url":"https:\/\/secure.gravatar.com\/avatar\/c4ca25fa72cace7a696b52ff5db9e095?s=96&d=mm&r=g","contentUrl":"https:\/\/secure.gravatar.com\/avatar\/c4ca25fa72cace7a696b52ff5db9e095?s=96&d=mm&r=g","caption":"hudo"},"url":"https:\/\/hudo.com\/si\/author\/hudo\/"}]}},"amp_enabled":true,"_links":{"self":[{"href":"https:\/\/hudo.com\/si\/wp-json\/wp\/v2\/posts\/96236"}],"collection":[{"href":"https:\/\/hudo.com\/si\/wp-json\/wp\/v2\/posts"}],"about":[{"href":"https:\/\/hudo.com\/si\/wp-json\/wp\/v2\/types\/post"}],"author":[{"embeddable":true,"href":"https:\/\/hudo.com\/si\/wp-json\/wp\/v2\/users\/1"}],"replies":[{"embeddable":true,"href":"https:\/\/hudo.com\/si\/wp-json\/wp\/v2\/comments?post=96236"}],"version-history":[{"count":1,"href":"https:\/\/hudo.com\/si\/wp-json\/wp\/v2\/posts\/96236\/revisions"}],"predecessor-version":[{"id":96352,"href":"https:\/\/hudo.com\/si\/wp-json\/wp\/v2\/posts\/96236\/revisions\/96352"}],"wp:attachment":[{"href":"https:\/\/hudo.com\/si\/wp-json\/wp\/v2\/media?parent=96236"}],"wp:term":[{"taxonomy":"category","embeddable":true,"href":"https:\/\/hudo.com\/si\/wp-json\/wp\/v2\/categories?post=96236"},{"taxonomy":"post_tag","embeddable":true,"href":"https:\/\/hudo.com\/si\/wp-json\/wp\/v2\/tags?post=96236"},{"taxonomy":"source","embeddable":true,"href":"https:\/\/hudo.com\/si\/wp-json\/wp\/v2\/source?post=96236"},{"taxonomy":"supertag","embeddable":true,"href":"https:\/\/hudo.com\/si\/wp-json\/wp\/v2\/supertag?post=96236"}],"curies":[{"name":"wp","href":"https:\/\/api.w.org\/{rel}","templated":true}]}}