{"id":96250,"date":"2016-07-16T15:00:00","date_gmt":"2016-07-16T13:00:00","guid":{"rendered":"http:\/\/hudo.com\/si\/2016\/07\/16\/ohraniti-realen-in-trezen-pogled-na-turcijo\/"},"modified":"2016-07-17T14:06:13","modified_gmt":"2016-07-17T12:06:13","slug":"ohraniti-realen-in-trezen-pogled-na-turcijo","status":"publish","type":"post","link":"https:\/\/hudo.com\/si\/aktualno\/ohraniti-realen-in-trezen-pogled-na-turcijo\/","title":{"rendered":"Ohraniti realen in trezen pogled na Tur\u010dijo"},"content":{"rendered":"<p>Gospod Jazbec, menite, da je bil poskus udara povezan z vse ve\u010djo islamizacijo tur\u0161ke dru\u017ebe? Da je del vojske reagiral kot branik sekularne dr\u017eave? Kar se je sino\u010di zgodilo, po moji oceni ni tipi\u010den poskus dr\u017eavnega udara. Vojska kot dr\u017eavna institucija po mojem s tem nima ni\u010d. Bilo bi preve\u010d enostavno sklepanje. Glede na to, kako hitro je bil ta poskus udara zatrt, ka\u017ee na to, da je \u0161lo za majhno skupino znotraj vojske. Zato mislim, da tega ni bilo mogo\u010de pri\u010dakovati. Presenetljivo pa je, da je ta skupina to lahko izpeljala samovoljno, ne da bi bil na to voja\u0161ki vrh pripravljen oziroma da bi to zaznal. Vendar to spet ni tak\u0161no presene\u010denje, ki bi lahko zamajalo tak\u0161no dr\u017eavo. Vpra\u0161anje, ki se na tej to\u010dki odpira, je, kaj lahko nihaj tega dogajanj povzro\u010di na drugi strani. Kak\u0161na bo reakcija oblasti, civilne dru\u017ebe, mednarodne javnosti, sose\u0161\u010dine, morda tudi Asadovega re\u017eima, za katerega tur\u0161ka politika ves \u010das vztraja, da se mora umakniti \u2026 To so vpra\u0161anja, ki pretresajo Tur\u010dijo, okolico in vplivajo na Evropo. Kaj torej pomenijo no\u010dni dogodki in razplet za EU, ki i\u0161\u010de v Tur\u010diji partnerja pri re\u0161evanju posameznih vpra\u0161anj? Najpomembnej\u0161e je nedvomno begunska kriza, ki je za Evropo nere\u0161ljiva brez partnerstva s Tur\u010dijo. Natanko tako. V tej lu\u010di se vnovi\u010d ka\u017ee tehtnost dogovora s Tur\u010dijo v zvezi begunsko krizo. V minulih mesecih se je ta dogovor izkazal za u\u010dinkovitega v praksi. V tem smislu je toliko bolj pomembno, da gresta EU in Tur\u010dija naprej, da sodelujeta pri tem vpra\u0161anju in tudi pri ostalih vpra\u0161anjih v odnosu EU-Tur\u010dija. \u0160e veliko vpra\u0161anj je namre\u010d odprtih, nenazadnje tudi vizumsko vpra\u0161anje. Tur\u0161ka vlada \u0161e ni izpolnila vseh pogojev za re\u0161evanje tega, toda jasno je, da je to pot, po kateri je treba v odnosu nadaljevati. Druge poti ni. Tur\u010dija je demokrati\u010dna dr\u017eava, v njej vlada demokrati\u010dni re\u017eim. Ta vlada je bila izvoljena na demokrati\u010dnih volitvah, brez pripomb in dvomov v demokrati\u010dnost volitev. Pri je seveda treba upo\u0161tevati priporo\u010dila EU in komentar<\/p>\n","protected":false},"excerpt":{"rendered":"<p>Gospod Jazbec, menite, da je bil poskus udara povezan z vse ve\u010djo islamizacijo tur\u0161ke dru\u017ebe? Da je del vojske reagiral kot branik sekularne dr\u017eave? Kar se je sino\u010di zgodilo, po moji oceni ni tipi\u010den poskus dr\u017eavnega udara. Vojska kot dr\u017eavna institucija po mojem s tem nima ni\u010d. Bilo bi preve\u010d enostavno sklepanje. Glede na to, kako hitro je bil ta poskus udara zatrt, ka\u017ee na to, da je \u0161lo za majhno skupino znotraj vojske. Zato mislim, da tega ni bilo mogo\u010de pri\u010dakovati. Presenetljivo pa je, da je ta skupina to lahko izpeljala samovoljno, ne da bi bil na to voja\u0161ki vrh pripravljen oziroma da bi to zaznal. Vendar to spet ni tak\u0161no presene\u010denje, ki bi lahko zamajalo tak\u0161no dr\u017eavo. Vpra\u0161anje, ki se na tej to\u010dki odpira, je, kaj lahko nihaj tega dogajanj povzro\u010di na drugi strani. Kak\u0161na bo reakcija oblasti, civilne dru\u017ebe, mednarodne javnosti, sose\u0161\u010dine, morda tudi Asadovega re\u017eima, za katerega tur\u0161ka politika ves \u010das vztraja, da se mora umakniti \u2026 To so vpra\u0161anja, ki pretresajo Tur\u010dijo, okolico in vplivajo na Evropo. Kaj torej pomenijo no\u010dni dogodki in razplet za EU, ki i\u0161\u010de v Tur\u010diji partnerja pri re\u0161evanju posameznih vpra\u0161anj? Najpomembnej\u0161e je nedvomno begunska kriza, ki je za Evropo nere\u0161ljiva brez partnerstva s Tur\u010dijo. Natanko tako. V tej lu\u010di se vnovi\u010d ka\u017ee tehtnost dogovora s Tur\u010dijo v zvezi begunsko krizo. V minulih mesecih se je ta dogovor izkazal za u\u010dinkovitega v praksi. V tem smislu je toliko bolj pomembno, da gresta EU in Tur\u010dija naprej, da sodelujeta pri tem vpra\u0161anju in tudi pri ostalih vpra\u0161anjih v odnosu EU-Tur\u010dija. \u0160e veliko vpra\u0161anj je namre\u010d odprtih, nenazadnje tudi vizumsko vpra\u0161anje. Tur\u0161ka vlada \u0161e ni izpolnila vseh pogojev za re\u0161evanje tega, toda jasno je, da je to pot, po kateri je treba v odnosu nadaljevati. Druge poti ni. Tur\u010dija je demokrati\u010dna dr\u017eava, v njej vlada demokrati\u010dni re\u017eim. Ta vlada je bila izvoljena na demokrati\u010dnih volitvah, brez pripomb in dvomov v demokrati\u010dnost volitev. Pri je seveda treba upo\u0161tevati priporo\u010dila EU in komentar<\/p>\n","protected":false},"author":1,"featured_media":0,"comment_status":"closed","ping_status":"closed","sticky":false,"template":"","format":"standard","meta":{"footnotes":""},"categories":[1179],"tags":[],"source":[1711],"supertag":[],"acf":[],"yoast_head":"<!-- This site is optimized with the Yoast SEO plugin v21.3 - https:\/\/yoast.com\/wordpress\/plugins\/seo\/ -->\n<title>Ohraniti realen in trezen pogled na Tur\u010dijo - Hudo Slovenija<\/title>\n<meta name=\"robots\" content=\"index, follow, max-snippet:-1, max-image-preview:large, max-video-preview:-1\" \/>\n<link rel=\"canonical\" href=\"https:\/\/hudo.com\/si\/aktualno\/ohraniti-realen-in-trezen-pogled-na-turcijo\/\" \/>\n<meta property=\"og:locale\" content=\"sl_SI\" \/>\n<meta property=\"og:type\" content=\"article\" \/>\n<meta property=\"og:title\" content=\"Ohraniti realen in trezen pogled na Tur\u010dijo - Hudo Slovenija\" \/>\n<meta property=\"og:description\" content=\"Gospod Jazbec, menite, da je bil poskus udara povezan z vse ve\u010djo islamizacijo tur\u0161ke dru\u017ebe? Da je del vojske reagiral kot branik sekularne dr\u017eave? Kar se je sino\u010di zgodilo, po moji oceni ni tipi\u010den poskus dr\u017eavnega udara. Vojska kot dr\u017eavna institucija po mojem s tem nima ni\u010d. Bilo bi preve\u010d enostavno sklepanje. Glede na to, kako hitro je bil ta poskus udara zatrt, ka\u017ee na to, da je \u0161lo za majhno skupino znotraj vojske. Zato mislim, da tega ni bilo mogo\u010de pri\u010dakovati. Presenetljivo pa je, da je ta skupina to lahko izpeljala samovoljno, ne da bi bil na to voja\u0161ki vrh pripravljen oziroma da bi to zaznal. Vendar to spet ni tak\u0161no presene\u010denje, ki bi lahko zamajalo tak\u0161no dr\u017eavo. Vpra\u0161anje, ki se na tej to\u010dki odpira, je, kaj lahko nihaj tega dogajanj povzro\u010di na drugi strani. Kak\u0161na bo reakcija oblasti, civilne dru\u017ebe, mednarodne javnosti, sose\u0161\u010dine, morda tudi Asadovega re\u017eima, za katerega tur\u0161ka politika ves \u010das vztraja, da se mora umakniti \u2026 To so vpra\u0161anja, ki pretresajo Tur\u010dijo, okolico in vplivajo na Evropo. Kaj torej pomenijo no\u010dni dogodki in razplet za EU, ki i\u0161\u010de v Tur\u010diji partnerja pri re\u0161evanju posameznih vpra\u0161anj? Najpomembnej\u0161e je nedvomno begunska kriza, ki je za Evropo nere\u0161ljiva brez partnerstva s Tur\u010dijo. Natanko tako. V tej lu\u010di se vnovi\u010d ka\u017ee tehtnost dogovora s Tur\u010dijo v zvezi begunsko krizo. V minulih mesecih se je ta dogovor izkazal za u\u010dinkovitega v praksi. V tem smislu je toliko bolj pomembno, da gresta EU in Tur\u010dija naprej, da sodelujeta pri tem vpra\u0161anju in tudi pri ostalih vpra\u0161anjih v odnosu EU-Tur\u010dija. \u0160e veliko vpra\u0161anj je namre\u010d odprtih, nenazadnje tudi vizumsko vpra\u0161anje. Tur\u0161ka vlada \u0161e ni izpolnila vseh pogojev za re\u0161evanje tega, toda jasno je, da je to pot, po kateri je treba v odnosu nadaljevati. Druge poti ni. Tur\u010dija je demokrati\u010dna dr\u017eava, v njej vlada demokrati\u010dni re\u017eim. Ta vlada je bila izvoljena na demokrati\u010dnih volitvah, brez pripomb in dvomov v demokrati\u010dnost volitev. Pri je seveda treba upo\u0161tevati priporo\u010dila EU in komentar\" \/>\n<meta property=\"og:url\" content=\"https:\/\/hudo.com\/si\/aktualno\/ohraniti-realen-in-trezen-pogled-na-turcijo\/\" \/>\n<meta property=\"og:site_name\" content=\"Hudo Slovenija\" \/>\n<meta property=\"article:publisher\" content=\"https:\/\/www.facebook.com\/hudo.si\" \/>\n<meta property=\"article:published_time\" content=\"2016-07-16T13:00:00+00:00\" \/>\n<meta property=\"article:modified_time\" content=\"2016-07-17T12:06:13+00:00\" \/>\n<meta property=\"og:image\" content=\"https:\/\/hudo.com\/si\/wp-content\/uploads\/sites\/2\/2016\/07\/00640601F-300.jpg\" \/>\n\t<meta property=\"og:image:width\" content=\"450\" \/>\n\t<meta property=\"og:image:height\" content=\"675\" \/>\n\t<meta property=\"og:image:type\" content=\"image\/jpeg\" \/>\n<meta name=\"author\" content=\"hudo\" \/>\n<meta name=\"twitter:card\" content=\"summary_large_image\" \/>\n<meta name=\"twitter:creator\" content=\"@hudo_si\" \/>\n<meta name=\"twitter:site\" content=\"@hudo_si\" \/>\n<meta name=\"twitter:label1\" content=\"Written by\" \/>\n\t<meta name=\"twitter:data1\" content=\"hudo\" \/>\n\t<meta name=\"twitter:label2\" content=\"Est. reading time\" \/>\n\t<meta name=\"twitter:data2\" content=\"2 minuti\" \/>\n<script type=\"application\/ld+json\" class=\"yoast-schema-graph\">{\"@context\":\"https:\/\/schema.org\",\"@graph\":[{\"@type\":\"Article\",\"@id\":\"https:\/\/hudo.com\/si\/aktualno\/ohraniti-realen-in-trezen-pogled-na-turcijo\/#article\",\"isPartOf\":{\"@id\":\"https:\/\/hudo.com\/si\/aktualno\/ohraniti-realen-in-trezen-pogled-na-turcijo\/\"},\"author\":{\"name\":\"hudo\",\"@id\":\"https:\/\/hudo.com\/si\/#\/schema\/person\/601cf3379633985b20f7e50f2bb47707\"},\"headline\":\"Ohraniti realen in trezen pogled na Tur\u010dijo\",\"datePublished\":\"2016-07-16T13:00:00+00:00\",\"dateModified\":\"2016-07-17T12:06:13+00:00\",\"mainEntityOfPage\":{\"@id\":\"https:\/\/hudo.com\/si\/aktualno\/ohraniti-realen-in-trezen-pogled-na-turcijo\/\"},\"wordCount\":390,\"publisher\":{\"@id\":\"https:\/\/hudo.com\/si\/#organization\"},\"articleSection\":[\"Aktualno\"],\"inLanguage\":\"sl-SI\"},{\"@type\":\"WebPage\",\"@id\":\"https:\/\/hudo.com\/si\/aktualno\/ohraniti-realen-in-trezen-pogled-na-turcijo\/\",\"url\":\"https:\/\/hudo.com\/si\/aktualno\/ohraniti-realen-in-trezen-pogled-na-turcijo\/\",\"name\":\"Ohraniti realen in trezen pogled na Tur\u010dijo - Hudo Slovenija\",\"isPartOf\":{\"@id\":\"https:\/\/hudo.com\/si\/#website\"},\"datePublished\":\"2016-07-16T13:00:00+00:00\",\"dateModified\":\"2016-07-17T12:06:13+00:00\",\"breadcrumb\":{\"@id\":\"https:\/\/hudo.com\/si\/aktualno\/ohraniti-realen-in-trezen-pogled-na-turcijo\/#breadcrumb\"},\"inLanguage\":\"sl-SI\",\"potentialAction\":[{\"@type\":\"ReadAction\",\"target\":[\"https:\/\/hudo.com\/si\/aktualno\/ohraniti-realen-in-trezen-pogled-na-turcijo\/\"]}]},{\"@type\":\"BreadcrumbList\",\"@id\":\"https:\/\/hudo.com\/si\/aktualno\/ohraniti-realen-in-trezen-pogled-na-turcijo\/#breadcrumb\",\"itemListElement\":[{\"@type\":\"ListItem\",\"position\":1,\"name\":\"Home\",\"item\":\"https:\/\/hudo.com\/si\/\"},{\"@type\":\"ListItem\",\"position\":2,\"name\":\"Ohraniti realen in trezen pogled na Tur\u010dijo\"}]},{\"@type\":\"WebSite\",\"@id\":\"https:\/\/hudo.com\/si\/#website\",\"url\":\"https:\/\/hudo.com\/si\/\",\"name\":\"Hudo Slovenija\",\"description\":\"Vse novice iz Slovenije in sveta\",\"publisher\":{\"@id\":\"https:\/\/hudo.com\/si\/#organization\"},\"potentialAction\":[{\"@type\":\"SearchAction\",\"target\":{\"@type\":\"EntryPoint\",\"urlTemplate\":\"https:\/\/hudo.com\/si\/?s={search_term_string}\"},\"query-input\":\"required name=search_term_string\"}],\"inLanguage\":\"sl-SI\"},{\"@type\":\"Organization\",\"@id\":\"https:\/\/hudo.com\/si\/#organization\",\"name\":\"VSN Media\",\"url\":\"https:\/\/hudo.com\/si\/\",\"logo\":{\"@type\":\"ImageObject\",\"inLanguage\":\"sl-SI\",\"@id\":\"https:\/\/hudo.com\/si\/#\/schema\/logo\/image\/\",\"url\":\"https:\/\/hudo.com\/si\/wp-content\/uploads\/sites\/2\/2021\/03\/hudo-app-2.png\",\"contentUrl\":\"https:\/\/hudo.com\/si\/wp-content\/uploads\/sites\/2\/2021\/03\/hudo-app-2.png\",\"width\":2185,\"height\":2167,\"caption\":\"VSN Media\"},\"image\":{\"@id\":\"https:\/\/hudo.com\/si\/#\/schema\/logo\/image\/\"},\"sameAs\":[\"https:\/\/www.facebook.com\/hudo.si\",\"https:\/\/twitter.com\/hudo_si\"]},{\"@type\":\"Person\",\"@id\":\"https:\/\/hudo.com\/si\/#\/schema\/person\/601cf3379633985b20f7e50f2bb47707\",\"name\":\"hudo\",\"image\":{\"@type\":\"ImageObject\",\"inLanguage\":\"sl-SI\",\"@id\":\"https:\/\/hudo.com\/si\/#\/schema\/person\/image\/\",\"url\":\"https:\/\/secure.gravatar.com\/avatar\/c4ca25fa72cace7a696b52ff5db9e095?s=96&d=mm&r=g\",\"contentUrl\":\"https:\/\/secure.gravatar.com\/avatar\/c4ca25fa72cace7a696b52ff5db9e095?s=96&d=mm&r=g\",\"caption\":\"hudo\"},\"url\":\"https:\/\/hudo.com\/si\/author\/hudo\/\"}]}<\/script>\n<!-- \/ Yoast SEO plugin. -->","yoast_head_json":{"title":"Ohraniti realen in trezen pogled na Tur\u010dijo - Hudo Slovenija","robots":{"index":"index","follow":"follow","max-snippet":"max-snippet:-1","max-image-preview":"max-image-preview:large","max-video-preview":"max-video-preview:-1"},"canonical":"https:\/\/hudo.com\/si\/aktualno\/ohraniti-realen-in-trezen-pogled-na-turcijo\/","og_locale":"sl_SI","og_type":"article","og_title":"Ohraniti realen in trezen pogled na Tur\u010dijo - Hudo Slovenija","og_description":"Gospod Jazbec, menite, da je bil poskus udara povezan z vse ve\u010djo islamizacijo tur\u0161ke dru\u017ebe? Da je del vojske reagiral kot branik sekularne dr\u017eave? Kar se je sino\u010di zgodilo, po moji oceni ni tipi\u010den poskus dr\u017eavnega udara. Vojska kot dr\u017eavna institucija po mojem s tem nima ni\u010d. Bilo bi preve\u010d enostavno sklepanje. Glede na to, kako hitro je bil ta poskus udara zatrt, ka\u017ee na to, da je \u0161lo za majhno skupino znotraj vojske. Zato mislim, da tega ni bilo mogo\u010de pri\u010dakovati. Presenetljivo pa je, da je ta skupina to lahko izpeljala samovoljno, ne da bi bil na to voja\u0161ki vrh pripravljen oziroma da bi to zaznal. Vendar to spet ni tak\u0161no presene\u010denje, ki bi lahko zamajalo tak\u0161no dr\u017eavo. Vpra\u0161anje, ki se na tej to\u010dki odpira, je, kaj lahko nihaj tega dogajanj povzro\u010di na drugi strani. Kak\u0161na bo reakcija oblasti, civilne dru\u017ebe, mednarodne javnosti, sose\u0161\u010dine, morda tudi Asadovega re\u017eima, za katerega tur\u0161ka politika ves \u010das vztraja, da se mora umakniti \u2026 To so vpra\u0161anja, ki pretresajo Tur\u010dijo, okolico in vplivajo na Evropo. Kaj torej pomenijo no\u010dni dogodki in razplet za EU, ki i\u0161\u010de v Tur\u010diji partnerja pri re\u0161evanju posameznih vpra\u0161anj? Najpomembnej\u0161e je nedvomno begunska kriza, ki je za Evropo nere\u0161ljiva brez partnerstva s Tur\u010dijo. Natanko tako. V tej lu\u010di se vnovi\u010d ka\u017ee tehtnost dogovora s Tur\u010dijo v zvezi begunsko krizo. V minulih mesecih se je ta dogovor izkazal za u\u010dinkovitega v praksi. V tem smislu je toliko bolj pomembno, da gresta EU in Tur\u010dija naprej, da sodelujeta pri tem vpra\u0161anju in tudi pri ostalih vpra\u0161anjih v odnosu EU-Tur\u010dija. \u0160e veliko vpra\u0161anj je namre\u010d odprtih, nenazadnje tudi vizumsko vpra\u0161anje. Tur\u0161ka vlada \u0161e ni izpolnila vseh pogojev za re\u0161evanje tega, toda jasno je, da je to pot, po kateri je treba v odnosu nadaljevati. Druge poti ni. Tur\u010dija je demokrati\u010dna dr\u017eava, v njej vlada demokrati\u010dni re\u017eim. Ta vlada je bila izvoljena na demokrati\u010dnih volitvah, brez pripomb in dvomov v demokrati\u010dnost volitev. Pri je seveda treba upo\u0161tevati priporo\u010dila EU in komentar","og_url":"https:\/\/hudo.com\/si\/aktualno\/ohraniti-realen-in-trezen-pogled-na-turcijo\/","og_site_name":"Hudo Slovenija","article_publisher":"https:\/\/www.facebook.com\/hudo.si","article_published_time":"2016-07-16T13:00:00+00:00","article_modified_time":"2016-07-17T12:06:13+00:00","og_image":[{"width":450,"height":675,"url":"https:\/\/hudo.com\/si\/wp-content\/uploads\/sites\/2\/2016\/07\/00640601F-300.jpg","type":"image\/jpeg"}],"author":"hudo","twitter_card":"summary_large_image","twitter_creator":"@hudo_si","twitter_site":"@hudo_si","twitter_misc":{"Written by":"hudo","Est. reading time":"2 minuti"},"schema":{"@context":"https:\/\/schema.org","@graph":[{"@type":"Article","@id":"https:\/\/hudo.com\/si\/aktualno\/ohraniti-realen-in-trezen-pogled-na-turcijo\/#article","isPartOf":{"@id":"https:\/\/hudo.com\/si\/aktualno\/ohraniti-realen-in-trezen-pogled-na-turcijo\/"},"author":{"name":"hudo","@id":"https:\/\/hudo.com\/si\/#\/schema\/person\/601cf3379633985b20f7e50f2bb47707"},"headline":"Ohraniti realen in trezen pogled na Tur\u010dijo","datePublished":"2016-07-16T13:00:00+00:00","dateModified":"2016-07-17T12:06:13+00:00","mainEntityOfPage":{"@id":"https:\/\/hudo.com\/si\/aktualno\/ohraniti-realen-in-trezen-pogled-na-turcijo\/"},"wordCount":390,"publisher":{"@id":"https:\/\/hudo.com\/si\/#organization"},"articleSection":["Aktualno"],"inLanguage":"sl-SI"},{"@type":"WebPage","@id":"https:\/\/hudo.com\/si\/aktualno\/ohraniti-realen-in-trezen-pogled-na-turcijo\/","url":"https:\/\/hudo.com\/si\/aktualno\/ohraniti-realen-in-trezen-pogled-na-turcijo\/","name":"Ohraniti realen in trezen pogled na Tur\u010dijo - Hudo Slovenija","isPartOf":{"@id":"https:\/\/hudo.com\/si\/#website"},"datePublished":"2016-07-16T13:00:00+00:00","dateModified":"2016-07-17T12:06:13+00:00","breadcrumb":{"@id":"https:\/\/hudo.com\/si\/aktualno\/ohraniti-realen-in-trezen-pogled-na-turcijo\/#breadcrumb"},"inLanguage":"sl-SI","potentialAction":[{"@type":"ReadAction","target":["https:\/\/hudo.com\/si\/aktualno\/ohraniti-realen-in-trezen-pogled-na-turcijo\/"]}]},{"@type":"BreadcrumbList","@id":"https:\/\/hudo.com\/si\/aktualno\/ohraniti-realen-in-trezen-pogled-na-turcijo\/#breadcrumb","itemListElement":[{"@type":"ListItem","position":1,"name":"Home","item":"https:\/\/hudo.com\/si\/"},{"@type":"ListItem","position":2,"name":"Ohraniti realen in trezen pogled na Tur\u010dijo"}]},{"@type":"WebSite","@id":"https:\/\/hudo.com\/si\/#website","url":"https:\/\/hudo.com\/si\/","name":"Hudo Slovenija","description":"Vse novice iz Slovenije in sveta","publisher":{"@id":"https:\/\/hudo.com\/si\/#organization"},"potentialAction":[{"@type":"SearchAction","target":{"@type":"EntryPoint","urlTemplate":"https:\/\/hudo.com\/si\/?s={search_term_string}"},"query-input":"required name=search_term_string"}],"inLanguage":"sl-SI"},{"@type":"Organization","@id":"https:\/\/hudo.com\/si\/#organization","name":"VSN Media","url":"https:\/\/hudo.com\/si\/","logo":{"@type":"ImageObject","inLanguage":"sl-SI","@id":"https:\/\/hudo.com\/si\/#\/schema\/logo\/image\/","url":"https:\/\/hudo.com\/si\/wp-content\/uploads\/sites\/2\/2021\/03\/hudo-app-2.png","contentUrl":"https:\/\/hudo.com\/si\/wp-content\/uploads\/sites\/2\/2021\/03\/hudo-app-2.png","width":2185,"height":2167,"caption":"VSN Media"},"image":{"@id":"https:\/\/hudo.com\/si\/#\/schema\/logo\/image\/"},"sameAs":["https:\/\/www.facebook.com\/hudo.si","https:\/\/twitter.com\/hudo_si"]},{"@type":"Person","@id":"https:\/\/hudo.com\/si\/#\/schema\/person\/601cf3379633985b20f7e50f2bb47707","name":"hudo","image":{"@type":"ImageObject","inLanguage":"sl-SI","@id":"https:\/\/hudo.com\/si\/#\/schema\/person\/image\/","url":"https:\/\/secure.gravatar.com\/avatar\/c4ca25fa72cace7a696b52ff5db9e095?s=96&d=mm&r=g","contentUrl":"https:\/\/secure.gravatar.com\/avatar\/c4ca25fa72cace7a696b52ff5db9e095?s=96&d=mm&r=g","caption":"hudo"},"url":"https:\/\/hudo.com\/si\/author\/hudo\/"}]}},"amp_enabled":true,"_links":{"self":[{"href":"https:\/\/hudo.com\/si\/wp-json\/wp\/v2\/posts\/96250"}],"collection":[{"href":"https:\/\/hudo.com\/si\/wp-json\/wp\/v2\/posts"}],"about":[{"href":"https:\/\/hudo.com\/si\/wp-json\/wp\/v2\/types\/post"}],"author":[{"embeddable":true,"href":"https:\/\/hudo.com\/si\/wp-json\/wp\/v2\/users\/1"}],"replies":[{"embeddable":true,"href":"https:\/\/hudo.com\/si\/wp-json\/wp\/v2\/comments?post=96250"}],"version-history":[{"count":1,"href":"https:\/\/hudo.com\/si\/wp-json\/wp\/v2\/posts\/96250\/revisions"}],"predecessor-version":[{"id":96254,"href":"https:\/\/hudo.com\/si\/wp-json\/wp\/v2\/posts\/96250\/revisions\/96254"}],"wp:attachment":[{"href":"https:\/\/hudo.com\/si\/wp-json\/wp\/v2\/media?parent=96250"}],"wp:term":[{"taxonomy":"category","embeddable":true,"href":"https:\/\/hudo.com\/si\/wp-json\/wp\/v2\/categories?post=96250"},{"taxonomy":"post_tag","embeddable":true,"href":"https:\/\/hudo.com\/si\/wp-json\/wp\/v2\/tags?post=96250"},{"taxonomy":"source","embeddable":true,"href":"https:\/\/hudo.com\/si\/wp-json\/wp\/v2\/source?post=96250"},{"taxonomy":"supertag","embeddable":true,"href":"https:\/\/hudo.com\/si\/wp-json\/wp\/v2\/supertag?post=96250"}],"curies":[{"name":"wp","href":"https:\/\/api.w.org\/{rel}","templated":true}]}}