{"id":96259,"date":"2016-07-16T14:03:00","date_gmt":"2016-07-16T12:03:00","guid":{"rendered":"http:\/\/hudo.com\/si\/2016\/07\/16\/quintana-na-zagovoru-ker-se-je-drzal-motorja\/"},"modified":"2016-07-17T08:32:39","modified_gmt":"2016-07-17T06:32:39","slug":"quintana-na-zagovoru-ker-se-je-drzal-motorja","status":"publish","type":"post","link":"https:\/\/hudo.com\/si\/aktualno\/quintana-na-zagovoru-ker-se-je-drzal-motorja\/","title":{"rendered":"Quintana na zagovoru, ker se je dr\u017eal motorja"},"content":{"rendered":"<p>Kategorija: Kolesarstvo Sat, 16 Jul 2016 16:03:00 +0200  Ventoux &#8211; Po vsesplo\u0161ni zme\u0161anjavi v zaklju\u010dku 12. etape leto\u0161nje kolesarske dirke Po Franciji in drami, ki jo je pre\u017eivljal Chris Froome, je naposled tar\u010da kritik postal tudi Nairo Quintana, eden od glavnih favoritov za kon\u010dno zmago. V javnosti je namre\u010d zaokro\u017eil posnetek enega od navija\u010dev, iz katerega je razvidno, da se Kolumbijec dr\u017eav za motor in si tako na nedovoljen na\u010din pomagal proti cilju. Ob tem je tudi prehitel Frooma, ki je v tistem \u010dasu naokrog tekal brez kolesa. Posnetek bi zagotovo dvignil \u0161e ve\u010d prahu, \u010de ga ne bi zasen\u010dil kaoti\u010dni razplet s padcem rumene majice pred ciljem, vseeno pa je Quintana moral na zagovor, a za zdaj si kazni ni prislu\u017eil. V svoj zagovor je povedal, da se je kolesa, ki ga je preva\u017eal motor, oprijel, da bi\u00a0&#8230;<\/p>\n","protected":false},"excerpt":{"rendered":"<p>Kategorija: Kolesarstvo Sat, 16 Jul 2016 16:03:00 +0200  Ventoux &#8211; Po vsesplo\u0161ni zme\u0161anjavi v zaklju\u010dku 12. etape leto\u0161nje kolesarske dirke Po Franciji in drami, ki jo je pre\u017eivljal Chris Froome, je naposled tar\u010da kritik postal tudi Nairo Quintana, eden od glavnih favoritov za kon\u010dno zmago. V javnosti je namre\u010d zaokro\u017eil posnetek enega od navija\u010dev, iz katerega je razvidno, da se Kolumbijec dr\u017eav za motor in si tako na nedovoljen na\u010din pomagal proti cilju. Ob tem je tudi prehitel Frooma, ki je v tistem \u010dasu naokrog tekal brez kolesa. Posnetek bi zagotovo dvignil \u0161e ve\u010d prahu, \u010de ga ne bi zasen\u010dil kaoti\u010dni razplet s padcem rumene majice pred ciljem, vseeno pa je Quintana moral na zagovor, a za zdaj si kazni ni prislu\u017eil. V svoj zagovor je povedal, da se je kolesa, ki ga je preva\u017eal motor, oprijel, da bi\u00a0&#8230;<\/p>\n","protected":false},"author":1,"featured_media":0,"comment_status":"closed","ping_status":"closed","sticky":false,"template":"","format":"standard","meta":{"footnotes":""},"categories":[1179],"tags":[],"source":[4511],"supertag":[],"acf":[],"yoast_head":"<!-- This site is optimized with the Yoast SEO plugin v21.3 - https:\/\/yoast.com\/wordpress\/plugins\/seo\/ -->\n<title>Quintana na zagovoru, ker se je dr\u017eal motorja - Hudo Slovenija<\/title>\n<meta name=\"robots\" content=\"index, follow, max-snippet:-1, max-image-preview:large, max-video-preview:-1\" \/>\n<link rel=\"canonical\" href=\"https:\/\/hudo.com\/si\/aktualno\/quintana-na-zagovoru-ker-se-je-drzal-motorja\/\" \/>\n<meta property=\"og:locale\" content=\"sl_SI\" \/>\n<meta property=\"og:type\" content=\"article\" \/>\n<meta property=\"og:title\" content=\"Quintana na zagovoru, ker se je dr\u017eal motorja - Hudo Slovenija\" \/>\n<meta property=\"og:description\" content=\"Kategorija: Kolesarstvo Sat, 16 Jul 2016 16:03:00 +0200 Ventoux - Po vsesplo\u0161ni zme\u0161anjavi v zaklju\u010dku 12. etape leto\u0161nje kolesarske dirke Po Franciji in drami, ki jo je pre\u017eivljal Chris Froome, je naposled tar\u010da kritik postal tudi Nairo Quintana, eden od glavnih favoritov za kon\u010dno zmago. V javnosti je namre\u010d zaokro\u017eil posnetek enega od navija\u010dev, iz katerega je razvidno, da se Kolumbijec dr\u017eav za motor in si tako na nedovoljen na\u010din pomagal proti cilju. Ob tem je tudi prehitel Frooma, ki je v tistem \u010dasu naokrog tekal brez kolesa. Posnetek bi zagotovo dvignil \u0161e ve\u010d prahu, \u010de ga ne bi zasen\u010dil kaoti\u010dni razplet s padcem rumene majice pred ciljem, vseeno pa je Quintana moral na zagovor, a za zdaj si kazni ni prislu\u017eil. V svoj zagovor je povedal, da se je kolesa, ki ga je preva\u017eal motor, oprijel, da bi\u00a0...\" \/>\n<meta property=\"og:url\" content=\"https:\/\/hudo.com\/si\/aktualno\/quintana-na-zagovoru-ker-se-je-drzal-motorja\/\" \/>\n<meta property=\"og:site_name\" content=\"Hudo Slovenija\" \/>\n<meta property=\"article:publisher\" content=\"https:\/\/www.facebook.com\/hudo.si\" \/>\n<meta property=\"article:published_time\" content=\"2016-07-16T12:03:00+00:00\" \/>\n<meta property=\"article:modified_time\" content=\"2016-07-17T06:32:39+00:00\" \/>\n<meta property=\"og:image\" content=\"https:\/\/hudo.com\/si\/wp-content\/uploads\/sites\/2\/2016\/07\/480x290_Reuters_Pictures-20160714191637-11747900.jpeg\" \/>\n\t<meta property=\"og:image:width\" content=\"480\" \/>\n\t<meta property=\"og:image:height\" content=\"290\" \/>\n\t<meta property=\"og:image:type\" content=\"image\/jpeg\" \/>\n<meta name=\"author\" content=\"hudo\" \/>\n<meta name=\"twitter:card\" content=\"summary_large_image\" \/>\n<meta name=\"twitter:creator\" content=\"@hudo_si\" \/>\n<meta name=\"twitter:site\" content=\"@hudo_si\" \/>\n<meta name=\"twitter:label1\" content=\"Written by\" \/>\n\t<meta name=\"twitter:data1\" content=\"hudo\" \/>\n\t<meta name=\"twitter:label2\" content=\"Est. reading time\" \/>\n\t<meta name=\"twitter:data2\" content=\"1 minuta\" \/>\n<script type=\"application\/ld+json\" class=\"yoast-schema-graph\">{\"@context\":\"https:\/\/schema.org\",\"@graph\":[{\"@type\":\"Article\",\"@id\":\"https:\/\/hudo.com\/si\/aktualno\/quintana-na-zagovoru-ker-se-je-drzal-motorja\/#article\",\"isPartOf\":{\"@id\":\"https:\/\/hudo.com\/si\/aktualno\/quintana-na-zagovoru-ker-se-je-drzal-motorja\/\"},\"author\":{\"name\":\"hudo\",\"@id\":\"https:\/\/hudo.com\/si\/#\/schema\/person\/601cf3379633985b20f7e50f2bb47707\"},\"headline\":\"Quintana na zagovoru, ker se je dr\u017eal motorja\",\"datePublished\":\"2016-07-16T12:03:00+00:00\",\"dateModified\":\"2016-07-17T06:32:39+00:00\",\"mainEntityOfPage\":{\"@id\":\"https:\/\/hudo.com\/si\/aktualno\/quintana-na-zagovoru-ker-se-je-drzal-motorja\/\"},\"wordCount\":158,\"publisher\":{\"@id\":\"https:\/\/hudo.com\/si\/#organization\"},\"articleSection\":[\"Aktualno\"],\"inLanguage\":\"sl-SI\"},{\"@type\":\"WebPage\",\"@id\":\"https:\/\/hudo.com\/si\/aktualno\/quintana-na-zagovoru-ker-se-je-drzal-motorja\/\",\"url\":\"https:\/\/hudo.com\/si\/aktualno\/quintana-na-zagovoru-ker-se-je-drzal-motorja\/\",\"name\":\"Quintana na zagovoru, ker se je dr\u017eal motorja - Hudo Slovenija\",\"isPartOf\":{\"@id\":\"https:\/\/hudo.com\/si\/#website\"},\"datePublished\":\"2016-07-16T12:03:00+00:00\",\"dateModified\":\"2016-07-17T06:32:39+00:00\",\"breadcrumb\":{\"@id\":\"https:\/\/hudo.com\/si\/aktualno\/quintana-na-zagovoru-ker-se-je-drzal-motorja\/#breadcrumb\"},\"inLanguage\":\"sl-SI\",\"potentialAction\":[{\"@type\":\"ReadAction\",\"target\":[\"https:\/\/hudo.com\/si\/aktualno\/quintana-na-zagovoru-ker-se-je-drzal-motorja\/\"]}]},{\"@type\":\"BreadcrumbList\",\"@id\":\"https:\/\/hudo.com\/si\/aktualno\/quintana-na-zagovoru-ker-se-je-drzal-motorja\/#breadcrumb\",\"itemListElement\":[{\"@type\":\"ListItem\",\"position\":1,\"name\":\"Home\",\"item\":\"https:\/\/hudo.com\/si\/\"},{\"@type\":\"ListItem\",\"position\":2,\"name\":\"Quintana na zagovoru, ker se je dr\u017eal motorja\"}]},{\"@type\":\"WebSite\",\"@id\":\"https:\/\/hudo.com\/si\/#website\",\"url\":\"https:\/\/hudo.com\/si\/\",\"name\":\"Hudo Slovenija\",\"description\":\"Vse novice iz Slovenije in sveta\",\"publisher\":{\"@id\":\"https:\/\/hudo.com\/si\/#organization\"},\"potentialAction\":[{\"@type\":\"SearchAction\",\"target\":{\"@type\":\"EntryPoint\",\"urlTemplate\":\"https:\/\/hudo.com\/si\/?s={search_term_string}\"},\"query-input\":\"required name=search_term_string\"}],\"inLanguage\":\"sl-SI\"},{\"@type\":\"Organization\",\"@id\":\"https:\/\/hudo.com\/si\/#organization\",\"name\":\"VSN Media\",\"url\":\"https:\/\/hudo.com\/si\/\",\"logo\":{\"@type\":\"ImageObject\",\"inLanguage\":\"sl-SI\",\"@id\":\"https:\/\/hudo.com\/si\/#\/schema\/logo\/image\/\",\"url\":\"https:\/\/hudo.com\/si\/wp-content\/uploads\/sites\/2\/2021\/03\/hudo-app-2.png\",\"contentUrl\":\"https:\/\/hudo.com\/si\/wp-content\/uploads\/sites\/2\/2021\/03\/hudo-app-2.png\",\"width\":2185,\"height\":2167,\"caption\":\"VSN Media\"},\"image\":{\"@id\":\"https:\/\/hudo.com\/si\/#\/schema\/logo\/image\/\"},\"sameAs\":[\"https:\/\/www.facebook.com\/hudo.si\",\"https:\/\/twitter.com\/hudo_si\"]},{\"@type\":\"Person\",\"@id\":\"https:\/\/hudo.com\/si\/#\/schema\/person\/601cf3379633985b20f7e50f2bb47707\",\"name\":\"hudo\",\"image\":{\"@type\":\"ImageObject\",\"inLanguage\":\"sl-SI\",\"@id\":\"https:\/\/hudo.com\/si\/#\/schema\/person\/image\/\",\"url\":\"https:\/\/secure.gravatar.com\/avatar\/c4ca25fa72cace7a696b52ff5db9e095?s=96&d=mm&r=g\",\"contentUrl\":\"https:\/\/secure.gravatar.com\/avatar\/c4ca25fa72cace7a696b52ff5db9e095?s=96&d=mm&r=g\",\"caption\":\"hudo\"},\"url\":\"https:\/\/hudo.com\/si\/author\/hudo\/\"}]}<\/script>\n<!-- \/ Yoast SEO plugin. -->","yoast_head_json":{"title":"Quintana na zagovoru, ker se je dr\u017eal motorja - Hudo Slovenija","robots":{"index":"index","follow":"follow","max-snippet":"max-snippet:-1","max-image-preview":"max-image-preview:large","max-video-preview":"max-video-preview:-1"},"canonical":"https:\/\/hudo.com\/si\/aktualno\/quintana-na-zagovoru-ker-se-je-drzal-motorja\/","og_locale":"sl_SI","og_type":"article","og_title":"Quintana na zagovoru, ker se je dr\u017eal motorja - Hudo Slovenija","og_description":"Kategorija: Kolesarstvo Sat, 16 Jul 2016 16:03:00 +0200 Ventoux - Po vsesplo\u0161ni zme\u0161anjavi v zaklju\u010dku 12. etape leto\u0161nje kolesarske dirke Po Franciji in drami, ki jo je pre\u017eivljal Chris Froome, je naposled tar\u010da kritik postal tudi Nairo Quintana, eden od glavnih favoritov za kon\u010dno zmago. V javnosti je namre\u010d zaokro\u017eil posnetek enega od navija\u010dev, iz katerega je razvidno, da se Kolumbijec dr\u017eav za motor in si tako na nedovoljen na\u010din pomagal proti cilju. Ob tem je tudi prehitel Frooma, ki je v tistem \u010dasu naokrog tekal brez kolesa. Posnetek bi zagotovo dvignil \u0161e ve\u010d prahu, \u010de ga ne bi zasen\u010dil kaoti\u010dni razplet s padcem rumene majice pred ciljem, vseeno pa je Quintana moral na zagovor, a za zdaj si kazni ni prislu\u017eil. V svoj zagovor je povedal, da se je kolesa, ki ga je preva\u017eal motor, oprijel, da bi\u00a0...","og_url":"https:\/\/hudo.com\/si\/aktualno\/quintana-na-zagovoru-ker-se-je-drzal-motorja\/","og_site_name":"Hudo Slovenija","article_publisher":"https:\/\/www.facebook.com\/hudo.si","article_published_time":"2016-07-16T12:03:00+00:00","article_modified_time":"2016-07-17T06:32:39+00:00","og_image":[{"width":480,"height":290,"url":"https:\/\/hudo.com\/si\/wp-content\/uploads\/sites\/2\/2016\/07\/480x290_Reuters_Pictures-20160714191637-11747900.jpeg","type":"image\/jpeg"}],"author":"hudo","twitter_card":"summary_large_image","twitter_creator":"@hudo_si","twitter_site":"@hudo_si","twitter_misc":{"Written by":"hudo","Est. reading time":"1 minuta"},"schema":{"@context":"https:\/\/schema.org","@graph":[{"@type":"Article","@id":"https:\/\/hudo.com\/si\/aktualno\/quintana-na-zagovoru-ker-se-je-drzal-motorja\/#article","isPartOf":{"@id":"https:\/\/hudo.com\/si\/aktualno\/quintana-na-zagovoru-ker-se-je-drzal-motorja\/"},"author":{"name":"hudo","@id":"https:\/\/hudo.com\/si\/#\/schema\/person\/601cf3379633985b20f7e50f2bb47707"},"headline":"Quintana na zagovoru, ker se je dr\u017eal motorja","datePublished":"2016-07-16T12:03:00+00:00","dateModified":"2016-07-17T06:32:39+00:00","mainEntityOfPage":{"@id":"https:\/\/hudo.com\/si\/aktualno\/quintana-na-zagovoru-ker-se-je-drzal-motorja\/"},"wordCount":158,"publisher":{"@id":"https:\/\/hudo.com\/si\/#organization"},"articleSection":["Aktualno"],"inLanguage":"sl-SI"},{"@type":"WebPage","@id":"https:\/\/hudo.com\/si\/aktualno\/quintana-na-zagovoru-ker-se-je-drzal-motorja\/","url":"https:\/\/hudo.com\/si\/aktualno\/quintana-na-zagovoru-ker-se-je-drzal-motorja\/","name":"Quintana na zagovoru, ker se je dr\u017eal motorja - Hudo Slovenija","isPartOf":{"@id":"https:\/\/hudo.com\/si\/#website"},"datePublished":"2016-07-16T12:03:00+00:00","dateModified":"2016-07-17T06:32:39+00:00","breadcrumb":{"@id":"https:\/\/hudo.com\/si\/aktualno\/quintana-na-zagovoru-ker-se-je-drzal-motorja\/#breadcrumb"},"inLanguage":"sl-SI","potentialAction":[{"@type":"ReadAction","target":["https:\/\/hudo.com\/si\/aktualno\/quintana-na-zagovoru-ker-se-je-drzal-motorja\/"]}]},{"@type":"BreadcrumbList","@id":"https:\/\/hudo.com\/si\/aktualno\/quintana-na-zagovoru-ker-se-je-drzal-motorja\/#breadcrumb","itemListElement":[{"@type":"ListItem","position":1,"name":"Home","item":"https:\/\/hudo.com\/si\/"},{"@type":"ListItem","position":2,"name":"Quintana na zagovoru, ker se je dr\u017eal motorja"}]},{"@type":"WebSite","@id":"https:\/\/hudo.com\/si\/#website","url":"https:\/\/hudo.com\/si\/","name":"Hudo Slovenija","description":"Vse novice iz Slovenije in sveta","publisher":{"@id":"https:\/\/hudo.com\/si\/#organization"},"potentialAction":[{"@type":"SearchAction","target":{"@type":"EntryPoint","urlTemplate":"https:\/\/hudo.com\/si\/?s={search_term_string}"},"query-input":"required name=search_term_string"}],"inLanguage":"sl-SI"},{"@type":"Organization","@id":"https:\/\/hudo.com\/si\/#organization","name":"VSN Media","url":"https:\/\/hudo.com\/si\/","logo":{"@type":"ImageObject","inLanguage":"sl-SI","@id":"https:\/\/hudo.com\/si\/#\/schema\/logo\/image\/","url":"https:\/\/hudo.com\/si\/wp-content\/uploads\/sites\/2\/2021\/03\/hudo-app-2.png","contentUrl":"https:\/\/hudo.com\/si\/wp-content\/uploads\/sites\/2\/2021\/03\/hudo-app-2.png","width":2185,"height":2167,"caption":"VSN Media"},"image":{"@id":"https:\/\/hudo.com\/si\/#\/schema\/logo\/image\/"},"sameAs":["https:\/\/www.facebook.com\/hudo.si","https:\/\/twitter.com\/hudo_si"]},{"@type":"Person","@id":"https:\/\/hudo.com\/si\/#\/schema\/person\/601cf3379633985b20f7e50f2bb47707","name":"hudo","image":{"@type":"ImageObject","inLanguage":"sl-SI","@id":"https:\/\/hudo.com\/si\/#\/schema\/person\/image\/","url":"https:\/\/secure.gravatar.com\/avatar\/c4ca25fa72cace7a696b52ff5db9e095?s=96&d=mm&r=g","contentUrl":"https:\/\/secure.gravatar.com\/avatar\/c4ca25fa72cace7a696b52ff5db9e095?s=96&d=mm&r=g","caption":"hudo"},"url":"https:\/\/hudo.com\/si\/author\/hudo\/"}]}},"amp_enabled":true,"_links":{"self":[{"href":"https:\/\/hudo.com\/si\/wp-json\/wp\/v2\/posts\/96259"}],"collection":[{"href":"https:\/\/hudo.com\/si\/wp-json\/wp\/v2\/posts"}],"about":[{"href":"https:\/\/hudo.com\/si\/wp-json\/wp\/v2\/types\/post"}],"author":[{"embeddable":true,"href":"https:\/\/hudo.com\/si\/wp-json\/wp\/v2\/users\/1"}],"replies":[{"embeddable":true,"href":"https:\/\/hudo.com\/si\/wp-json\/wp\/v2\/comments?post=96259"}],"version-history":[{"count":1,"href":"https:\/\/hudo.com\/si\/wp-json\/wp\/v2\/posts\/96259\/revisions"}],"predecessor-version":[{"id":96359,"href":"https:\/\/hudo.com\/si\/wp-json\/wp\/v2\/posts\/96259\/revisions\/96359"}],"wp:attachment":[{"href":"https:\/\/hudo.com\/si\/wp-json\/wp\/v2\/media?parent=96259"}],"wp:term":[{"taxonomy":"category","embeddable":true,"href":"https:\/\/hudo.com\/si\/wp-json\/wp\/v2\/categories?post=96259"},{"taxonomy":"post_tag","embeddable":true,"href":"https:\/\/hudo.com\/si\/wp-json\/wp\/v2\/tags?post=96259"},{"taxonomy":"source","embeddable":true,"href":"https:\/\/hudo.com\/si\/wp-json\/wp\/v2\/source?post=96259"},{"taxonomy":"supertag","embeddable":true,"href":"https:\/\/hudo.com\/si\/wp-json\/wp\/v2\/supertag?post=96259"}],"curies":[{"name":"wp","href":"https:\/\/api.w.org\/{rel}","templated":true}]}}