{"id":96263,"date":"2016-07-16T13:30:00","date_gmt":"2016-07-16T11:30:00","guid":{"rendered":"http:\/\/hudo.com\/si\/2016\/07\/16\/edini-ki-bodo-danes-leteli-pod-veriznim-mostom-so-galebi\/"},"modified":"2016-07-17T14:06:32","modified_gmt":"2016-07-17T12:06:32","slug":"edini-ki-bodo-danes-leteli-pod-veriznim-mostom-so-galebi","status":"publish","type":"post","link":"https:\/\/hudo.com\/si\/aktualno\/edini-ki-bodo-danes-leteli-pod-veriznim-mostom-so-galebi\/","title":{"rendered":"Edini, ki bodo danes leteli pod veri\u017enim mostom, so galebi"},"content":{"rendered":"<p>\u010ce je \u0161e ob 15. uri \u0161e kazalo na to, da se bo kon\u010dno zjasnilo, in je organizator za 16. uro tudi napovedal izvedbo kvalifikacij za oba razreda svetovnega prvenstva Red Bull Air Race, je \u017ee petnajst minut za tem sledilo razo\u010daranje. Dana\u0161nje kvalifikacije so zaradi de\u017eja odpovedane, saj proga nad Donavo v tak\u0161nem vremenu ni varna. &#8220;Varnost pa je na prvem mestu pri Air Race tekmovanju,&#8221; je sporo\u010dil direktor tekmovanja Jim DiMatteo. Strokovni odbor se je odlo\u010dil kvalifikacije odpovedati zaradi premo\u010dnega de\u017eja in nizke obla\u010dnosti.  Vojska je v slabe pol ure izpustila zrak iz pilonov ter jih s pomo\u010djo amfibijskih vozil varno spravila do prihodnjega dne. Zaenkrat \u0161e ni znan jutri\u0161nji scenarij, predvsem bo potrebno po\u010dakati, ali se bodo vremenske razmere \u010dez no\u010d izbolj\u0161ale.  Znana pa je uradna startna lista razreda masters. Peter Podlun\u0161ek se bo v dvojicah na izpadanje pomeril v \u0161estem paru z Ameri\u010danom Kirbyjem Chamblissom. Ta ima v leto\u0161nji sezoni \u017ee 20 to\u010dk, medtem ko je slovenski pilot doslej zbral 3 to\u010dke. Ostale dvojice so \u0161e: Francois Le Vot in Hannes Arch, Juan Velarde in Yoshihide Muroya, Pete McLeod in Nigel Lamb, Michael Goulian in Nicolas Ivanoff, Matt Hall in Martin Sonka ter Petr Kopfstein in Matthias Dolderer, ki je trenutno vodilni po skupnem se\u0161tevku prvih treh dirk.\u0160port<\/p>\n","protected":false},"excerpt":{"rendered":"<p>\u010ce je \u0161e ob 15. uri \u0161e kazalo na to, da se bo kon\u010dno zjasnilo, in je organizator za 16. uro tudi napovedal izvedbo kvalifikacij za oba razreda svetovnega prvenstva Red Bull Air Race, je \u017ee petnajst minut za tem sledilo razo\u010daranje. Dana\u0161nje kvalifikacije so zaradi de\u017eja odpovedane, saj proga nad Donavo v tak\u0161nem vremenu ni varna. &#8220;Varnost pa je na prvem mestu pri Air Race tekmovanju,&#8221; je sporo\u010dil direktor tekmovanja Jim DiMatteo. Strokovni odbor se je odlo\u010dil kvalifikacije odpovedati zaradi premo\u010dnega de\u017eja in nizke obla\u010dnosti.  Vojska je v slabe pol ure izpustila zrak iz pilonov ter jih s pomo\u010djo amfibijskih vozil varno spravila do prihodnjega dne. Zaenkrat \u0161e ni znan jutri\u0161nji scenarij, predvsem bo potrebno po\u010dakati, ali se bodo vremenske razmere \u010dez no\u010d izbolj\u0161ale.  Znana pa je uradna startna lista razreda masters. Peter Podlun\u0161ek se bo v dvojicah na izpadanje pomeril v \u0161estem paru z Ameri\u010danom Kirbyjem Chamblissom. Ta ima v leto\u0161nji sezoni \u017ee 20 to\u010dk, medtem ko je slovenski pilot doslej zbral 3 to\u010dke. Ostale dvojice so \u0161e: Francois Le Vot in Hannes Arch, Juan Velarde in Yoshihide Muroya, Pete McLeod in Nigel Lamb, Michael Goulian in Nicolas Ivanoff, Matt Hall in Martin Sonka ter Petr Kopfstein in Matthias Dolderer, ki je trenutno vodilni po skupnem se\u0161tevku prvih treh dirk.\u0160port<\/p>\n","protected":false},"author":1,"featured_media":0,"comment_status":"closed","ping_status":"closed","sticky":false,"template":"","format":"standard","meta":{"footnotes":""},"categories":[1179],"tags":[],"source":[1711],"supertag":[],"acf":[],"yoast_head":"<!-- This site is optimized with the Yoast SEO plugin v21.3 - https:\/\/yoast.com\/wordpress\/plugins\/seo\/ -->\n<title>Edini, ki bodo danes leteli pod veri\u017enim mostom, so galebi - Hudo Slovenija<\/title>\n<meta name=\"robots\" content=\"index, follow, max-snippet:-1, max-image-preview:large, max-video-preview:-1\" \/>\n<link rel=\"canonical\" href=\"https:\/\/hudo.com\/si\/aktualno\/edini-ki-bodo-danes-leteli-pod-veriznim-mostom-so-galebi\/\" \/>\n<meta property=\"og:locale\" content=\"sl_SI\" \/>\n<meta property=\"og:type\" content=\"article\" \/>\n<meta property=\"og:title\" content=\"Edini, ki bodo danes leteli pod veri\u017enim mostom, so galebi - Hudo Slovenija\" \/>\n<meta property=\"og:description\" content=\"\u010ce je \u0161e ob 15. uri \u0161e kazalo na to, da se bo kon\u010dno zjasnilo, in je organizator za 16. uro tudi napovedal izvedbo kvalifikacij za oba razreda svetovnega prvenstva Red Bull Air Race, je \u017ee petnajst minut za tem sledilo razo\u010daranje. Dana\u0161nje kvalifikacije so zaradi de\u017eja odpovedane, saj proga nad Donavo v tak\u0161nem vremenu ni varna. &quot;Varnost pa je na prvem mestu pri Air Race tekmovanju,&quot; je sporo\u010dil direktor tekmovanja Jim DiMatteo. Strokovni odbor se je odlo\u010dil kvalifikacije odpovedati zaradi premo\u010dnega de\u017eja in nizke obla\u010dnosti. Vojska je v slabe pol ure izpustila zrak iz pilonov ter jih s pomo\u010djo amfibijskih vozil varno spravila do prihodnjega dne. Zaenkrat \u0161e ni znan jutri\u0161nji scenarij, predvsem bo potrebno po\u010dakati, ali se bodo vremenske razmere \u010dez no\u010d izbolj\u0161ale. Znana pa je uradna startna lista razreda masters. Peter Podlun\u0161ek se bo v dvojicah na izpadanje pomeril v \u0161estem paru z Ameri\u010danom Kirbyjem Chamblissom. Ta ima v leto\u0161nji sezoni \u017ee 20 to\u010dk, medtem ko je slovenski pilot doslej zbral 3 to\u010dke. Ostale dvojice so \u0161e: Francois Le Vot in Hannes Arch, Juan Velarde in Yoshihide Muroya, Pete McLeod in Nigel Lamb, Michael Goulian in Nicolas Ivanoff, Matt Hall in Martin Sonka ter Petr Kopfstein in Matthias Dolderer, ki je trenutno vodilni po skupnem se\u0161tevku prvih treh dirk.\u0160port\" \/>\n<meta property=\"og:url\" content=\"https:\/\/hudo.com\/si\/aktualno\/edini-ki-bodo-danes-leteli-pod-veriznim-mostom-so-galebi\/\" \/>\n<meta property=\"og:site_name\" content=\"Hudo Slovenija\" \/>\n<meta property=\"article:publisher\" content=\"https:\/\/www.facebook.com\/hudo.si\" \/>\n<meta property=\"article:published_time\" content=\"2016-07-16T11:30:00+00:00\" \/>\n<meta property=\"article:modified_time\" content=\"2016-07-17T12:06:32+00:00\" \/>\n<meta property=\"og:image\" content=\"https:\/\/hudo.com\/si\/wp-content\/uploads\/sites\/2\/2016\/07\/DSC_0103-300.jpg\" \/>\n\t<meta property=\"og:image:width\" content=\"450\" \/>\n\t<meta property=\"og:image:height\" content=\"300\" \/>\n\t<meta property=\"og:image:type\" content=\"image\/jpeg\" \/>\n<meta name=\"author\" content=\"hudo\" \/>\n<meta name=\"twitter:card\" content=\"summary_large_image\" \/>\n<meta name=\"twitter:creator\" content=\"@hudo_si\" \/>\n<meta name=\"twitter:site\" content=\"@hudo_si\" \/>\n<meta name=\"twitter:label1\" content=\"Written by\" \/>\n\t<meta name=\"twitter:data1\" content=\"hudo\" \/>\n\t<meta name=\"twitter:label2\" content=\"Est. reading time\" \/>\n\t<meta name=\"twitter:data2\" content=\"1 minuta\" \/>\n<script type=\"application\/ld+json\" class=\"yoast-schema-graph\">{\"@context\":\"https:\/\/schema.org\",\"@graph\":[{\"@type\":\"Article\",\"@id\":\"https:\/\/hudo.com\/si\/aktualno\/edini-ki-bodo-danes-leteli-pod-veriznim-mostom-so-galebi\/#article\",\"isPartOf\":{\"@id\":\"https:\/\/hudo.com\/si\/aktualno\/edini-ki-bodo-danes-leteli-pod-veriznim-mostom-so-galebi\/\"},\"author\":{\"name\":\"hudo\",\"@id\":\"https:\/\/hudo.com\/si\/#\/schema\/person\/601cf3379633985b20f7e50f2bb47707\"},\"headline\":\"Edini, ki bodo danes leteli pod veri\u017enim mostom, so galebi\",\"datePublished\":\"2016-07-16T11:30:00+00:00\",\"dateModified\":\"2016-07-17T12:06:32+00:00\",\"mainEntityOfPage\":{\"@id\":\"https:\/\/hudo.com\/si\/aktualno\/edini-ki-bodo-danes-leteli-pod-veriznim-mostom-so-galebi\/\"},\"wordCount\":240,\"publisher\":{\"@id\":\"https:\/\/hudo.com\/si\/#organization\"},\"articleSection\":[\"Aktualno\"],\"inLanguage\":\"sl-SI\"},{\"@type\":\"WebPage\",\"@id\":\"https:\/\/hudo.com\/si\/aktualno\/edini-ki-bodo-danes-leteli-pod-veriznim-mostom-so-galebi\/\",\"url\":\"https:\/\/hudo.com\/si\/aktualno\/edini-ki-bodo-danes-leteli-pod-veriznim-mostom-so-galebi\/\",\"name\":\"Edini, ki bodo danes leteli pod veri\u017enim mostom, so galebi - Hudo Slovenija\",\"isPartOf\":{\"@id\":\"https:\/\/hudo.com\/si\/#website\"},\"datePublished\":\"2016-07-16T11:30:00+00:00\",\"dateModified\":\"2016-07-17T12:06:32+00:00\",\"breadcrumb\":{\"@id\":\"https:\/\/hudo.com\/si\/aktualno\/edini-ki-bodo-danes-leteli-pod-veriznim-mostom-so-galebi\/#breadcrumb\"},\"inLanguage\":\"sl-SI\",\"potentialAction\":[{\"@type\":\"ReadAction\",\"target\":[\"https:\/\/hudo.com\/si\/aktualno\/edini-ki-bodo-danes-leteli-pod-veriznim-mostom-so-galebi\/\"]}]},{\"@type\":\"BreadcrumbList\",\"@id\":\"https:\/\/hudo.com\/si\/aktualno\/edini-ki-bodo-danes-leteli-pod-veriznim-mostom-so-galebi\/#breadcrumb\",\"itemListElement\":[{\"@type\":\"ListItem\",\"position\":1,\"name\":\"Home\",\"item\":\"https:\/\/hudo.com\/si\/\"},{\"@type\":\"ListItem\",\"position\":2,\"name\":\"Edini, ki bodo danes leteli pod veri\u017enim mostom, so galebi\"}]},{\"@type\":\"WebSite\",\"@id\":\"https:\/\/hudo.com\/si\/#website\",\"url\":\"https:\/\/hudo.com\/si\/\",\"name\":\"Hudo Slovenija\",\"description\":\"Vse novice iz Slovenije in sveta\",\"publisher\":{\"@id\":\"https:\/\/hudo.com\/si\/#organization\"},\"potentialAction\":[{\"@type\":\"SearchAction\",\"target\":{\"@type\":\"EntryPoint\",\"urlTemplate\":\"https:\/\/hudo.com\/si\/?s={search_term_string}\"},\"query-input\":\"required name=search_term_string\"}],\"inLanguage\":\"sl-SI\"},{\"@type\":\"Organization\",\"@id\":\"https:\/\/hudo.com\/si\/#organization\",\"name\":\"VSN Media\",\"url\":\"https:\/\/hudo.com\/si\/\",\"logo\":{\"@type\":\"ImageObject\",\"inLanguage\":\"sl-SI\",\"@id\":\"https:\/\/hudo.com\/si\/#\/schema\/logo\/image\/\",\"url\":\"https:\/\/hudo.com\/si\/wp-content\/uploads\/sites\/2\/2021\/03\/hudo-app-2.png\",\"contentUrl\":\"https:\/\/hudo.com\/si\/wp-content\/uploads\/sites\/2\/2021\/03\/hudo-app-2.png\",\"width\":2185,\"height\":2167,\"caption\":\"VSN Media\"},\"image\":{\"@id\":\"https:\/\/hudo.com\/si\/#\/schema\/logo\/image\/\"},\"sameAs\":[\"https:\/\/www.facebook.com\/hudo.si\",\"https:\/\/twitter.com\/hudo_si\"]},{\"@type\":\"Person\",\"@id\":\"https:\/\/hudo.com\/si\/#\/schema\/person\/601cf3379633985b20f7e50f2bb47707\",\"name\":\"hudo\",\"image\":{\"@type\":\"ImageObject\",\"inLanguage\":\"sl-SI\",\"@id\":\"https:\/\/hudo.com\/si\/#\/schema\/person\/image\/\",\"url\":\"https:\/\/secure.gravatar.com\/avatar\/c4ca25fa72cace7a696b52ff5db9e095?s=96&d=mm&r=g\",\"contentUrl\":\"https:\/\/secure.gravatar.com\/avatar\/c4ca25fa72cace7a696b52ff5db9e095?s=96&d=mm&r=g\",\"caption\":\"hudo\"},\"url\":\"https:\/\/hudo.com\/si\/author\/hudo\/\"}]}<\/script>\n<!-- \/ Yoast SEO plugin. -->","yoast_head_json":{"title":"Edini, ki bodo danes leteli pod veri\u017enim mostom, so galebi - Hudo Slovenija","robots":{"index":"index","follow":"follow","max-snippet":"max-snippet:-1","max-image-preview":"max-image-preview:large","max-video-preview":"max-video-preview:-1"},"canonical":"https:\/\/hudo.com\/si\/aktualno\/edini-ki-bodo-danes-leteli-pod-veriznim-mostom-so-galebi\/","og_locale":"sl_SI","og_type":"article","og_title":"Edini, ki bodo danes leteli pod veri\u017enim mostom, so galebi - Hudo Slovenija","og_description":"\u010ce je \u0161e ob 15. uri \u0161e kazalo na to, da se bo kon\u010dno zjasnilo, in je organizator za 16. uro tudi napovedal izvedbo kvalifikacij za oba razreda svetovnega prvenstva Red Bull Air Race, je \u017ee petnajst minut za tem sledilo razo\u010daranje. Dana\u0161nje kvalifikacije so zaradi de\u017eja odpovedane, saj proga nad Donavo v tak\u0161nem vremenu ni varna. \"Varnost pa je na prvem mestu pri Air Race tekmovanju,\" je sporo\u010dil direktor tekmovanja Jim DiMatteo. Strokovni odbor se je odlo\u010dil kvalifikacije odpovedati zaradi premo\u010dnega de\u017eja in nizke obla\u010dnosti. Vojska je v slabe pol ure izpustila zrak iz pilonov ter jih s pomo\u010djo amfibijskih vozil varno spravila do prihodnjega dne. Zaenkrat \u0161e ni znan jutri\u0161nji scenarij, predvsem bo potrebno po\u010dakati, ali se bodo vremenske razmere \u010dez no\u010d izbolj\u0161ale. Znana pa je uradna startna lista razreda masters. Peter Podlun\u0161ek se bo v dvojicah na izpadanje pomeril v \u0161estem paru z Ameri\u010danom Kirbyjem Chamblissom. Ta ima v leto\u0161nji sezoni \u017ee 20 to\u010dk, medtem ko je slovenski pilot doslej zbral 3 to\u010dke. Ostale dvojice so \u0161e: Francois Le Vot in Hannes Arch, Juan Velarde in Yoshihide Muroya, Pete McLeod in Nigel Lamb, Michael Goulian in Nicolas Ivanoff, Matt Hall in Martin Sonka ter Petr Kopfstein in Matthias Dolderer, ki je trenutno vodilni po skupnem se\u0161tevku prvih treh dirk.\u0160port","og_url":"https:\/\/hudo.com\/si\/aktualno\/edini-ki-bodo-danes-leteli-pod-veriznim-mostom-so-galebi\/","og_site_name":"Hudo Slovenija","article_publisher":"https:\/\/www.facebook.com\/hudo.si","article_published_time":"2016-07-16T11:30:00+00:00","article_modified_time":"2016-07-17T12:06:32+00:00","og_image":[{"width":450,"height":300,"url":"https:\/\/hudo.com\/si\/wp-content\/uploads\/sites\/2\/2016\/07\/DSC_0103-300.jpg","type":"image\/jpeg"}],"author":"hudo","twitter_card":"summary_large_image","twitter_creator":"@hudo_si","twitter_site":"@hudo_si","twitter_misc":{"Written by":"hudo","Est. reading time":"1 minuta"},"schema":{"@context":"https:\/\/schema.org","@graph":[{"@type":"Article","@id":"https:\/\/hudo.com\/si\/aktualno\/edini-ki-bodo-danes-leteli-pod-veriznim-mostom-so-galebi\/#article","isPartOf":{"@id":"https:\/\/hudo.com\/si\/aktualno\/edini-ki-bodo-danes-leteli-pod-veriznim-mostom-so-galebi\/"},"author":{"name":"hudo","@id":"https:\/\/hudo.com\/si\/#\/schema\/person\/601cf3379633985b20f7e50f2bb47707"},"headline":"Edini, ki bodo danes leteli pod veri\u017enim mostom, so galebi","datePublished":"2016-07-16T11:30:00+00:00","dateModified":"2016-07-17T12:06:32+00:00","mainEntityOfPage":{"@id":"https:\/\/hudo.com\/si\/aktualno\/edini-ki-bodo-danes-leteli-pod-veriznim-mostom-so-galebi\/"},"wordCount":240,"publisher":{"@id":"https:\/\/hudo.com\/si\/#organization"},"articleSection":["Aktualno"],"inLanguage":"sl-SI"},{"@type":"WebPage","@id":"https:\/\/hudo.com\/si\/aktualno\/edini-ki-bodo-danes-leteli-pod-veriznim-mostom-so-galebi\/","url":"https:\/\/hudo.com\/si\/aktualno\/edini-ki-bodo-danes-leteli-pod-veriznim-mostom-so-galebi\/","name":"Edini, ki bodo danes leteli pod veri\u017enim mostom, so galebi - Hudo Slovenija","isPartOf":{"@id":"https:\/\/hudo.com\/si\/#website"},"datePublished":"2016-07-16T11:30:00+00:00","dateModified":"2016-07-17T12:06:32+00:00","breadcrumb":{"@id":"https:\/\/hudo.com\/si\/aktualno\/edini-ki-bodo-danes-leteli-pod-veriznim-mostom-so-galebi\/#breadcrumb"},"inLanguage":"sl-SI","potentialAction":[{"@type":"ReadAction","target":["https:\/\/hudo.com\/si\/aktualno\/edini-ki-bodo-danes-leteli-pod-veriznim-mostom-so-galebi\/"]}]},{"@type":"BreadcrumbList","@id":"https:\/\/hudo.com\/si\/aktualno\/edini-ki-bodo-danes-leteli-pod-veriznim-mostom-so-galebi\/#breadcrumb","itemListElement":[{"@type":"ListItem","position":1,"name":"Home","item":"https:\/\/hudo.com\/si\/"},{"@type":"ListItem","position":2,"name":"Edini, ki bodo danes leteli pod veri\u017enim mostom, so galebi"}]},{"@type":"WebSite","@id":"https:\/\/hudo.com\/si\/#website","url":"https:\/\/hudo.com\/si\/","name":"Hudo Slovenija","description":"Vse novice iz Slovenije in sveta","publisher":{"@id":"https:\/\/hudo.com\/si\/#organization"},"potentialAction":[{"@type":"SearchAction","target":{"@type":"EntryPoint","urlTemplate":"https:\/\/hudo.com\/si\/?s={search_term_string}"},"query-input":"required name=search_term_string"}],"inLanguage":"sl-SI"},{"@type":"Organization","@id":"https:\/\/hudo.com\/si\/#organization","name":"VSN Media","url":"https:\/\/hudo.com\/si\/","logo":{"@type":"ImageObject","inLanguage":"sl-SI","@id":"https:\/\/hudo.com\/si\/#\/schema\/logo\/image\/","url":"https:\/\/hudo.com\/si\/wp-content\/uploads\/sites\/2\/2021\/03\/hudo-app-2.png","contentUrl":"https:\/\/hudo.com\/si\/wp-content\/uploads\/sites\/2\/2021\/03\/hudo-app-2.png","width":2185,"height":2167,"caption":"VSN Media"},"image":{"@id":"https:\/\/hudo.com\/si\/#\/schema\/logo\/image\/"},"sameAs":["https:\/\/www.facebook.com\/hudo.si","https:\/\/twitter.com\/hudo_si"]},{"@type":"Person","@id":"https:\/\/hudo.com\/si\/#\/schema\/person\/601cf3379633985b20f7e50f2bb47707","name":"hudo","image":{"@type":"ImageObject","inLanguage":"sl-SI","@id":"https:\/\/hudo.com\/si\/#\/schema\/person\/image\/","url":"https:\/\/secure.gravatar.com\/avatar\/c4ca25fa72cace7a696b52ff5db9e095?s=96&d=mm&r=g","contentUrl":"https:\/\/secure.gravatar.com\/avatar\/c4ca25fa72cace7a696b52ff5db9e095?s=96&d=mm&r=g","caption":"hudo"},"url":"https:\/\/hudo.com\/si\/author\/hudo\/"}]}},"amp_enabled":true,"_links":{"self":[{"href":"https:\/\/hudo.com\/si\/wp-json\/wp\/v2\/posts\/96263"}],"collection":[{"href":"https:\/\/hudo.com\/si\/wp-json\/wp\/v2\/posts"}],"about":[{"href":"https:\/\/hudo.com\/si\/wp-json\/wp\/v2\/types\/post"}],"author":[{"embeddable":true,"href":"https:\/\/hudo.com\/si\/wp-json\/wp\/v2\/users\/1"}],"replies":[{"embeddable":true,"href":"https:\/\/hudo.com\/si\/wp-json\/wp\/v2\/comments?post=96263"}],"version-history":[{"count":1,"href":"https:\/\/hudo.com\/si\/wp-json\/wp\/v2\/posts\/96263\/revisions"}],"predecessor-version":[{"id":96363,"href":"https:\/\/hudo.com\/si\/wp-json\/wp\/v2\/posts\/96263\/revisions\/96363"}],"wp:attachment":[{"href":"https:\/\/hudo.com\/si\/wp-json\/wp\/v2\/media?parent=96263"}],"wp:term":[{"taxonomy":"category","embeddable":true,"href":"https:\/\/hudo.com\/si\/wp-json\/wp\/v2\/categories?post=96263"},{"taxonomy":"post_tag","embeddable":true,"href":"https:\/\/hudo.com\/si\/wp-json\/wp\/v2\/tags?post=96263"},{"taxonomy":"source","embeddable":true,"href":"https:\/\/hudo.com\/si\/wp-json\/wp\/v2\/source?post=96263"},{"taxonomy":"supertag","embeddable":true,"href":"https:\/\/hudo.com\/si\/wp-json\/wp\/v2\/supertag?post=96263"}],"curies":[{"name":"wp","href":"https:\/\/api.w.org\/{rel}","templated":true}]}}