{"id":96317,"date":"2016-07-16T22:00:00","date_gmt":"2016-07-16T20:00:00","guid":{"rendered":"http:\/\/hudo.com\/si\/2016\/07\/16\/brez-njega-slovenci-ne-bi-imeli-morja\/"},"modified":"2016-07-17T20:12:10","modified_gmt":"2016-07-17T18:12:10","slug":"brez-njega-slovenci-ne-bi-imeli-morja","status":"publish","type":"post","link":"https:\/\/hudo.com\/si\/aktualno\/brez-njega-slovenci-ne-bi-imeli-morja\/","title":{"rendered":"Brez njega Slovenci ne bi imeli morja"},"content":{"rendered":"<p>\u010ce 20. julija 1866, pred 150 leti, kontraadmiral Wilhelm von Tegetthoff na \u010delu avstrijske flote v akvatoriju pri otoku Visu ne bi uni\u010dujo\u010de porazil veliko mo\u010dnej\u0161ega italijanskega vojnega ladjevja, Slovenci danes ne bi imeli svojega lavorja morja in 42 kilometrov obale. In tudi hrva\u0161ko morje in priobalje bi bila manj\u0161a. Druga\u010den izhod pomorskega spopada bi ju\u017eni sosedi odtrgal nekatere otoke in del obale, nam pa premaknil zahodno mejo v notranjost kopnega. Bitka pri Visu je sooblikovala zemljevid tega dela dana\u0161nje Evrope. Tako meni ve\u010dina zgodovinarjev. Vendar zgodba o v Mariboru rojenem \u010dastniku avstro-ogrske monarhije ni tako preprosta. Avstrijci so ga \u017ee za njegovega \u017eivljenja slavili kot heroja (\u010deprav v dunajskih voja\u0161kih krogih ni imel ve\u010djega vpliva), Slovenci pa mu \u0161e danes ne priznavamo mesta, ki bi si ga zaslu\u017eil. Prikimavamo mu ga z nekak\u0161nim zadr\u017ekom. Slovenec res ni bil nikoli, vendar je bilo v ladjevju, s katerim je premagal najsodobneje opremljeno italijansko floto, mnogo na\u0161ih mornarjev, \u010dastnikov in kapitanov. Mogo\u010de je ironija usode, da je stala rojstna hi\u0161a poznej\u0161ega zmagovalca pri Visu v dana\u0161nji Slovenski ulici. Kot ljudstvo Slovenci ne priznavamo zgodovine in zgodovin. Vsakih nekaj deset let jo pi\u0161emo na novo, mi je nedavno izjavil intelektualec, ki seveda v aferi Evald Flisar ne \u017eeli biti imenovan. \u010ceprav so se na\u0161i pradedje in dedje borili na Piavi, o\u010detje so bili partizani, domobranci ali vermahtovci, nekaj so jih vpoklicali tudi Italijani, slovenski sinovi v tisti desetdnevni vojni pa vsi brez razlike pripadniki teritorialne obrambe. A slovenski zgodovini v kvazidomoljubno obarvanih \u0161olah pe\u0161a spomin, \u010de poenostavimo, smo po prihodu iz zakarpatskih mo\u010dvirij v hipu v 20. stoletju. Pred tem se malo ustavimo pri Bri\u017einskih spomenikih, na Gosposvetskem polju, tu in tam je kak\u0161en izmi\u0161ljeni Iztok izpod svobodnega sonca ter prav tak\u0161en kralj Matja\u017e, ki s svojo Alen\u010dico spi pod goro, na televiziji pa honorarno reklamira pivo. \u0160e \u0161losar, ki je p<\/p>\n","protected":false},"excerpt":{"rendered":"<p>\u010ce 20. julija 1866, pred 150 leti, kontraadmiral Wilhelm von Tegetthoff na \u010delu avstrijske flote v akvatoriju pri otoku Visu ne bi uni\u010dujo\u010de porazil veliko mo\u010dnej\u0161ega italijanskega vojnega ladjevja, Slovenci danes ne bi imeli svojega lavorja morja in 42 kilometrov obale. In tudi hrva\u0161ko morje in priobalje bi bila manj\u0161a. Druga\u010den izhod pomorskega spopada bi ju\u017eni sosedi odtrgal nekatere otoke in del obale, nam pa premaknil zahodno mejo v notranjost kopnega. Bitka pri Visu je sooblikovala zemljevid tega dela dana\u0161nje Evrope. Tako meni ve\u010dina zgodovinarjev. Vendar zgodba o v Mariboru rojenem \u010dastniku avstro-ogrske monarhije ni tako preprosta. Avstrijci so ga \u017ee za njegovega \u017eivljenja slavili kot heroja (\u010deprav v dunajskih voja\u0161kih krogih ni imel ve\u010djega vpliva), Slovenci pa mu \u0161e danes ne priznavamo mesta, ki bi si ga zaslu\u017eil. Prikimavamo mu ga z nekak\u0161nim zadr\u017ekom. Slovenec res ni bil nikoli, vendar je bilo v ladjevju, s katerim je premagal najsodobneje opremljeno italijansko floto, mnogo na\u0161ih mornarjev, \u010dastnikov in kapitanov. Mogo\u010de je ironija usode, da je stala rojstna hi\u0161a poznej\u0161ega zmagovalca pri Visu v dana\u0161nji Slovenski ulici. Kot ljudstvo Slovenci ne priznavamo zgodovine in zgodovin. Vsakih nekaj deset let jo pi\u0161emo na novo, mi je nedavno izjavil intelektualec, ki seveda v aferi Evald Flisar ne \u017eeli biti imenovan. \u010ceprav so se na\u0161i pradedje in dedje borili na Piavi, o\u010detje so bili partizani, domobranci ali vermahtovci, nekaj so jih vpoklicali tudi Italijani, slovenski sinovi v tisti desetdnevni vojni pa vsi brez razlike pripadniki teritorialne obrambe. A slovenski zgodovini v kvazidomoljubno obarvanih \u0161olah pe\u0161a spomin, \u010de poenostavimo, smo po prihodu iz zakarpatskih mo\u010dvirij v hipu v 20. stoletju. Pred tem se malo ustavimo pri Bri\u017einskih spomenikih, na Gosposvetskem polju, tu in tam je kak\u0161en izmi\u0161ljeni Iztok izpod svobodnega sonca ter prav tak\u0161en kralj Matja\u017e, ki s svojo Alen\u010dico spi pod goro, na televiziji pa honorarno reklamira pivo. \u0160e \u0161losar, ki je p<\/p>\n","protected":false},"author":1,"featured_media":0,"comment_status":"closed","ping_status":"closed","sticky":false,"template":"","format":"standard","meta":{"footnotes":""},"categories":[1179],"tags":[],"source":[1711],"supertag":[],"acf":[],"yoast_head":"<!-- This site is optimized with the Yoast SEO plugin v21.3 - https:\/\/yoast.com\/wordpress\/plugins\/seo\/ -->\n<title>Brez njega Slovenci ne bi imeli morja - Hudo Slovenija<\/title>\n<meta name=\"robots\" content=\"index, follow, max-snippet:-1, max-image-preview:large, max-video-preview:-1\" \/>\n<link rel=\"canonical\" href=\"https:\/\/hudo.com\/si\/aktualno\/brez-njega-slovenci-ne-bi-imeli-morja\/\" \/>\n<meta property=\"og:locale\" content=\"sl_SI\" \/>\n<meta property=\"og:type\" content=\"article\" \/>\n<meta property=\"og:title\" content=\"Brez njega Slovenci ne bi imeli morja - Hudo Slovenija\" \/>\n<meta property=\"og:description\" content=\"\u010ce 20. julija 1866, pred 150 leti, kontraadmiral Wilhelm von Tegetthoff na \u010delu avstrijske flote v akvatoriju pri otoku Visu ne bi uni\u010dujo\u010de porazil veliko mo\u010dnej\u0161ega italijanskega vojnega ladjevja, Slovenci danes ne bi imeli svojega lavorja morja in 42 kilometrov obale. In tudi hrva\u0161ko morje in priobalje bi bila manj\u0161a. Druga\u010den izhod pomorskega spopada bi ju\u017eni sosedi odtrgal nekatere otoke in del obale, nam pa premaknil zahodno mejo v notranjost kopnega. Bitka pri Visu je sooblikovala zemljevid tega dela dana\u0161nje Evrope. Tako meni ve\u010dina zgodovinarjev. Vendar zgodba o v Mariboru rojenem \u010dastniku avstro-ogrske monarhije ni tako preprosta. Avstrijci so ga \u017ee za njegovega \u017eivljenja slavili kot heroja (\u010deprav v dunajskih voja\u0161kih krogih ni imel ve\u010djega vpliva), Slovenci pa mu \u0161e danes ne priznavamo mesta, ki bi si ga zaslu\u017eil. Prikimavamo mu ga z nekak\u0161nim zadr\u017ekom. Slovenec res ni bil nikoli, vendar je bilo v ladjevju, s katerim je premagal najsodobneje opremljeno italijansko floto, mnogo na\u0161ih mornarjev, \u010dastnikov in kapitanov. Mogo\u010de je ironija usode, da je stala rojstna hi\u0161a poznej\u0161ega zmagovalca pri Visu v dana\u0161nji Slovenski ulici. Kot ljudstvo Slovenci ne priznavamo zgodovine in zgodovin. Vsakih nekaj deset let jo pi\u0161emo na novo, mi je nedavno izjavil intelektualec, ki seveda v aferi Evald Flisar ne \u017eeli biti imenovan. \u010ceprav so se na\u0161i pradedje in dedje borili na Piavi, o\u010detje so bili partizani, domobranci ali vermahtovci, nekaj so jih vpoklicali tudi Italijani, slovenski sinovi v tisti desetdnevni vojni pa vsi brez razlike pripadniki teritorialne obrambe. A slovenski zgodovini v kvazidomoljubno obarvanih \u0161olah pe\u0161a spomin, \u010de poenostavimo, smo po prihodu iz zakarpatskih mo\u010dvirij v hipu v 20. stoletju. Pred tem se malo ustavimo pri Bri\u017einskih spomenikih, na Gosposvetskem polju, tu in tam je kak\u0161en izmi\u0161ljeni Iztok izpod svobodnega sonca ter prav tak\u0161en kralj Matja\u017e, ki s svojo Alen\u010dico spi pod goro, na televiziji pa honorarno reklamira pivo. \u0160e \u0161losar, ki je p\" \/>\n<meta property=\"og:url\" content=\"https:\/\/hudo.com\/si\/aktualno\/brez-njega-slovenci-ne-bi-imeli-morja\/\" \/>\n<meta property=\"og:site_name\" content=\"Hudo Slovenija\" \/>\n<meta property=\"article:publisher\" content=\"https:\/\/www.facebook.com\/hudo.si\" \/>\n<meta property=\"article:published_time\" content=\"2016-07-16T20:00:00+00:00\" \/>\n<meta property=\"article:modified_time\" content=\"2016-07-17T18:12:10+00:00\" \/>\n<meta property=\"og:image\" content=\"https:\/\/hudo.com\/si\/wp-content\/uploads\/sites\/2\/2016\/07\/teg6-300.jpg\" \/>\n\t<meta property=\"og:image:width\" content=\"450\" \/>\n\t<meta property=\"og:image:height\" content=\"577\" \/>\n\t<meta property=\"og:image:type\" content=\"image\/jpeg\" \/>\n<meta name=\"author\" content=\"hudo\" \/>\n<meta name=\"twitter:card\" content=\"summary_large_image\" \/>\n<meta name=\"twitter:creator\" content=\"@hudo_si\" \/>\n<meta name=\"twitter:site\" content=\"@hudo_si\" \/>\n<meta name=\"twitter:label1\" content=\"Written by\" \/>\n\t<meta name=\"twitter:data1\" content=\"hudo\" \/>\n\t<meta name=\"twitter:label2\" content=\"Est. reading time\" \/>\n\t<meta name=\"twitter:data2\" content=\"2 minuti\" \/>\n<script type=\"application\/ld+json\" class=\"yoast-schema-graph\">{\"@context\":\"https:\/\/schema.org\",\"@graph\":[{\"@type\":\"Article\",\"@id\":\"https:\/\/hudo.com\/si\/aktualno\/brez-njega-slovenci-ne-bi-imeli-morja\/#article\",\"isPartOf\":{\"@id\":\"https:\/\/hudo.com\/si\/aktualno\/brez-njega-slovenci-ne-bi-imeli-morja\/\"},\"author\":{\"name\":\"hudo\",\"@id\":\"https:\/\/hudo.com\/si\/#\/schema\/person\/601cf3379633985b20f7e50f2bb47707\"},\"headline\":\"Brez njega Slovenci ne bi imeli morja\",\"datePublished\":\"2016-07-16T20:00:00+00:00\",\"dateModified\":\"2016-07-17T18:12:10+00:00\",\"mainEntityOfPage\":{\"@id\":\"https:\/\/hudo.com\/si\/aktualno\/brez-njega-slovenci-ne-bi-imeli-morja\/\"},\"wordCount\":341,\"publisher\":{\"@id\":\"https:\/\/hudo.com\/si\/#organization\"},\"articleSection\":[\"Aktualno\"],\"inLanguage\":\"sl-SI\"},{\"@type\":\"WebPage\",\"@id\":\"https:\/\/hudo.com\/si\/aktualno\/brez-njega-slovenci-ne-bi-imeli-morja\/\",\"url\":\"https:\/\/hudo.com\/si\/aktualno\/brez-njega-slovenci-ne-bi-imeli-morja\/\",\"name\":\"Brez njega Slovenci ne bi imeli morja - Hudo Slovenija\",\"isPartOf\":{\"@id\":\"https:\/\/hudo.com\/si\/#website\"},\"datePublished\":\"2016-07-16T20:00:00+00:00\",\"dateModified\":\"2016-07-17T18:12:10+00:00\",\"breadcrumb\":{\"@id\":\"https:\/\/hudo.com\/si\/aktualno\/brez-njega-slovenci-ne-bi-imeli-morja\/#breadcrumb\"},\"inLanguage\":\"sl-SI\",\"potentialAction\":[{\"@type\":\"ReadAction\",\"target\":[\"https:\/\/hudo.com\/si\/aktualno\/brez-njega-slovenci-ne-bi-imeli-morja\/\"]}]},{\"@type\":\"BreadcrumbList\",\"@id\":\"https:\/\/hudo.com\/si\/aktualno\/brez-njega-slovenci-ne-bi-imeli-morja\/#breadcrumb\",\"itemListElement\":[{\"@type\":\"ListItem\",\"position\":1,\"name\":\"Home\",\"item\":\"https:\/\/hudo.com\/si\/\"},{\"@type\":\"ListItem\",\"position\":2,\"name\":\"Brez njega Slovenci ne bi imeli morja\"}]},{\"@type\":\"WebSite\",\"@id\":\"https:\/\/hudo.com\/si\/#website\",\"url\":\"https:\/\/hudo.com\/si\/\",\"name\":\"Hudo Slovenija\",\"description\":\"Vse novice iz Slovenije in sveta\",\"publisher\":{\"@id\":\"https:\/\/hudo.com\/si\/#organization\"},\"potentialAction\":[{\"@type\":\"SearchAction\",\"target\":{\"@type\":\"EntryPoint\",\"urlTemplate\":\"https:\/\/hudo.com\/si\/?s={search_term_string}\"},\"query-input\":\"required name=search_term_string\"}],\"inLanguage\":\"sl-SI\"},{\"@type\":\"Organization\",\"@id\":\"https:\/\/hudo.com\/si\/#organization\",\"name\":\"VSN Media\",\"url\":\"https:\/\/hudo.com\/si\/\",\"logo\":{\"@type\":\"ImageObject\",\"inLanguage\":\"sl-SI\",\"@id\":\"https:\/\/hudo.com\/si\/#\/schema\/logo\/image\/\",\"url\":\"https:\/\/hudo.com\/si\/wp-content\/uploads\/sites\/2\/2021\/03\/hudo-app-2.png\",\"contentUrl\":\"https:\/\/hudo.com\/si\/wp-content\/uploads\/sites\/2\/2021\/03\/hudo-app-2.png\",\"width\":2185,\"height\":2167,\"caption\":\"VSN Media\"},\"image\":{\"@id\":\"https:\/\/hudo.com\/si\/#\/schema\/logo\/image\/\"},\"sameAs\":[\"https:\/\/www.facebook.com\/hudo.si\",\"https:\/\/twitter.com\/hudo_si\"]},{\"@type\":\"Person\",\"@id\":\"https:\/\/hudo.com\/si\/#\/schema\/person\/601cf3379633985b20f7e50f2bb47707\",\"name\":\"hudo\",\"image\":{\"@type\":\"ImageObject\",\"inLanguage\":\"sl-SI\",\"@id\":\"https:\/\/hudo.com\/si\/#\/schema\/person\/image\/\",\"url\":\"https:\/\/secure.gravatar.com\/avatar\/c4ca25fa72cace7a696b52ff5db9e095?s=96&d=mm&r=g\",\"contentUrl\":\"https:\/\/secure.gravatar.com\/avatar\/c4ca25fa72cace7a696b52ff5db9e095?s=96&d=mm&r=g\",\"caption\":\"hudo\"},\"url\":\"https:\/\/hudo.com\/si\/author\/hudo\/\"}]}<\/script>\n<!-- \/ Yoast SEO plugin. -->","yoast_head_json":{"title":"Brez njega Slovenci ne bi imeli morja - Hudo Slovenija","robots":{"index":"index","follow":"follow","max-snippet":"max-snippet:-1","max-image-preview":"max-image-preview:large","max-video-preview":"max-video-preview:-1"},"canonical":"https:\/\/hudo.com\/si\/aktualno\/brez-njega-slovenci-ne-bi-imeli-morja\/","og_locale":"sl_SI","og_type":"article","og_title":"Brez njega Slovenci ne bi imeli morja - Hudo Slovenija","og_description":"\u010ce 20. julija 1866, pred 150 leti, kontraadmiral Wilhelm von Tegetthoff na \u010delu avstrijske flote v akvatoriju pri otoku Visu ne bi uni\u010dujo\u010de porazil veliko mo\u010dnej\u0161ega italijanskega vojnega ladjevja, Slovenci danes ne bi imeli svojega lavorja morja in 42 kilometrov obale. In tudi hrva\u0161ko morje in priobalje bi bila manj\u0161a. Druga\u010den izhod pomorskega spopada bi ju\u017eni sosedi odtrgal nekatere otoke in del obale, nam pa premaknil zahodno mejo v notranjost kopnega. Bitka pri Visu je sooblikovala zemljevid tega dela dana\u0161nje Evrope. Tako meni ve\u010dina zgodovinarjev. Vendar zgodba o v Mariboru rojenem \u010dastniku avstro-ogrske monarhije ni tako preprosta. Avstrijci so ga \u017ee za njegovega \u017eivljenja slavili kot heroja (\u010deprav v dunajskih voja\u0161kih krogih ni imel ve\u010djega vpliva), Slovenci pa mu \u0161e danes ne priznavamo mesta, ki bi si ga zaslu\u017eil. Prikimavamo mu ga z nekak\u0161nim zadr\u017ekom. Slovenec res ni bil nikoli, vendar je bilo v ladjevju, s katerim je premagal najsodobneje opremljeno italijansko floto, mnogo na\u0161ih mornarjev, \u010dastnikov in kapitanov. Mogo\u010de je ironija usode, da je stala rojstna hi\u0161a poznej\u0161ega zmagovalca pri Visu v dana\u0161nji Slovenski ulici. Kot ljudstvo Slovenci ne priznavamo zgodovine in zgodovin. Vsakih nekaj deset let jo pi\u0161emo na novo, mi je nedavno izjavil intelektualec, ki seveda v aferi Evald Flisar ne \u017eeli biti imenovan. \u010ceprav so se na\u0161i pradedje in dedje borili na Piavi, o\u010detje so bili partizani, domobranci ali vermahtovci, nekaj so jih vpoklicali tudi Italijani, slovenski sinovi v tisti desetdnevni vojni pa vsi brez razlike pripadniki teritorialne obrambe. A slovenski zgodovini v kvazidomoljubno obarvanih \u0161olah pe\u0161a spomin, \u010de poenostavimo, smo po prihodu iz zakarpatskih mo\u010dvirij v hipu v 20. stoletju. Pred tem se malo ustavimo pri Bri\u017einskih spomenikih, na Gosposvetskem polju, tu in tam je kak\u0161en izmi\u0161ljeni Iztok izpod svobodnega sonca ter prav tak\u0161en kralj Matja\u017e, ki s svojo Alen\u010dico spi pod goro, na televiziji pa honorarno reklamira pivo. \u0160e \u0161losar, ki je p","og_url":"https:\/\/hudo.com\/si\/aktualno\/brez-njega-slovenci-ne-bi-imeli-morja\/","og_site_name":"Hudo Slovenija","article_publisher":"https:\/\/www.facebook.com\/hudo.si","article_published_time":"2016-07-16T20:00:00+00:00","article_modified_time":"2016-07-17T18:12:10+00:00","og_image":[{"width":450,"height":577,"url":"https:\/\/hudo.com\/si\/wp-content\/uploads\/sites\/2\/2016\/07\/teg6-300.jpg","type":"image\/jpeg"}],"author":"hudo","twitter_card":"summary_large_image","twitter_creator":"@hudo_si","twitter_site":"@hudo_si","twitter_misc":{"Written by":"hudo","Est. reading time":"2 minuti"},"schema":{"@context":"https:\/\/schema.org","@graph":[{"@type":"Article","@id":"https:\/\/hudo.com\/si\/aktualno\/brez-njega-slovenci-ne-bi-imeli-morja\/#article","isPartOf":{"@id":"https:\/\/hudo.com\/si\/aktualno\/brez-njega-slovenci-ne-bi-imeli-morja\/"},"author":{"name":"hudo","@id":"https:\/\/hudo.com\/si\/#\/schema\/person\/601cf3379633985b20f7e50f2bb47707"},"headline":"Brez njega Slovenci ne bi imeli morja","datePublished":"2016-07-16T20:00:00+00:00","dateModified":"2016-07-17T18:12:10+00:00","mainEntityOfPage":{"@id":"https:\/\/hudo.com\/si\/aktualno\/brez-njega-slovenci-ne-bi-imeli-morja\/"},"wordCount":341,"publisher":{"@id":"https:\/\/hudo.com\/si\/#organization"},"articleSection":["Aktualno"],"inLanguage":"sl-SI"},{"@type":"WebPage","@id":"https:\/\/hudo.com\/si\/aktualno\/brez-njega-slovenci-ne-bi-imeli-morja\/","url":"https:\/\/hudo.com\/si\/aktualno\/brez-njega-slovenci-ne-bi-imeli-morja\/","name":"Brez njega Slovenci ne bi imeli morja - Hudo Slovenija","isPartOf":{"@id":"https:\/\/hudo.com\/si\/#website"},"datePublished":"2016-07-16T20:00:00+00:00","dateModified":"2016-07-17T18:12:10+00:00","breadcrumb":{"@id":"https:\/\/hudo.com\/si\/aktualno\/brez-njega-slovenci-ne-bi-imeli-morja\/#breadcrumb"},"inLanguage":"sl-SI","potentialAction":[{"@type":"ReadAction","target":["https:\/\/hudo.com\/si\/aktualno\/brez-njega-slovenci-ne-bi-imeli-morja\/"]}]},{"@type":"BreadcrumbList","@id":"https:\/\/hudo.com\/si\/aktualno\/brez-njega-slovenci-ne-bi-imeli-morja\/#breadcrumb","itemListElement":[{"@type":"ListItem","position":1,"name":"Home","item":"https:\/\/hudo.com\/si\/"},{"@type":"ListItem","position":2,"name":"Brez njega Slovenci ne bi imeli morja"}]},{"@type":"WebSite","@id":"https:\/\/hudo.com\/si\/#website","url":"https:\/\/hudo.com\/si\/","name":"Hudo Slovenija","description":"Vse novice iz Slovenije in sveta","publisher":{"@id":"https:\/\/hudo.com\/si\/#organization"},"potentialAction":[{"@type":"SearchAction","target":{"@type":"EntryPoint","urlTemplate":"https:\/\/hudo.com\/si\/?s={search_term_string}"},"query-input":"required name=search_term_string"}],"inLanguage":"sl-SI"},{"@type":"Organization","@id":"https:\/\/hudo.com\/si\/#organization","name":"VSN Media","url":"https:\/\/hudo.com\/si\/","logo":{"@type":"ImageObject","inLanguage":"sl-SI","@id":"https:\/\/hudo.com\/si\/#\/schema\/logo\/image\/","url":"https:\/\/hudo.com\/si\/wp-content\/uploads\/sites\/2\/2021\/03\/hudo-app-2.png","contentUrl":"https:\/\/hudo.com\/si\/wp-content\/uploads\/sites\/2\/2021\/03\/hudo-app-2.png","width":2185,"height":2167,"caption":"VSN Media"},"image":{"@id":"https:\/\/hudo.com\/si\/#\/schema\/logo\/image\/"},"sameAs":["https:\/\/www.facebook.com\/hudo.si","https:\/\/twitter.com\/hudo_si"]},{"@type":"Person","@id":"https:\/\/hudo.com\/si\/#\/schema\/person\/601cf3379633985b20f7e50f2bb47707","name":"hudo","image":{"@type":"ImageObject","inLanguage":"sl-SI","@id":"https:\/\/hudo.com\/si\/#\/schema\/person\/image\/","url":"https:\/\/secure.gravatar.com\/avatar\/c4ca25fa72cace7a696b52ff5db9e095?s=96&d=mm&r=g","contentUrl":"https:\/\/secure.gravatar.com\/avatar\/c4ca25fa72cace7a696b52ff5db9e095?s=96&d=mm&r=g","caption":"hudo"},"url":"https:\/\/hudo.com\/si\/author\/hudo\/"}]}},"amp_enabled":true,"_links":{"self":[{"href":"https:\/\/hudo.com\/si\/wp-json\/wp\/v2\/posts\/96317"}],"collection":[{"href":"https:\/\/hudo.com\/si\/wp-json\/wp\/v2\/posts"}],"about":[{"href":"https:\/\/hudo.com\/si\/wp-json\/wp\/v2\/types\/post"}],"author":[{"embeddable":true,"href":"https:\/\/hudo.com\/si\/wp-json\/wp\/v2\/users\/1"}],"replies":[{"embeddable":true,"href":"https:\/\/hudo.com\/si\/wp-json\/wp\/v2\/comments?post=96317"}],"version-history":[{"count":1,"href":"https:\/\/hudo.com\/si\/wp-json\/wp\/v2\/posts\/96317\/revisions"}],"predecessor-version":[{"id":96373,"href":"https:\/\/hudo.com\/si\/wp-json\/wp\/v2\/posts\/96317\/revisions\/96373"}],"wp:attachment":[{"href":"https:\/\/hudo.com\/si\/wp-json\/wp\/v2\/media?parent=96317"}],"wp:term":[{"taxonomy":"category","embeddable":true,"href":"https:\/\/hudo.com\/si\/wp-json\/wp\/v2\/categories?post=96317"},{"taxonomy":"post_tag","embeddable":true,"href":"https:\/\/hudo.com\/si\/wp-json\/wp\/v2\/tags?post=96317"},{"taxonomy":"source","embeddable":true,"href":"https:\/\/hudo.com\/si\/wp-json\/wp\/v2\/source?post=96317"},{"taxonomy":"supertag","embeddable":true,"href":"https:\/\/hudo.com\/si\/wp-json\/wp\/v2\/supertag?post=96317"}],"curies":[{"name":"wp","href":"https:\/\/api.w.org\/{rel}","templated":true}]}}