{"id":96337,"date":"2016-07-16T20:42:00","date_gmt":"2016-07-16T18:42:00","guid":{"rendered":"http:\/\/hudo.com\/si\/2016\/07\/16\/janja-garnbret-drugic-zapored-najboljsa-tudi-v-villarsu\/"},"modified":"2016-07-17T08:31:31","modified_gmt":"2016-07-17T06:31:31","slug":"janja-garnbret-drugic-zapored-najboljsa-tudi-v-villarsu","status":"publish","type":"post","link":"https:\/\/hudo.com\/si\/aktualno\/janja-garnbret-drugic-zapored-najboljsa-tudi-v-villarsu\/","title":{"rendered":"Janja Garnbret drugi\u010d zapored, najbolj\u0161a tudi v Villarsu"},"content":{"rendered":"<p>Kategorija: Drugi \u0161porti Sat, 16 Jul 2016 22:42:00 +0200  Z\u00fcrich &#8211; Po izjemnem uvodu in dvojni zmagi slovenskih \u0161portnih plezalcev prej\u0161nji konec tedna v Franciji, je pravljica nadaljevanje dobila ta konec tedna v \u0161vicarskem Villarsu. Janja Garnbret je namre\u010d po premierni zmagi na tekmi svetovnega pokala v te\u017eavnostnem plezanju zmagala \u0161e drugi\u010d zapored. Komaj 17-letna slovenska plezalka, ki je o\u010ditno \u017ee prevzela \u0161tafetno palico slovenskih uspehov od Mine Markovi\u010d, je bila najbolj prepri\u010dljiva \u017ee v polfinalu, po Chamonixu pa dodala \u0161e eno zmago. Markovi\u010deva se tokrat v finale ni uvrstila in polfinalni nastop kon\u010dala na 15. mestu, v nadaljevanje pa se ni uvrstila tudi Rebeka Kamin, ki je bila 17. Druga je bila Belgijka Anak Verhoeven, tretja pa Korejka Jain Kim. Slovenjgraj\u010danka se tudi tokrat ni ustra\u0161ila bremena, \u0161e enkrat ve\u010d je potrdila svojo nadarjenost in ob navdu\u0161enem navijanju prehitela Belgijko,\u00a0&#8230;<\/p>\n","protected":false},"excerpt":{"rendered":"<p>Kategorija: Drugi \u0161porti Sat, 16 Jul 2016 22:42:00 +0200  Z\u00fcrich &#8211; Po izjemnem uvodu in dvojni zmagi slovenskih \u0161portnih plezalcev prej\u0161nji konec tedna v Franciji, je pravljica nadaljevanje dobila ta konec tedna v \u0161vicarskem Villarsu. Janja Garnbret je namre\u010d po premierni zmagi na tekmi svetovnega pokala v te\u017eavnostnem plezanju zmagala \u0161e drugi\u010d zapored. Komaj 17-letna slovenska plezalka, ki je o\u010ditno \u017ee prevzela \u0161tafetno palico slovenskih uspehov od Mine Markovi\u010d, je bila najbolj prepri\u010dljiva \u017ee v polfinalu, po Chamonixu pa dodala \u0161e eno zmago. Markovi\u010deva se tokrat v finale ni uvrstila in polfinalni nastop kon\u010dala na 15. mestu, v nadaljevanje pa se ni uvrstila tudi Rebeka Kamin, ki je bila 17. Druga je bila Belgijka Anak Verhoeven, tretja pa Korejka Jain Kim. Slovenjgraj\u010danka se tudi tokrat ni ustra\u0161ila bremena, \u0161e enkrat ve\u010d je potrdila svojo nadarjenost in ob navdu\u0161enem navijanju prehitela Belgijko,\u00a0&#8230;<\/p>\n","protected":false},"author":1,"featured_media":0,"comment_status":"closed","ping_status":"closed","sticky":false,"template":"","format":"standard","meta":{"footnotes":""},"categories":[1179],"tags":[],"source":[4511],"supertag":[],"acf":[],"yoast_head":"<!-- This site is optimized with the Yoast SEO plugin v21.3 - https:\/\/yoast.com\/wordpress\/plugins\/seo\/ -->\n<title>Janja Garnbret drugi\u010d zapored, najbolj\u0161a tudi v Villarsu - Hudo Slovenija<\/title>\n<meta name=\"robots\" content=\"index, follow, max-snippet:-1, max-image-preview:large, max-video-preview:-1\" \/>\n<link rel=\"canonical\" href=\"https:\/\/hudo.com\/si\/aktualno\/janja-garnbret-drugic-zapored-najboljsa-tudi-v-villarsu\/\" \/>\n<meta property=\"og:locale\" content=\"sl_SI\" \/>\n<meta property=\"og:type\" content=\"article\" \/>\n<meta property=\"og:title\" content=\"Janja Garnbret drugi\u010d zapored, najbolj\u0161a tudi v Villarsu - Hudo Slovenija\" \/>\n<meta property=\"og:description\" content=\"Kategorija: Drugi \u0161porti Sat, 16 Jul 2016 22:42:00 +0200 Z\u00fcrich - Po izjemnem uvodu in dvojni zmagi slovenskih \u0161portnih plezalcev prej\u0161nji konec tedna v Franciji, je pravljica nadaljevanje dobila ta konec tedna v \u0161vicarskem Villarsu. Janja Garnbret je namre\u010d po premierni zmagi na tekmi svetovnega pokala v te\u017eavnostnem plezanju zmagala \u0161e drugi\u010d zapored. Komaj 17-letna slovenska plezalka, ki je o\u010ditno \u017ee prevzela \u0161tafetno palico slovenskih uspehov od Mine Markovi\u010d, je bila najbolj prepri\u010dljiva \u017ee v polfinalu, po Chamonixu pa dodala \u0161e eno zmago. Markovi\u010deva se tokrat v finale ni uvrstila in polfinalni nastop kon\u010dala na 15. mestu, v nadaljevanje pa se ni uvrstila tudi Rebeka Kamin, ki je bila 17. Druga je bila Belgijka Anak Verhoeven, tretja pa Korejka Jain Kim. Slovenjgraj\u010danka se tudi tokrat ni ustra\u0161ila bremena, \u0161e enkrat ve\u010d je potrdila svojo nadarjenost in ob navdu\u0161enem navijanju prehitela Belgijko,\u00a0...\" \/>\n<meta property=\"og:url\" content=\"https:\/\/hudo.com\/si\/aktualno\/janja-garnbret-drugic-zapored-najboljsa-tudi-v-villarsu\/\" \/>\n<meta property=\"og:site_name\" content=\"Hudo Slovenija\" \/>\n<meta property=\"article:publisher\" content=\"https:\/\/www.facebook.com\/hudo.si\" \/>\n<meta property=\"article:published_time\" content=\"2016-07-16T18:42:00+00:00\" \/>\n<meta property=\"article:modified_time\" content=\"2016-07-17T06:31:31+00:00\" \/>\n<meta property=\"og:image\" content=\"https:\/\/hudo.com\/si\/wp-content\/uploads\/sites\/2\/2016\/07\/480x290_Sport__Delo_Foto_2015111500.7_hires0.jpeg\" \/>\n\t<meta property=\"og:image:width\" content=\"480\" \/>\n\t<meta property=\"og:image:height\" content=\"290\" \/>\n\t<meta property=\"og:image:type\" content=\"image\/jpeg\" \/>\n<meta name=\"author\" content=\"hudo\" \/>\n<meta name=\"twitter:card\" content=\"summary_large_image\" \/>\n<meta name=\"twitter:creator\" content=\"@hudo_si\" \/>\n<meta name=\"twitter:site\" content=\"@hudo_si\" \/>\n<meta name=\"twitter:label1\" content=\"Written by\" \/>\n\t<meta name=\"twitter:data1\" content=\"hudo\" \/>\n\t<meta name=\"twitter:label2\" content=\"Est. reading time\" \/>\n\t<meta name=\"twitter:data2\" content=\"1 minuta\" \/>\n<script type=\"application\/ld+json\" class=\"yoast-schema-graph\">{\"@context\":\"https:\/\/schema.org\",\"@graph\":[{\"@type\":\"Article\",\"@id\":\"https:\/\/hudo.com\/si\/aktualno\/janja-garnbret-drugic-zapored-najboljsa-tudi-v-villarsu\/#article\",\"isPartOf\":{\"@id\":\"https:\/\/hudo.com\/si\/aktualno\/janja-garnbret-drugic-zapored-najboljsa-tudi-v-villarsu\/\"},\"author\":{\"name\":\"hudo\",\"@id\":\"https:\/\/hudo.com\/si\/#\/schema\/person\/601cf3379633985b20f7e50f2bb47707\"},\"headline\":\"Janja Garnbret drugi\u010d zapored, najbolj\u0161a tudi v Villarsu\",\"datePublished\":\"2016-07-16T18:42:00+00:00\",\"dateModified\":\"2016-07-17T06:31:31+00:00\",\"mainEntityOfPage\":{\"@id\":\"https:\/\/hudo.com\/si\/aktualno\/janja-garnbret-drugic-zapored-najboljsa-tudi-v-villarsu\/\"},\"wordCount\":154,\"publisher\":{\"@id\":\"https:\/\/hudo.com\/si\/#organization\"},\"articleSection\":[\"Aktualno\"],\"inLanguage\":\"sl-SI\"},{\"@type\":\"WebPage\",\"@id\":\"https:\/\/hudo.com\/si\/aktualno\/janja-garnbret-drugic-zapored-najboljsa-tudi-v-villarsu\/\",\"url\":\"https:\/\/hudo.com\/si\/aktualno\/janja-garnbret-drugic-zapored-najboljsa-tudi-v-villarsu\/\",\"name\":\"Janja Garnbret drugi\u010d zapored, najbolj\u0161a tudi v Villarsu - Hudo Slovenija\",\"isPartOf\":{\"@id\":\"https:\/\/hudo.com\/si\/#website\"},\"datePublished\":\"2016-07-16T18:42:00+00:00\",\"dateModified\":\"2016-07-17T06:31:31+00:00\",\"breadcrumb\":{\"@id\":\"https:\/\/hudo.com\/si\/aktualno\/janja-garnbret-drugic-zapored-najboljsa-tudi-v-villarsu\/#breadcrumb\"},\"inLanguage\":\"sl-SI\",\"potentialAction\":[{\"@type\":\"ReadAction\",\"target\":[\"https:\/\/hudo.com\/si\/aktualno\/janja-garnbret-drugic-zapored-najboljsa-tudi-v-villarsu\/\"]}]},{\"@type\":\"BreadcrumbList\",\"@id\":\"https:\/\/hudo.com\/si\/aktualno\/janja-garnbret-drugic-zapored-najboljsa-tudi-v-villarsu\/#breadcrumb\",\"itemListElement\":[{\"@type\":\"ListItem\",\"position\":1,\"name\":\"Home\",\"item\":\"https:\/\/hudo.com\/si\/\"},{\"@type\":\"ListItem\",\"position\":2,\"name\":\"Janja Garnbret drugi\u010d zapored, najbolj\u0161a tudi v Villarsu\"}]},{\"@type\":\"WebSite\",\"@id\":\"https:\/\/hudo.com\/si\/#website\",\"url\":\"https:\/\/hudo.com\/si\/\",\"name\":\"Hudo Slovenija\",\"description\":\"Vse novice iz Slovenije in sveta\",\"publisher\":{\"@id\":\"https:\/\/hudo.com\/si\/#organization\"},\"potentialAction\":[{\"@type\":\"SearchAction\",\"target\":{\"@type\":\"EntryPoint\",\"urlTemplate\":\"https:\/\/hudo.com\/si\/?s={search_term_string}\"},\"query-input\":\"required name=search_term_string\"}],\"inLanguage\":\"sl-SI\"},{\"@type\":\"Organization\",\"@id\":\"https:\/\/hudo.com\/si\/#organization\",\"name\":\"VSN Media\",\"url\":\"https:\/\/hudo.com\/si\/\",\"logo\":{\"@type\":\"ImageObject\",\"inLanguage\":\"sl-SI\",\"@id\":\"https:\/\/hudo.com\/si\/#\/schema\/logo\/image\/\",\"url\":\"https:\/\/hudo.com\/si\/wp-content\/uploads\/sites\/2\/2021\/03\/hudo-app-2.png\",\"contentUrl\":\"https:\/\/hudo.com\/si\/wp-content\/uploads\/sites\/2\/2021\/03\/hudo-app-2.png\",\"width\":2185,\"height\":2167,\"caption\":\"VSN Media\"},\"image\":{\"@id\":\"https:\/\/hudo.com\/si\/#\/schema\/logo\/image\/\"},\"sameAs\":[\"https:\/\/www.facebook.com\/hudo.si\",\"https:\/\/twitter.com\/hudo_si\"]},{\"@type\":\"Person\",\"@id\":\"https:\/\/hudo.com\/si\/#\/schema\/person\/601cf3379633985b20f7e50f2bb47707\",\"name\":\"hudo\",\"image\":{\"@type\":\"ImageObject\",\"inLanguage\":\"sl-SI\",\"@id\":\"https:\/\/hudo.com\/si\/#\/schema\/person\/image\/\",\"url\":\"https:\/\/secure.gravatar.com\/avatar\/c4ca25fa72cace7a696b52ff5db9e095?s=96&d=mm&r=g\",\"contentUrl\":\"https:\/\/secure.gravatar.com\/avatar\/c4ca25fa72cace7a696b52ff5db9e095?s=96&d=mm&r=g\",\"caption\":\"hudo\"},\"url\":\"https:\/\/hudo.com\/si\/author\/hudo\/\"}]}<\/script>\n<!-- \/ Yoast SEO plugin. -->","yoast_head_json":{"title":"Janja Garnbret drugi\u010d zapored, najbolj\u0161a tudi v Villarsu - Hudo Slovenija","robots":{"index":"index","follow":"follow","max-snippet":"max-snippet:-1","max-image-preview":"max-image-preview:large","max-video-preview":"max-video-preview:-1"},"canonical":"https:\/\/hudo.com\/si\/aktualno\/janja-garnbret-drugic-zapored-najboljsa-tudi-v-villarsu\/","og_locale":"sl_SI","og_type":"article","og_title":"Janja Garnbret drugi\u010d zapored, najbolj\u0161a tudi v Villarsu - Hudo Slovenija","og_description":"Kategorija: Drugi \u0161porti Sat, 16 Jul 2016 22:42:00 +0200 Z\u00fcrich - Po izjemnem uvodu in dvojni zmagi slovenskih \u0161portnih plezalcev prej\u0161nji konec tedna v Franciji, je pravljica nadaljevanje dobila ta konec tedna v \u0161vicarskem Villarsu. Janja Garnbret je namre\u010d po premierni zmagi na tekmi svetovnega pokala v te\u017eavnostnem plezanju zmagala \u0161e drugi\u010d zapored. Komaj 17-letna slovenska plezalka, ki je o\u010ditno \u017ee prevzela \u0161tafetno palico slovenskih uspehov od Mine Markovi\u010d, je bila najbolj prepri\u010dljiva \u017ee v polfinalu, po Chamonixu pa dodala \u0161e eno zmago. Markovi\u010deva se tokrat v finale ni uvrstila in polfinalni nastop kon\u010dala na 15. mestu, v nadaljevanje pa se ni uvrstila tudi Rebeka Kamin, ki je bila 17. Druga je bila Belgijka Anak Verhoeven, tretja pa Korejka Jain Kim. Slovenjgraj\u010danka se tudi tokrat ni ustra\u0161ila bremena, \u0161e enkrat ve\u010d je potrdila svojo nadarjenost in ob navdu\u0161enem navijanju prehitela Belgijko,\u00a0...","og_url":"https:\/\/hudo.com\/si\/aktualno\/janja-garnbret-drugic-zapored-najboljsa-tudi-v-villarsu\/","og_site_name":"Hudo Slovenija","article_publisher":"https:\/\/www.facebook.com\/hudo.si","article_published_time":"2016-07-16T18:42:00+00:00","article_modified_time":"2016-07-17T06:31:31+00:00","og_image":[{"width":480,"height":290,"url":"https:\/\/hudo.com\/si\/wp-content\/uploads\/sites\/2\/2016\/07\/480x290_Sport__Delo_Foto_2015111500.7_hires0.jpeg","type":"image\/jpeg"}],"author":"hudo","twitter_card":"summary_large_image","twitter_creator":"@hudo_si","twitter_site":"@hudo_si","twitter_misc":{"Written by":"hudo","Est. reading time":"1 minuta"},"schema":{"@context":"https:\/\/schema.org","@graph":[{"@type":"Article","@id":"https:\/\/hudo.com\/si\/aktualno\/janja-garnbret-drugic-zapored-najboljsa-tudi-v-villarsu\/#article","isPartOf":{"@id":"https:\/\/hudo.com\/si\/aktualno\/janja-garnbret-drugic-zapored-najboljsa-tudi-v-villarsu\/"},"author":{"name":"hudo","@id":"https:\/\/hudo.com\/si\/#\/schema\/person\/601cf3379633985b20f7e50f2bb47707"},"headline":"Janja Garnbret drugi\u010d zapored, najbolj\u0161a tudi v Villarsu","datePublished":"2016-07-16T18:42:00+00:00","dateModified":"2016-07-17T06:31:31+00:00","mainEntityOfPage":{"@id":"https:\/\/hudo.com\/si\/aktualno\/janja-garnbret-drugic-zapored-najboljsa-tudi-v-villarsu\/"},"wordCount":154,"publisher":{"@id":"https:\/\/hudo.com\/si\/#organization"},"articleSection":["Aktualno"],"inLanguage":"sl-SI"},{"@type":"WebPage","@id":"https:\/\/hudo.com\/si\/aktualno\/janja-garnbret-drugic-zapored-najboljsa-tudi-v-villarsu\/","url":"https:\/\/hudo.com\/si\/aktualno\/janja-garnbret-drugic-zapored-najboljsa-tudi-v-villarsu\/","name":"Janja Garnbret drugi\u010d zapored, najbolj\u0161a tudi v Villarsu - Hudo Slovenija","isPartOf":{"@id":"https:\/\/hudo.com\/si\/#website"},"datePublished":"2016-07-16T18:42:00+00:00","dateModified":"2016-07-17T06:31:31+00:00","breadcrumb":{"@id":"https:\/\/hudo.com\/si\/aktualno\/janja-garnbret-drugic-zapored-najboljsa-tudi-v-villarsu\/#breadcrumb"},"inLanguage":"sl-SI","potentialAction":[{"@type":"ReadAction","target":["https:\/\/hudo.com\/si\/aktualno\/janja-garnbret-drugic-zapored-najboljsa-tudi-v-villarsu\/"]}]},{"@type":"BreadcrumbList","@id":"https:\/\/hudo.com\/si\/aktualno\/janja-garnbret-drugic-zapored-najboljsa-tudi-v-villarsu\/#breadcrumb","itemListElement":[{"@type":"ListItem","position":1,"name":"Home","item":"https:\/\/hudo.com\/si\/"},{"@type":"ListItem","position":2,"name":"Janja Garnbret drugi\u010d zapored, najbolj\u0161a tudi v Villarsu"}]},{"@type":"WebSite","@id":"https:\/\/hudo.com\/si\/#website","url":"https:\/\/hudo.com\/si\/","name":"Hudo Slovenija","description":"Vse novice iz Slovenije in sveta","publisher":{"@id":"https:\/\/hudo.com\/si\/#organization"},"potentialAction":[{"@type":"SearchAction","target":{"@type":"EntryPoint","urlTemplate":"https:\/\/hudo.com\/si\/?s={search_term_string}"},"query-input":"required name=search_term_string"}],"inLanguage":"sl-SI"},{"@type":"Organization","@id":"https:\/\/hudo.com\/si\/#organization","name":"VSN Media","url":"https:\/\/hudo.com\/si\/","logo":{"@type":"ImageObject","inLanguage":"sl-SI","@id":"https:\/\/hudo.com\/si\/#\/schema\/logo\/image\/","url":"https:\/\/hudo.com\/si\/wp-content\/uploads\/sites\/2\/2021\/03\/hudo-app-2.png","contentUrl":"https:\/\/hudo.com\/si\/wp-content\/uploads\/sites\/2\/2021\/03\/hudo-app-2.png","width":2185,"height":2167,"caption":"VSN Media"},"image":{"@id":"https:\/\/hudo.com\/si\/#\/schema\/logo\/image\/"},"sameAs":["https:\/\/www.facebook.com\/hudo.si","https:\/\/twitter.com\/hudo_si"]},{"@type":"Person","@id":"https:\/\/hudo.com\/si\/#\/schema\/person\/601cf3379633985b20f7e50f2bb47707","name":"hudo","image":{"@type":"ImageObject","inLanguage":"sl-SI","@id":"https:\/\/hudo.com\/si\/#\/schema\/person\/image\/","url":"https:\/\/secure.gravatar.com\/avatar\/c4ca25fa72cace7a696b52ff5db9e095?s=96&d=mm&r=g","contentUrl":"https:\/\/secure.gravatar.com\/avatar\/c4ca25fa72cace7a696b52ff5db9e095?s=96&d=mm&r=g","caption":"hudo"},"url":"https:\/\/hudo.com\/si\/author\/hudo\/"}]}},"amp_enabled":true,"_links":{"self":[{"href":"https:\/\/hudo.com\/si\/wp-json\/wp\/v2\/posts\/96337"}],"collection":[{"href":"https:\/\/hudo.com\/si\/wp-json\/wp\/v2\/posts"}],"about":[{"href":"https:\/\/hudo.com\/si\/wp-json\/wp\/v2\/types\/post"}],"author":[{"embeddable":true,"href":"https:\/\/hudo.com\/si\/wp-json\/wp\/v2\/users\/1"}],"replies":[{"embeddable":true,"href":"https:\/\/hudo.com\/si\/wp-json\/wp\/v2\/comments?post=96337"}],"version-history":[{"count":1,"href":"https:\/\/hudo.com\/si\/wp-json\/wp\/v2\/posts\/96337\/revisions"}],"predecessor-version":[{"id":96383,"href":"https:\/\/hudo.com\/si\/wp-json\/wp\/v2\/posts\/96337\/revisions\/96383"}],"wp:attachment":[{"href":"https:\/\/hudo.com\/si\/wp-json\/wp\/v2\/media?parent=96337"}],"wp:term":[{"taxonomy":"category","embeddable":true,"href":"https:\/\/hudo.com\/si\/wp-json\/wp\/v2\/categories?post=96337"},{"taxonomy":"post_tag","embeddable":true,"href":"https:\/\/hudo.com\/si\/wp-json\/wp\/v2\/tags?post=96337"},{"taxonomy":"source","embeddable":true,"href":"https:\/\/hudo.com\/si\/wp-json\/wp\/v2\/source?post=96337"},{"taxonomy":"supertag","embeddable":true,"href":"https:\/\/hudo.com\/si\/wp-json\/wp\/v2\/supertag?post=96337"}],"curies":[{"name":"wp","href":"https:\/\/api.w.org\/{rel}","templated":true}]}}