{"id":9672,"date":"2016-03-31T10:08:00","date_gmt":"2016-03-31T09:08:00","guid":{"rendered":"http:\/\/master.hudo.com\/si\/2016\/03\/31\/agnel-ne-bo-branil-olimpijskega-zlata\/"},"modified":"2016-03-31T10:08:00","modified_gmt":"2016-03-31T09:08:00","slug":"agnel-ne-bo-branil-olimpijskega-zlata","status":"publish","type":"post","link":"https:\/\/hudo.com\/si\/aktualno\/agnel-ne-bo-branil-olimpijskega-zlata\/","title":{"rendered":"Agnel ne bo branil olimpijskega zlata"},"content":{"rendered":"<p>Kategorija: Drugi \u0161porti Thu, 31 Mar 2016 12:08:00 +0200  Montpellier &#8211; Olimpijski zmagovalec na 200 metrov prosto, francoski plavalec Yannick Agnel, letos v Riu ne bo branil odli\u010dja naj\u017elahtnej\u0161ega leska. Pa ne bo odsoten niti zavoljo zloglasnega meldonija niti zaradi po\u0161kodbe, temve\u010d se mu v\u010deraj na dr\u017eavnem prvenstvu enostavno ni posre\u010dilo kvalificirati za igre. Zasedel je namre\u010d tretje mesto, premo\u010d priznal Jeremyju Straviusu in Jordanu Pothainu, \u010das 1:46,06 pa je bil prepo\u010dasen za neposredno pot v Rio. Triindvajsetletnik je bil sicer v cilju prepri\u010dan, da je v cilj priplaval kot drugi, a so uradni rezultati pokazali, da je bil Pothain malenkostno hitrej\u0161i. Agnel se je na to prito\u017eil zaradi suma nepravilnosti pri merjenju \u010dasa, do katerih bi lahko pri\u0161lo v primeru, da bi se svetovni prvak izpred treh let podlage ob robu bazena, ki poka\u017ee plaval\u010dev \u010das, dotaknil prenizko. Po\u00a0&#8230;<\/p>\n","protected":false},"excerpt":{"rendered":"<p>Kategorija: Drugi \u0161porti Thu, 31 Mar 2016 12:08:00 +0200  Montpellier &#8211; Olimpijski zmagovalec na 200 metrov prosto, francoski plavalec Yannick Agnel, letos v Riu ne bo branil odli\u010dja naj\u017elahtnej\u0161ega leska. Pa ne bo odsoten niti zavoljo zloglasnega meldonija niti zaradi po\u0161kodbe, temve\u010d se mu v\u010deraj na dr\u017eavnem prvenstvu enostavno ni posre\u010dilo kvalificirati za igre. Zasedel je namre\u010d tretje mesto, premo\u010d priznal Jeremyju Straviusu in Jordanu Pothainu, \u010das 1:46,06 pa je bil prepo\u010dasen za neposredno pot v Rio. Triindvajsetletnik je bil sicer v cilju prepri\u010dan, da je v cilj priplaval kot drugi, a so uradni rezultati pokazali, da je bil Pothain malenkostno hitrej\u0161i. Agnel se je na to prito\u017eil zaradi suma nepravilnosti pri merjenju \u010dasa, do katerih bi lahko pri\u0161lo v primeru, da bi se svetovni prvak izpred treh let podlage ob robu bazena, ki poka\u017ee plaval\u010dev \u010das, dotaknil prenizko. Po\u00a0&#8230;<\/p>\n","protected":false},"author":1,"featured_media":0,"comment_status":"closed","ping_status":"closed","sticky":false,"template":"","format":"standard","meta":{"footnotes":""},"categories":[1179],"tags":[],"source":[4511],"supertag":[],"acf":[],"yoast_head":"<!-- This site is optimized with the Yoast SEO plugin v21.3 - https:\/\/yoast.com\/wordpress\/plugins\/seo\/ -->\n<title>Agnel ne bo branil olimpijskega zlata - Hudo Slovenija<\/title>\n<meta name=\"robots\" content=\"index, follow, max-snippet:-1, max-image-preview:large, max-video-preview:-1\" \/>\n<link rel=\"canonical\" href=\"https:\/\/hudo.com\/si\/aktualno\/agnel-ne-bo-branil-olimpijskega-zlata\/\" \/>\n<meta property=\"og:locale\" content=\"sl_SI\" \/>\n<meta property=\"og:type\" content=\"article\" \/>\n<meta property=\"og:title\" content=\"Agnel ne bo branil olimpijskega zlata - Hudo Slovenija\" \/>\n<meta property=\"og:description\" content=\"Kategorija: Drugi \u0161porti Thu, 31 Mar 2016 12:08:00 +0200 Montpellier - Olimpijski zmagovalec na 200 metrov prosto, francoski plavalec Yannick Agnel, letos v Riu ne bo branil odli\u010dja naj\u017elahtnej\u0161ega leska. Pa ne bo odsoten niti zavoljo zloglasnega meldonija niti zaradi po\u0161kodbe, temve\u010d se mu v\u010deraj na dr\u017eavnem prvenstvu enostavno ni posre\u010dilo kvalificirati za igre. Zasedel je namre\u010d tretje mesto, premo\u010d priznal Jeremyju Straviusu in Jordanu Pothainu, \u010das 1:46,06 pa je bil prepo\u010dasen za neposredno pot v Rio. Triindvajsetletnik je bil sicer v cilju prepri\u010dan, da je v cilj priplaval kot drugi, a so uradni rezultati pokazali, da je bil Pothain malenkostno hitrej\u0161i. Agnel se je na to prito\u017eil zaradi suma nepravilnosti pri merjenju \u010dasa, do katerih bi lahko pri\u0161lo v primeru, da bi se svetovni prvak izpred treh let podlage ob robu bazena, ki poka\u017ee plaval\u010dev \u010das, dotaknil prenizko. Po\u00a0...\" \/>\n<meta property=\"og:url\" content=\"https:\/\/hudo.com\/si\/aktualno\/agnel-ne-bo-branil-olimpijskega-zlata\/\" \/>\n<meta property=\"og:site_name\" content=\"Hudo Slovenija\" \/>\n<meta property=\"article:publisher\" content=\"https:\/\/www.facebook.com\/hudo.si\" \/>\n<meta property=\"article:published_time\" content=\"2016-03-31T09:08:00+00:00\" \/>\n<meta property=\"og:image\" content=\"https:\/\/hudo.com\/si\/wp-content\/uploads\/sites\/2\/2016\/03\/480x290_AFP_Photo-20160329200718-84157000.jpeg\" \/>\n\t<meta property=\"og:image:width\" content=\"480\" \/>\n\t<meta property=\"og:image:height\" content=\"290\" \/>\n\t<meta property=\"og:image:type\" content=\"image\/jpeg\" \/>\n<meta name=\"author\" content=\"hudo\" \/>\n<meta name=\"twitter:card\" content=\"summary_large_image\" \/>\n<meta name=\"twitter:creator\" content=\"@hudo_si\" \/>\n<meta name=\"twitter:site\" content=\"@hudo_si\" \/>\n<meta name=\"twitter:label1\" content=\"Written by\" \/>\n\t<meta name=\"twitter:data1\" content=\"hudo\" \/>\n\t<meta name=\"twitter:label2\" content=\"Est. reading time\" \/>\n\t<meta name=\"twitter:data2\" content=\"1 minuta\" \/>\n<script type=\"application\/ld+json\" class=\"yoast-schema-graph\">{\"@context\":\"https:\/\/schema.org\",\"@graph\":[{\"@type\":\"Article\",\"@id\":\"https:\/\/hudo.com\/si\/aktualno\/agnel-ne-bo-branil-olimpijskega-zlata\/#article\",\"isPartOf\":{\"@id\":\"https:\/\/hudo.com\/si\/aktualno\/agnel-ne-bo-branil-olimpijskega-zlata\/\"},\"author\":{\"name\":\"hudo\",\"@id\":\"https:\/\/hudo.com\/si\/#\/schema\/person\/601cf3379633985b20f7e50f2bb47707\"},\"headline\":\"Agnel ne bo branil olimpijskega zlata\",\"datePublished\":\"2016-03-31T09:08:00+00:00\",\"dateModified\":\"2016-03-31T09:08:00+00:00\",\"mainEntityOfPage\":{\"@id\":\"https:\/\/hudo.com\/si\/aktualno\/agnel-ne-bo-branil-olimpijskega-zlata\/\"},\"wordCount\":154,\"publisher\":{\"@id\":\"https:\/\/hudo.com\/si\/#organization\"},\"articleSection\":[\"Aktualno\"],\"inLanguage\":\"sl-SI\"},{\"@type\":\"WebPage\",\"@id\":\"https:\/\/hudo.com\/si\/aktualno\/agnel-ne-bo-branil-olimpijskega-zlata\/\",\"url\":\"https:\/\/hudo.com\/si\/aktualno\/agnel-ne-bo-branil-olimpijskega-zlata\/\",\"name\":\"Agnel ne bo branil olimpijskega zlata - Hudo Slovenija\",\"isPartOf\":{\"@id\":\"https:\/\/hudo.com\/si\/#website\"},\"datePublished\":\"2016-03-31T09:08:00+00:00\",\"dateModified\":\"2016-03-31T09:08:00+00:00\",\"breadcrumb\":{\"@id\":\"https:\/\/hudo.com\/si\/aktualno\/agnel-ne-bo-branil-olimpijskega-zlata\/#breadcrumb\"},\"inLanguage\":\"sl-SI\",\"potentialAction\":[{\"@type\":\"ReadAction\",\"target\":[\"https:\/\/hudo.com\/si\/aktualno\/agnel-ne-bo-branil-olimpijskega-zlata\/\"]}]},{\"@type\":\"BreadcrumbList\",\"@id\":\"https:\/\/hudo.com\/si\/aktualno\/agnel-ne-bo-branil-olimpijskega-zlata\/#breadcrumb\",\"itemListElement\":[{\"@type\":\"ListItem\",\"position\":1,\"name\":\"Home\",\"item\":\"https:\/\/hudo.com\/si\/\"},{\"@type\":\"ListItem\",\"position\":2,\"name\":\"Agnel ne bo branil olimpijskega zlata\"}]},{\"@type\":\"WebSite\",\"@id\":\"https:\/\/hudo.com\/si\/#website\",\"url\":\"https:\/\/hudo.com\/si\/\",\"name\":\"Hudo Slovenija\",\"description\":\"Vse novice iz Slovenije in sveta\",\"publisher\":{\"@id\":\"https:\/\/hudo.com\/si\/#organization\"},\"potentialAction\":[{\"@type\":\"SearchAction\",\"target\":{\"@type\":\"EntryPoint\",\"urlTemplate\":\"https:\/\/hudo.com\/si\/?s={search_term_string}\"},\"query-input\":\"required name=search_term_string\"}],\"inLanguage\":\"sl-SI\"},{\"@type\":\"Organization\",\"@id\":\"https:\/\/hudo.com\/si\/#organization\",\"name\":\"VSN Media\",\"url\":\"https:\/\/hudo.com\/si\/\",\"logo\":{\"@type\":\"ImageObject\",\"inLanguage\":\"sl-SI\",\"@id\":\"https:\/\/hudo.com\/si\/#\/schema\/logo\/image\/\",\"url\":\"https:\/\/hudo.com\/si\/wp-content\/uploads\/sites\/2\/2021\/03\/hudo-app-2.png\",\"contentUrl\":\"https:\/\/hudo.com\/si\/wp-content\/uploads\/sites\/2\/2021\/03\/hudo-app-2.png\",\"width\":2185,\"height\":2167,\"caption\":\"VSN Media\"},\"image\":{\"@id\":\"https:\/\/hudo.com\/si\/#\/schema\/logo\/image\/\"},\"sameAs\":[\"https:\/\/www.facebook.com\/hudo.si\",\"https:\/\/twitter.com\/hudo_si\"]},{\"@type\":\"Person\",\"@id\":\"https:\/\/hudo.com\/si\/#\/schema\/person\/601cf3379633985b20f7e50f2bb47707\",\"name\":\"hudo\",\"image\":{\"@type\":\"ImageObject\",\"inLanguage\":\"sl-SI\",\"@id\":\"https:\/\/hudo.com\/si\/#\/schema\/person\/image\/\",\"url\":\"https:\/\/secure.gravatar.com\/avatar\/c4ca25fa72cace7a696b52ff5db9e095?s=96&d=mm&r=g\",\"contentUrl\":\"https:\/\/secure.gravatar.com\/avatar\/c4ca25fa72cace7a696b52ff5db9e095?s=96&d=mm&r=g\",\"caption\":\"hudo\"},\"url\":\"https:\/\/hudo.com\/si\/author\/hudo\/\"}]}<\/script>\n<!-- \/ Yoast SEO plugin. -->","yoast_head_json":{"title":"Agnel ne bo branil olimpijskega zlata - Hudo Slovenija","robots":{"index":"index","follow":"follow","max-snippet":"max-snippet:-1","max-image-preview":"max-image-preview:large","max-video-preview":"max-video-preview:-1"},"canonical":"https:\/\/hudo.com\/si\/aktualno\/agnel-ne-bo-branil-olimpijskega-zlata\/","og_locale":"sl_SI","og_type":"article","og_title":"Agnel ne bo branil olimpijskega zlata - Hudo Slovenija","og_description":"Kategorija: Drugi \u0161porti Thu, 31 Mar 2016 12:08:00 +0200 Montpellier - Olimpijski zmagovalec na 200 metrov prosto, francoski plavalec Yannick Agnel, letos v Riu ne bo branil odli\u010dja naj\u017elahtnej\u0161ega leska. Pa ne bo odsoten niti zavoljo zloglasnega meldonija niti zaradi po\u0161kodbe, temve\u010d se mu v\u010deraj na dr\u017eavnem prvenstvu enostavno ni posre\u010dilo kvalificirati za igre. Zasedel je namre\u010d tretje mesto, premo\u010d priznal Jeremyju Straviusu in Jordanu Pothainu, \u010das 1:46,06 pa je bil prepo\u010dasen za neposredno pot v Rio. Triindvajsetletnik je bil sicer v cilju prepri\u010dan, da je v cilj priplaval kot drugi, a so uradni rezultati pokazali, da je bil Pothain malenkostno hitrej\u0161i. Agnel se je na to prito\u017eil zaradi suma nepravilnosti pri merjenju \u010dasa, do katerih bi lahko pri\u0161lo v primeru, da bi se svetovni prvak izpred treh let podlage ob robu bazena, ki poka\u017ee plaval\u010dev \u010das, dotaknil prenizko. Po\u00a0...","og_url":"https:\/\/hudo.com\/si\/aktualno\/agnel-ne-bo-branil-olimpijskega-zlata\/","og_site_name":"Hudo Slovenija","article_publisher":"https:\/\/www.facebook.com\/hudo.si","article_published_time":"2016-03-31T09:08:00+00:00","og_image":[{"width":480,"height":290,"url":"https:\/\/hudo.com\/si\/wp-content\/uploads\/sites\/2\/2016\/03\/480x290_AFP_Photo-20160329200718-84157000.jpeg","type":"image\/jpeg"}],"author":"hudo","twitter_card":"summary_large_image","twitter_creator":"@hudo_si","twitter_site":"@hudo_si","twitter_misc":{"Written by":"hudo","Est. reading time":"1 minuta"},"schema":{"@context":"https:\/\/schema.org","@graph":[{"@type":"Article","@id":"https:\/\/hudo.com\/si\/aktualno\/agnel-ne-bo-branil-olimpijskega-zlata\/#article","isPartOf":{"@id":"https:\/\/hudo.com\/si\/aktualno\/agnel-ne-bo-branil-olimpijskega-zlata\/"},"author":{"name":"hudo","@id":"https:\/\/hudo.com\/si\/#\/schema\/person\/601cf3379633985b20f7e50f2bb47707"},"headline":"Agnel ne bo branil olimpijskega zlata","datePublished":"2016-03-31T09:08:00+00:00","dateModified":"2016-03-31T09:08:00+00:00","mainEntityOfPage":{"@id":"https:\/\/hudo.com\/si\/aktualno\/agnel-ne-bo-branil-olimpijskega-zlata\/"},"wordCount":154,"publisher":{"@id":"https:\/\/hudo.com\/si\/#organization"},"articleSection":["Aktualno"],"inLanguage":"sl-SI"},{"@type":"WebPage","@id":"https:\/\/hudo.com\/si\/aktualno\/agnel-ne-bo-branil-olimpijskega-zlata\/","url":"https:\/\/hudo.com\/si\/aktualno\/agnel-ne-bo-branil-olimpijskega-zlata\/","name":"Agnel ne bo branil olimpijskega zlata - Hudo Slovenija","isPartOf":{"@id":"https:\/\/hudo.com\/si\/#website"},"datePublished":"2016-03-31T09:08:00+00:00","dateModified":"2016-03-31T09:08:00+00:00","breadcrumb":{"@id":"https:\/\/hudo.com\/si\/aktualno\/agnel-ne-bo-branil-olimpijskega-zlata\/#breadcrumb"},"inLanguage":"sl-SI","potentialAction":[{"@type":"ReadAction","target":["https:\/\/hudo.com\/si\/aktualno\/agnel-ne-bo-branil-olimpijskega-zlata\/"]}]},{"@type":"BreadcrumbList","@id":"https:\/\/hudo.com\/si\/aktualno\/agnel-ne-bo-branil-olimpijskega-zlata\/#breadcrumb","itemListElement":[{"@type":"ListItem","position":1,"name":"Home","item":"https:\/\/hudo.com\/si\/"},{"@type":"ListItem","position":2,"name":"Agnel ne bo branil olimpijskega zlata"}]},{"@type":"WebSite","@id":"https:\/\/hudo.com\/si\/#website","url":"https:\/\/hudo.com\/si\/","name":"Hudo Slovenija","description":"Vse novice iz Slovenije in sveta","publisher":{"@id":"https:\/\/hudo.com\/si\/#organization"},"potentialAction":[{"@type":"SearchAction","target":{"@type":"EntryPoint","urlTemplate":"https:\/\/hudo.com\/si\/?s={search_term_string}"},"query-input":"required name=search_term_string"}],"inLanguage":"sl-SI"},{"@type":"Organization","@id":"https:\/\/hudo.com\/si\/#organization","name":"VSN Media","url":"https:\/\/hudo.com\/si\/","logo":{"@type":"ImageObject","inLanguage":"sl-SI","@id":"https:\/\/hudo.com\/si\/#\/schema\/logo\/image\/","url":"https:\/\/hudo.com\/si\/wp-content\/uploads\/sites\/2\/2021\/03\/hudo-app-2.png","contentUrl":"https:\/\/hudo.com\/si\/wp-content\/uploads\/sites\/2\/2021\/03\/hudo-app-2.png","width":2185,"height":2167,"caption":"VSN Media"},"image":{"@id":"https:\/\/hudo.com\/si\/#\/schema\/logo\/image\/"},"sameAs":["https:\/\/www.facebook.com\/hudo.si","https:\/\/twitter.com\/hudo_si"]},{"@type":"Person","@id":"https:\/\/hudo.com\/si\/#\/schema\/person\/601cf3379633985b20f7e50f2bb47707","name":"hudo","image":{"@type":"ImageObject","inLanguage":"sl-SI","@id":"https:\/\/hudo.com\/si\/#\/schema\/person\/image\/","url":"https:\/\/secure.gravatar.com\/avatar\/c4ca25fa72cace7a696b52ff5db9e095?s=96&d=mm&r=g","contentUrl":"https:\/\/secure.gravatar.com\/avatar\/c4ca25fa72cace7a696b52ff5db9e095?s=96&d=mm&r=g","caption":"hudo"},"url":"https:\/\/hudo.com\/si\/author\/hudo\/"}]}},"amp_enabled":true,"_links":{"self":[{"href":"https:\/\/hudo.com\/si\/wp-json\/wp\/v2\/posts\/9672"}],"collection":[{"href":"https:\/\/hudo.com\/si\/wp-json\/wp\/v2\/posts"}],"about":[{"href":"https:\/\/hudo.com\/si\/wp-json\/wp\/v2\/types\/post"}],"author":[{"embeddable":true,"href":"https:\/\/hudo.com\/si\/wp-json\/wp\/v2\/users\/1"}],"replies":[{"embeddable":true,"href":"https:\/\/hudo.com\/si\/wp-json\/wp\/v2\/comments?post=9672"}],"version-history":[{"count":0,"href":"https:\/\/hudo.com\/si\/wp-json\/wp\/v2\/posts\/9672\/revisions"}],"wp:attachment":[{"href":"https:\/\/hudo.com\/si\/wp-json\/wp\/v2\/media?parent=9672"}],"wp:term":[{"taxonomy":"category","embeddable":true,"href":"https:\/\/hudo.com\/si\/wp-json\/wp\/v2\/categories?post=9672"},{"taxonomy":"post_tag","embeddable":true,"href":"https:\/\/hudo.com\/si\/wp-json\/wp\/v2\/tags?post=9672"},{"taxonomy":"source","embeddable":true,"href":"https:\/\/hudo.com\/si\/wp-json\/wp\/v2\/source?post=9672"},{"taxonomy":"supertag","embeddable":true,"href":"https:\/\/hudo.com\/si\/wp-json\/wp\/v2\/supertag?post=9672"}],"curies":[{"name":"wp","href":"https:\/\/api.w.org\/{rel}","templated":true}]}}