{"id":97020,"date":"2016-07-18T14:30:00","date_gmt":"2016-07-18T12:30:00","guid":{"rendered":"http:\/\/hudo.com\/si\/2016\/07\/18\/demokracija-umira-medtem-ko-narod-slavi-praznik-demokracije\/"},"modified":"2016-07-19T12:27:40","modified_gmt":"2016-07-19T10:27:40","slug":"demokracija-umira-medtem-ko-narod-slavi-praznik-demokracije","status":"publish","type":"post","link":"https:\/\/hudo.com\/si\/aktualno\/demokracija-umira-medtem-ko-narod-slavi-praznik-demokracije\/","title":{"rendered":"Demokracija umira, medtem ko narod slavi &#8220;praznik demokracije&#8221;"},"content":{"rendered":"<p>Po\u010dutim se potrto, \u017ealostno, predvsem pa zaskrbljeno. Pravzaprav nih\u010de ne razume, kaj se je v resnici zgodilo, kro\u017ei pa kup teorij zarot in vse nas skrbi, kam bo propadel poskus dr\u017eavnega udara pripeljal. Po groznem koncu tedna v Tur\u010diji sedaj dr\u017eavni organi preiskujejo, kaj se je zgodilo. \u0160e vedno ni jasno, kateri kadri v vojski so bili vpleteni v poskus voja\u0161kega udara, zato preiskave in aretacije vodijo vse do najbolj vodilnih voja\u0161kih \u010dastnikov. Pa tudi v vse veje sodnega sistema, od to\u017eilcev do sodnikov, celo ustavnih. Naro\u010dila za aretacije zadevajo skoraj 3000 ljudi v vseh vejah sodnega sistema, pravosodni minister pa je \u017ee konec tedna povedal, da je v pridr\u017eanju 6000 ljudi, zaposlenih v sodstvu in vojski, pa tudi napovedal nove aretacije. Kmalu so se zgodile, saj so v za\u010detku tedna aretirali okrog 8000 pripadnikov policije. Dr\u017eavljani smo predvsem zaskrbljeni zaradi vseh teh aretacij in se spra\u0161ujemo, \u010de so pravzaprav skladne z na\u0161im pravnim redom, \u010de so zakonite. Nekateri opozarjajo \u0161e na nezakonito ravnanje z voja\u0161kimi \u010dastniki v priporu, ki naj ne bi bilo skladno niti z listinami o \u010dlovekovih pravicah. Vlada neprestano poudarja, da bodo zoper domnevne kriminalce uporabili vse mo\u017ene represivne ukrepe. Prav tako ni jasno, kak\u0161ni bodo ukrepi zoper \u010dlane opozicije, ki jih sumijo sodelovanja. Omenja se celo ponovna uvedba smrtne kazni, ki je sedaj nimamo v zakonodaji, pa tudi rahljanje zakonov, ki zadevajo no\u0161enje oro\u017eja v osebno uporabo. Vlada medtem ponavlja, da nevarnost \u0161e vedno preti in s tem spodbuja dr\u017eavljane, naj ostanejo na ulicah. Tako so na ulicah pravzaprav neprestano demonstracije, ki nekako \u010dastijo ta &#8220;praznik demokracije&#8221;, upor ljudstva proti poskusu dr\u017eavnega udara, kot ga je definirala vlada sama. Ljudje na ulicah skandirajo, da zavra\u010dajo poskus dr\u017eavnega udara in da slavijo demokracijo. Nekako prevladujejo teorije, da Erdo\u011fan poskusa udara ni zre\u017eiral sam, temve\u010d, da je to delo podpornikov G\u00fclena, seveda pa ne samo njegovih podpornikov, temve<\/p>\n","protected":false},"excerpt":{"rendered":"<p>Po\u010dutim se potrto, \u017ealostno, predvsem pa zaskrbljeno. Pravzaprav nih\u010de ne razume, kaj se je v resnici zgodilo, kro\u017ei pa kup teorij zarot in vse nas skrbi, kam bo propadel poskus dr\u017eavnega udara pripeljal. Po groznem koncu tedna v Tur\u010diji sedaj dr\u017eavni organi preiskujejo, kaj se je zgodilo. \u0160e vedno ni jasno, kateri kadri v vojski so bili vpleteni v poskus voja\u0161kega udara, zato preiskave in aretacije vodijo vse do najbolj vodilnih voja\u0161kih \u010dastnikov. Pa tudi v vse veje sodnega sistema, od to\u017eilcev do sodnikov, celo ustavnih. Naro\u010dila za aretacije zadevajo skoraj 3000 ljudi v vseh vejah sodnega sistema, pravosodni minister pa je \u017ee konec tedna povedal, da je v pridr\u017eanju 6000 ljudi, zaposlenih v sodstvu in vojski, pa tudi napovedal nove aretacije. Kmalu so se zgodile, saj so v za\u010detku tedna aretirali okrog 8000 pripadnikov policije. Dr\u017eavljani smo predvsem zaskrbljeni zaradi vseh teh aretacij in se spra\u0161ujemo, \u010de so pravzaprav skladne z na\u0161im pravnim redom, \u010de so zakonite. Nekateri opozarjajo \u0161e na nezakonito ravnanje z voja\u0161kimi \u010dastniki v priporu, ki naj ne bi bilo skladno niti z listinami o \u010dlovekovih pravicah. Vlada neprestano poudarja, da bodo zoper domnevne kriminalce uporabili vse mo\u017ene represivne ukrepe. Prav tako ni jasno, kak\u0161ni bodo ukrepi zoper \u010dlane opozicije, ki jih sumijo sodelovanja. Omenja se celo ponovna uvedba smrtne kazni, ki je sedaj nimamo v zakonodaji, pa tudi rahljanje zakonov, ki zadevajo no\u0161enje oro\u017eja v osebno uporabo. Vlada medtem ponavlja, da nevarnost \u0161e vedno preti in s tem spodbuja dr\u017eavljane, naj ostanejo na ulicah. Tako so na ulicah pravzaprav neprestano demonstracije, ki nekako \u010dastijo ta &#8220;praznik demokracije&#8221;, upor ljudstva proti poskusu dr\u017eavnega udara, kot ga je definirala vlada sama. Ljudje na ulicah skandirajo, da zavra\u010dajo poskus dr\u017eavnega udara in da slavijo demokracijo. Nekako prevladujejo teorije, da Erdo\u011fan poskusa udara ni zre\u017eiral sam, temve\u010d, da je to delo podpornikov G\u00fclena, seveda pa ne samo njegovih podpornikov, temve<\/p>\n","protected":false},"author":1,"featured_media":0,"comment_status":"closed","ping_status":"closed","sticky":false,"template":"","format":"standard","meta":{"footnotes":""},"categories":[1179],"tags":[],"source":[1711],"supertag":[],"acf":[],"yoast_head":"<!-- This site is optimized with the Yoast SEO plugin v21.3 - https:\/\/yoast.com\/wordpress\/plugins\/seo\/ -->\n<title>Demokracija umira, medtem ko narod slavi &quot;praznik demokracije&quot; - Hudo Slovenija<\/title>\n<meta name=\"robots\" content=\"index, follow, max-snippet:-1, max-image-preview:large, max-video-preview:-1\" \/>\n<link rel=\"canonical\" href=\"https:\/\/hudo.com\/si\/aktualno\/demokracija-umira-medtem-ko-narod-slavi-praznik-demokracije\/\" \/>\n<meta property=\"og:locale\" content=\"sl_SI\" \/>\n<meta property=\"og:type\" content=\"article\" \/>\n<meta property=\"og:title\" content=\"Demokracija umira, medtem ko narod slavi &quot;praznik demokracije&quot; - Hudo Slovenija\" \/>\n<meta property=\"og:description\" content=\"Po\u010dutim se potrto, \u017ealostno, predvsem pa zaskrbljeno. Pravzaprav nih\u010de ne razume, kaj se je v resnici zgodilo, kro\u017ei pa kup teorij zarot in vse nas skrbi, kam bo propadel poskus dr\u017eavnega udara pripeljal. Po groznem koncu tedna v Tur\u010diji sedaj dr\u017eavni organi preiskujejo, kaj se je zgodilo. \u0160e vedno ni jasno, kateri kadri v vojski so bili vpleteni v poskus voja\u0161kega udara, zato preiskave in aretacije vodijo vse do najbolj vodilnih voja\u0161kih \u010dastnikov. Pa tudi v vse veje sodnega sistema, od to\u017eilcev do sodnikov, celo ustavnih. Naro\u010dila za aretacije zadevajo skoraj 3000 ljudi v vseh vejah sodnega sistema, pravosodni minister pa je \u017ee konec tedna povedal, da je v pridr\u017eanju 6000 ljudi, zaposlenih v sodstvu in vojski, pa tudi napovedal nove aretacije. Kmalu so se zgodile, saj so v za\u010detku tedna aretirali okrog 8000 pripadnikov policije. Dr\u017eavljani smo predvsem zaskrbljeni zaradi vseh teh aretacij in se spra\u0161ujemo, \u010de so pravzaprav skladne z na\u0161im pravnim redom, \u010de so zakonite. Nekateri opozarjajo \u0161e na nezakonito ravnanje z voja\u0161kimi \u010dastniki v priporu, ki naj ne bi bilo skladno niti z listinami o \u010dlovekovih pravicah. Vlada neprestano poudarja, da bodo zoper domnevne kriminalce uporabili vse mo\u017ene represivne ukrepe. Prav tako ni jasno, kak\u0161ni bodo ukrepi zoper \u010dlane opozicije, ki jih sumijo sodelovanja. Omenja se celo ponovna uvedba smrtne kazni, ki je sedaj nimamo v zakonodaji, pa tudi rahljanje zakonov, ki zadevajo no\u0161enje oro\u017eja v osebno uporabo. Vlada medtem ponavlja, da nevarnost \u0161e vedno preti in s tem spodbuja dr\u017eavljane, naj ostanejo na ulicah. Tako so na ulicah pravzaprav neprestano demonstracije, ki nekako \u010dastijo ta &quot;praznik demokracije&quot;, upor ljudstva proti poskusu dr\u017eavnega udara, kot ga je definirala vlada sama. Ljudje na ulicah skandirajo, da zavra\u010dajo poskus dr\u017eavnega udara in da slavijo demokracijo. Nekako prevladujejo teorije, da Erdo\u011fan poskusa udara ni zre\u017eiral sam, temve\u010d, da je to delo podpornikov G\u00fclena, seveda pa ne samo njegovih podpornikov, temve\" \/>\n<meta property=\"og:url\" content=\"https:\/\/hudo.com\/si\/aktualno\/demokracija-umira-medtem-ko-narod-slavi-praznik-demokracije\/\" \/>\n<meta property=\"og:site_name\" content=\"Hudo Slovenija\" \/>\n<meta property=\"article:publisher\" content=\"https:\/\/www.facebook.com\/hudo.si\" \/>\n<meta property=\"article:published_time\" content=\"2016-07-18T12:30:00+00:00\" \/>\n<meta property=\"article:modified_time\" content=\"2016-07-19T10:27:40+00:00\" \/>\n<meta property=\"og:image\" content=\"https:\/\/hudo.com\/si\/wp-content\/uploads\/sites\/2\/2016\/07\/MDF02039-300.jpg\" \/>\n\t<meta property=\"og:image:width\" content=\"450\" \/>\n\t<meta property=\"og:image:height\" content=\"298\" \/>\n\t<meta property=\"og:image:type\" content=\"image\/jpeg\" \/>\n<meta name=\"author\" content=\"hudo\" \/>\n<meta name=\"twitter:card\" content=\"summary_large_image\" \/>\n<meta name=\"twitter:creator\" content=\"@hudo_si\" \/>\n<meta name=\"twitter:site\" content=\"@hudo_si\" \/>\n<meta name=\"twitter:label1\" content=\"Written by\" \/>\n\t<meta name=\"twitter:data1\" content=\"hudo\" \/>\n\t<meta name=\"twitter:label2\" content=\"Est. reading time\" \/>\n\t<meta name=\"twitter:data2\" content=\"2 minuti\" \/>\n<script type=\"application\/ld+json\" class=\"yoast-schema-graph\">{\"@context\":\"https:\/\/schema.org\",\"@graph\":[{\"@type\":\"Article\",\"@id\":\"https:\/\/hudo.com\/si\/aktualno\/demokracija-umira-medtem-ko-narod-slavi-praznik-demokracije\/#article\",\"isPartOf\":{\"@id\":\"https:\/\/hudo.com\/si\/aktualno\/demokracija-umira-medtem-ko-narod-slavi-praznik-demokracije\/\"},\"author\":{\"name\":\"hudo\",\"@id\":\"https:\/\/hudo.com\/si\/#\/schema\/person\/601cf3379633985b20f7e50f2bb47707\"},\"headline\":\"Demokracija umira, medtem ko narod slavi &#8220;praznik demokracije&#8221;\",\"datePublished\":\"2016-07-18T12:30:00+00:00\",\"dateModified\":\"2016-07-19T10:27:40+00:00\",\"mainEntityOfPage\":{\"@id\":\"https:\/\/hudo.com\/si\/aktualno\/demokracija-umira-medtem-ko-narod-slavi-praznik-demokracije\/\"},\"wordCount\":343,\"publisher\":{\"@id\":\"https:\/\/hudo.com\/si\/#organization\"},\"articleSection\":[\"Aktualno\"],\"inLanguage\":\"sl-SI\"},{\"@type\":\"WebPage\",\"@id\":\"https:\/\/hudo.com\/si\/aktualno\/demokracija-umira-medtem-ko-narod-slavi-praznik-demokracije\/\",\"url\":\"https:\/\/hudo.com\/si\/aktualno\/demokracija-umira-medtem-ko-narod-slavi-praznik-demokracije\/\",\"name\":\"Demokracija umira, medtem ko narod slavi \\\"praznik demokracije\\\" - Hudo Slovenija\",\"isPartOf\":{\"@id\":\"https:\/\/hudo.com\/si\/#website\"},\"datePublished\":\"2016-07-18T12:30:00+00:00\",\"dateModified\":\"2016-07-19T10:27:40+00:00\",\"breadcrumb\":{\"@id\":\"https:\/\/hudo.com\/si\/aktualno\/demokracija-umira-medtem-ko-narod-slavi-praznik-demokracije\/#breadcrumb\"},\"inLanguage\":\"sl-SI\",\"potentialAction\":[{\"@type\":\"ReadAction\",\"target\":[\"https:\/\/hudo.com\/si\/aktualno\/demokracija-umira-medtem-ko-narod-slavi-praznik-demokracije\/\"]}]},{\"@type\":\"BreadcrumbList\",\"@id\":\"https:\/\/hudo.com\/si\/aktualno\/demokracija-umira-medtem-ko-narod-slavi-praznik-demokracije\/#breadcrumb\",\"itemListElement\":[{\"@type\":\"ListItem\",\"position\":1,\"name\":\"Home\",\"item\":\"https:\/\/hudo.com\/si\/\"},{\"@type\":\"ListItem\",\"position\":2,\"name\":\"Demokracija umira, medtem ko narod slavi &#8220;praznik demokracije&#8221;\"}]},{\"@type\":\"WebSite\",\"@id\":\"https:\/\/hudo.com\/si\/#website\",\"url\":\"https:\/\/hudo.com\/si\/\",\"name\":\"Hudo Slovenija\",\"description\":\"Vse novice iz Slovenije in sveta\",\"publisher\":{\"@id\":\"https:\/\/hudo.com\/si\/#organization\"},\"potentialAction\":[{\"@type\":\"SearchAction\",\"target\":{\"@type\":\"EntryPoint\",\"urlTemplate\":\"https:\/\/hudo.com\/si\/?s={search_term_string}\"},\"query-input\":\"required name=search_term_string\"}],\"inLanguage\":\"sl-SI\"},{\"@type\":\"Organization\",\"@id\":\"https:\/\/hudo.com\/si\/#organization\",\"name\":\"VSN Media\",\"url\":\"https:\/\/hudo.com\/si\/\",\"logo\":{\"@type\":\"ImageObject\",\"inLanguage\":\"sl-SI\",\"@id\":\"https:\/\/hudo.com\/si\/#\/schema\/logo\/image\/\",\"url\":\"https:\/\/hudo.com\/si\/wp-content\/uploads\/sites\/2\/2021\/03\/hudo-app-2.png\",\"contentUrl\":\"https:\/\/hudo.com\/si\/wp-content\/uploads\/sites\/2\/2021\/03\/hudo-app-2.png\",\"width\":2185,\"height\":2167,\"caption\":\"VSN Media\"},\"image\":{\"@id\":\"https:\/\/hudo.com\/si\/#\/schema\/logo\/image\/\"},\"sameAs\":[\"https:\/\/www.facebook.com\/hudo.si\",\"https:\/\/twitter.com\/hudo_si\"]},{\"@type\":\"Person\",\"@id\":\"https:\/\/hudo.com\/si\/#\/schema\/person\/601cf3379633985b20f7e50f2bb47707\",\"name\":\"hudo\",\"image\":{\"@type\":\"ImageObject\",\"inLanguage\":\"sl-SI\",\"@id\":\"https:\/\/hudo.com\/si\/#\/schema\/person\/image\/\",\"url\":\"https:\/\/secure.gravatar.com\/avatar\/c4ca25fa72cace7a696b52ff5db9e095?s=96&d=mm&r=g\",\"contentUrl\":\"https:\/\/secure.gravatar.com\/avatar\/c4ca25fa72cace7a696b52ff5db9e095?s=96&d=mm&r=g\",\"caption\":\"hudo\"},\"url\":\"https:\/\/hudo.com\/si\/author\/hudo\/\"}]}<\/script>\n<!-- \/ Yoast SEO plugin. -->","yoast_head_json":{"title":"Demokracija umira, medtem ko narod slavi \"praznik demokracije\" - Hudo Slovenija","robots":{"index":"index","follow":"follow","max-snippet":"max-snippet:-1","max-image-preview":"max-image-preview:large","max-video-preview":"max-video-preview:-1"},"canonical":"https:\/\/hudo.com\/si\/aktualno\/demokracija-umira-medtem-ko-narod-slavi-praznik-demokracije\/","og_locale":"sl_SI","og_type":"article","og_title":"Demokracija umira, medtem ko narod slavi \"praznik demokracije\" - Hudo Slovenija","og_description":"Po\u010dutim se potrto, \u017ealostno, predvsem pa zaskrbljeno. Pravzaprav nih\u010de ne razume, kaj se je v resnici zgodilo, kro\u017ei pa kup teorij zarot in vse nas skrbi, kam bo propadel poskus dr\u017eavnega udara pripeljal. Po groznem koncu tedna v Tur\u010diji sedaj dr\u017eavni organi preiskujejo, kaj se je zgodilo. \u0160e vedno ni jasno, kateri kadri v vojski so bili vpleteni v poskus voja\u0161kega udara, zato preiskave in aretacije vodijo vse do najbolj vodilnih voja\u0161kih \u010dastnikov. Pa tudi v vse veje sodnega sistema, od to\u017eilcev do sodnikov, celo ustavnih. Naro\u010dila za aretacije zadevajo skoraj 3000 ljudi v vseh vejah sodnega sistema, pravosodni minister pa je \u017ee konec tedna povedal, da je v pridr\u017eanju 6000 ljudi, zaposlenih v sodstvu in vojski, pa tudi napovedal nove aretacije. Kmalu so se zgodile, saj so v za\u010detku tedna aretirali okrog 8000 pripadnikov policije. Dr\u017eavljani smo predvsem zaskrbljeni zaradi vseh teh aretacij in se spra\u0161ujemo, \u010de so pravzaprav skladne z na\u0161im pravnim redom, \u010de so zakonite. Nekateri opozarjajo \u0161e na nezakonito ravnanje z voja\u0161kimi \u010dastniki v priporu, ki naj ne bi bilo skladno niti z listinami o \u010dlovekovih pravicah. Vlada neprestano poudarja, da bodo zoper domnevne kriminalce uporabili vse mo\u017ene represivne ukrepe. Prav tako ni jasno, kak\u0161ni bodo ukrepi zoper \u010dlane opozicije, ki jih sumijo sodelovanja. Omenja se celo ponovna uvedba smrtne kazni, ki je sedaj nimamo v zakonodaji, pa tudi rahljanje zakonov, ki zadevajo no\u0161enje oro\u017eja v osebno uporabo. Vlada medtem ponavlja, da nevarnost \u0161e vedno preti in s tem spodbuja dr\u017eavljane, naj ostanejo na ulicah. Tako so na ulicah pravzaprav neprestano demonstracije, ki nekako \u010dastijo ta \"praznik demokracije\", upor ljudstva proti poskusu dr\u017eavnega udara, kot ga je definirala vlada sama. Ljudje na ulicah skandirajo, da zavra\u010dajo poskus dr\u017eavnega udara in da slavijo demokracijo. Nekako prevladujejo teorije, da Erdo\u011fan poskusa udara ni zre\u017eiral sam, temve\u010d, da je to delo podpornikov G\u00fclena, seveda pa ne samo njegovih podpornikov, temve","og_url":"https:\/\/hudo.com\/si\/aktualno\/demokracija-umira-medtem-ko-narod-slavi-praznik-demokracije\/","og_site_name":"Hudo Slovenija","article_publisher":"https:\/\/www.facebook.com\/hudo.si","article_published_time":"2016-07-18T12:30:00+00:00","article_modified_time":"2016-07-19T10:27:40+00:00","og_image":[{"width":450,"height":298,"url":"https:\/\/hudo.com\/si\/wp-content\/uploads\/sites\/2\/2016\/07\/MDF02039-300.jpg","type":"image\/jpeg"}],"author":"hudo","twitter_card":"summary_large_image","twitter_creator":"@hudo_si","twitter_site":"@hudo_si","twitter_misc":{"Written by":"hudo","Est. reading time":"2 minuti"},"schema":{"@context":"https:\/\/schema.org","@graph":[{"@type":"Article","@id":"https:\/\/hudo.com\/si\/aktualno\/demokracija-umira-medtem-ko-narod-slavi-praznik-demokracije\/#article","isPartOf":{"@id":"https:\/\/hudo.com\/si\/aktualno\/demokracija-umira-medtem-ko-narod-slavi-praznik-demokracije\/"},"author":{"name":"hudo","@id":"https:\/\/hudo.com\/si\/#\/schema\/person\/601cf3379633985b20f7e50f2bb47707"},"headline":"Demokracija umira, medtem ko narod slavi &#8220;praznik demokracije&#8221;","datePublished":"2016-07-18T12:30:00+00:00","dateModified":"2016-07-19T10:27:40+00:00","mainEntityOfPage":{"@id":"https:\/\/hudo.com\/si\/aktualno\/demokracija-umira-medtem-ko-narod-slavi-praznik-demokracije\/"},"wordCount":343,"publisher":{"@id":"https:\/\/hudo.com\/si\/#organization"},"articleSection":["Aktualno"],"inLanguage":"sl-SI"},{"@type":"WebPage","@id":"https:\/\/hudo.com\/si\/aktualno\/demokracija-umira-medtem-ko-narod-slavi-praznik-demokracije\/","url":"https:\/\/hudo.com\/si\/aktualno\/demokracija-umira-medtem-ko-narod-slavi-praznik-demokracije\/","name":"Demokracija umira, medtem ko narod slavi \"praznik demokracije\" - Hudo Slovenija","isPartOf":{"@id":"https:\/\/hudo.com\/si\/#website"},"datePublished":"2016-07-18T12:30:00+00:00","dateModified":"2016-07-19T10:27:40+00:00","breadcrumb":{"@id":"https:\/\/hudo.com\/si\/aktualno\/demokracija-umira-medtem-ko-narod-slavi-praznik-demokracije\/#breadcrumb"},"inLanguage":"sl-SI","potentialAction":[{"@type":"ReadAction","target":["https:\/\/hudo.com\/si\/aktualno\/demokracija-umira-medtem-ko-narod-slavi-praznik-demokracije\/"]}]},{"@type":"BreadcrumbList","@id":"https:\/\/hudo.com\/si\/aktualno\/demokracija-umira-medtem-ko-narod-slavi-praznik-demokracije\/#breadcrumb","itemListElement":[{"@type":"ListItem","position":1,"name":"Home","item":"https:\/\/hudo.com\/si\/"},{"@type":"ListItem","position":2,"name":"Demokracija umira, medtem ko narod slavi &#8220;praznik demokracije&#8221;"}]},{"@type":"WebSite","@id":"https:\/\/hudo.com\/si\/#website","url":"https:\/\/hudo.com\/si\/","name":"Hudo Slovenija","description":"Vse novice iz Slovenije in sveta","publisher":{"@id":"https:\/\/hudo.com\/si\/#organization"},"potentialAction":[{"@type":"SearchAction","target":{"@type":"EntryPoint","urlTemplate":"https:\/\/hudo.com\/si\/?s={search_term_string}"},"query-input":"required name=search_term_string"}],"inLanguage":"sl-SI"},{"@type":"Organization","@id":"https:\/\/hudo.com\/si\/#organization","name":"VSN Media","url":"https:\/\/hudo.com\/si\/","logo":{"@type":"ImageObject","inLanguage":"sl-SI","@id":"https:\/\/hudo.com\/si\/#\/schema\/logo\/image\/","url":"https:\/\/hudo.com\/si\/wp-content\/uploads\/sites\/2\/2021\/03\/hudo-app-2.png","contentUrl":"https:\/\/hudo.com\/si\/wp-content\/uploads\/sites\/2\/2021\/03\/hudo-app-2.png","width":2185,"height":2167,"caption":"VSN Media"},"image":{"@id":"https:\/\/hudo.com\/si\/#\/schema\/logo\/image\/"},"sameAs":["https:\/\/www.facebook.com\/hudo.si","https:\/\/twitter.com\/hudo_si"]},{"@type":"Person","@id":"https:\/\/hudo.com\/si\/#\/schema\/person\/601cf3379633985b20f7e50f2bb47707","name":"hudo","image":{"@type":"ImageObject","inLanguage":"sl-SI","@id":"https:\/\/hudo.com\/si\/#\/schema\/person\/image\/","url":"https:\/\/secure.gravatar.com\/avatar\/c4ca25fa72cace7a696b52ff5db9e095?s=96&d=mm&r=g","contentUrl":"https:\/\/secure.gravatar.com\/avatar\/c4ca25fa72cace7a696b52ff5db9e095?s=96&d=mm&r=g","caption":"hudo"},"url":"https:\/\/hudo.com\/si\/author\/hudo\/"}]}},"amp_enabled":true,"_links":{"self":[{"href":"https:\/\/hudo.com\/si\/wp-json\/wp\/v2\/posts\/97020"}],"collection":[{"href":"https:\/\/hudo.com\/si\/wp-json\/wp\/v2\/posts"}],"about":[{"href":"https:\/\/hudo.com\/si\/wp-json\/wp\/v2\/types\/post"}],"author":[{"embeddable":true,"href":"https:\/\/hudo.com\/si\/wp-json\/wp\/v2\/users\/1"}],"replies":[{"embeddable":true,"href":"https:\/\/hudo.com\/si\/wp-json\/wp\/v2\/comments?post=97020"}],"version-history":[{"count":1,"href":"https:\/\/hudo.com\/si\/wp-json\/wp\/v2\/posts\/97020\/revisions"}],"predecessor-version":[{"id":97360,"href":"https:\/\/hudo.com\/si\/wp-json\/wp\/v2\/posts\/97020\/revisions\/97360"}],"wp:attachment":[{"href":"https:\/\/hudo.com\/si\/wp-json\/wp\/v2\/media?parent=97020"}],"wp:term":[{"taxonomy":"category","embeddable":true,"href":"https:\/\/hudo.com\/si\/wp-json\/wp\/v2\/categories?post=97020"},{"taxonomy":"post_tag","embeddable":true,"href":"https:\/\/hudo.com\/si\/wp-json\/wp\/v2\/tags?post=97020"},{"taxonomy":"source","embeddable":true,"href":"https:\/\/hudo.com\/si\/wp-json\/wp\/v2\/source?post=97020"},{"taxonomy":"supertag","embeddable":true,"href":"https:\/\/hudo.com\/si\/wp-json\/wp\/v2\/supertag?post=97020"}],"curies":[{"name":"wp","href":"https:\/\/api.w.org\/{rel}","templated":true}]}}