{"id":97066,"date":"2016-07-18T11:42:00","date_gmt":"2016-07-18T09:42:00","guid":{"rendered":"http:\/\/hudo.com\/si\/2016\/07\/18\/zaradi-napada-v-nici-bo-iz-kinematografov-morda-umaknjen-triler-dan-padca-bastilje\/"},"modified":"2016-07-19T05:57:23","modified_gmt":"2016-07-19T03:57:23","slug":"zaradi-napada-v-nici-bo-iz-kinematografov-morda-umaknjen-triler-dan-padca-bastilje","status":"publish","type":"post","link":"https:\/\/hudo.com\/si\/aktualno\/zaradi-napada-v-nici-bo-iz-kinematografov-morda-umaknjen-triler-dan-padca-bastilje\/","title":{"rendered":"Zaradi napada v Nici bo iz kinematografov morda umaknjen triler Dan padca Bastilje"},"content":{"rendered":"<p>Francoski filmski distributer Studiocanal je po nedavnem napadu v francoski Nici pozval kinematografe, naj s sporedov umaknejo triler Dan padca Bastilje, ki govori o na\u010drtovanem teroristi\u010dnem napadu na predve\u010der francoskega dr\u017eavnega praznika ob obletnici padca Bastilje. Triler so prikazovali v 237 kinematografih. &#8220;Vse kinematografe smo pozvali, da s sporedov umaknejo film, saj nekateri njegovi vidiki niso v skladu s trenutnim razpolo\u017eenjem v dr\u017eavi,&#8221; je dejala predstavnica Studiocanala. Ameri\u0161ko-francosko-britanski koprodukcijski film pripoveduje zgodbo o mladi Francozinji, ki na predve\u010der francoskega dr\u017eavnega praznika pripravlja napad, ter o agentu CIE (upodablja ga Idris Elba), ki se odpravi v Pariz, da bi napadalko ustavil. Zgodba filma je postala toliko bolj srhljiva po tem, ko je Francoz tunizijskega porekla Mohamed Lahouaie Bouhlel z 19-tonskim tovornjakom hladilnikom zapeljal skozi mno\u017eico, ki se je ob dr\u017eavnem prazniku zbrala na Angle\u0161ki promenadi, ter pri tem ubil najmanj 84 ljudi. Film je premiero do\u017eivel v Franciji, prikazan je bil tudi \u017ee v Nem\u010diji, Veliki Britaniji, Avstraliji in na Novi Zelandiji. V francoski prestolnici so ga \u017ee ve\u010d tednov ogla\u0161evali na postajah podzemne \u017eeleznice in avtobusih, po petkovem napadu pa so vso publiciteto umaknili. Napad v Nici, za katerega je odgovornost prevzela Islamska dr\u017eava, je bil tretji v nizu teroristi\u010dnih napadov v Franciji v zadnjih 18 mesecih. Ni pa prvi\u010d, da se je izmi\u0161ljena filmska zgodba izkazala tudi za realnost. Januarja lani se je podobno zgodilo s trilerjem Made in France. Ta je bil tik pred premiero, ko sta brata Said in Cherif Kouachi napadla \u010dasopis Charlie Hebdo, njuna pajda\u0161inja Amedy Coulibaly pa je ubila policistko in \u0161tiri judovske talce. Distributer filma SND Films je triler umaknil, kasneje pa je distribucijo prevzel britanski Pretty Pictures, ki je datum za\u010detka predvajanja premaknil na 18. november. Pet dni pred na\u010drtovano novo premiero filma pa se je zgodba ponovila, ko so \u010dlani Islamske<\/p>\n","protected":false},"excerpt":{"rendered":"<p>Francoski filmski distributer Studiocanal je po nedavnem napadu v francoski Nici pozval kinematografe, naj s sporedov umaknejo triler Dan padca Bastilje, ki govori o na\u010drtovanem teroristi\u010dnem napadu na predve\u010der francoskega dr\u017eavnega praznika ob obletnici padca Bastilje. Triler so prikazovali v 237 kinematografih. &#8220;Vse kinematografe smo pozvali, da s sporedov umaknejo film, saj nekateri njegovi vidiki niso v skladu s trenutnim razpolo\u017eenjem v dr\u017eavi,&#8221; je dejala predstavnica Studiocanala. Ameri\u0161ko-francosko-britanski koprodukcijski film pripoveduje zgodbo o mladi Francozinji, ki na predve\u010der francoskega dr\u017eavnega praznika pripravlja napad, ter o agentu CIE (upodablja ga Idris Elba), ki se odpravi v Pariz, da bi napadalko ustavil. Zgodba filma je postala toliko bolj srhljiva po tem, ko je Francoz tunizijskega porekla Mohamed Lahouaie Bouhlel z 19-tonskim tovornjakom hladilnikom zapeljal skozi mno\u017eico, ki se je ob dr\u017eavnem prazniku zbrala na Angle\u0161ki promenadi, ter pri tem ubil najmanj 84 ljudi. Film je premiero do\u017eivel v Franciji, prikazan je bil tudi \u017ee v Nem\u010diji, Veliki Britaniji, Avstraliji in na Novi Zelandiji. V francoski prestolnici so ga \u017ee ve\u010d tednov ogla\u0161evali na postajah podzemne \u017eeleznice in avtobusih, po petkovem napadu pa so vso publiciteto umaknili. Napad v Nici, za katerega je odgovornost prevzela Islamska dr\u017eava, je bil tretji v nizu teroristi\u010dnih napadov v Franciji v zadnjih 18 mesecih. Ni pa prvi\u010d, da se je izmi\u0161ljena filmska zgodba izkazala tudi za realnost. Januarja lani se je podobno zgodilo s trilerjem Made in France. Ta je bil tik pred premiero, ko sta brata Said in Cherif Kouachi napadla \u010dasopis Charlie Hebdo, njuna pajda\u0161inja Amedy Coulibaly pa je ubila policistko in \u0161tiri judovske talce. Distributer filma SND Films je triler umaknil, kasneje pa je distribucijo prevzel britanski Pretty Pictures, ki je datum za\u010detka predvajanja premaknil na 18. november. Pet dni pred na\u010drtovano novo premiero filma pa se je zgodba ponovila, ko so \u010dlani Islamske<\/p>\n","protected":false},"author":1,"featured_media":0,"comment_status":"closed","ping_status":"closed","sticky":false,"template":"","format":"standard","meta":{"footnotes":""},"categories":[1179],"tags":[],"source":[1711],"supertag":[],"acf":[],"yoast_head":"<!-- This site is optimized with the Yoast SEO plugin v21.3 - https:\/\/yoast.com\/wordpress\/plugins\/seo\/ -->\n<title>Zaradi napada v Nici bo iz kinematografov morda umaknjen triler Dan padca Bastilje - Hudo Slovenija<\/title>\n<meta name=\"robots\" content=\"index, follow, max-snippet:-1, max-image-preview:large, max-video-preview:-1\" \/>\n<link rel=\"canonical\" href=\"https:\/\/hudo.com\/si\/aktualno\/zaradi-napada-v-nici-bo-iz-kinematografov-morda-umaknjen-triler-dan-padca-bastilje\/\" \/>\n<meta property=\"og:locale\" content=\"sl_SI\" \/>\n<meta property=\"og:type\" content=\"article\" \/>\n<meta property=\"og:title\" content=\"Zaradi napada v Nici bo iz kinematografov morda umaknjen triler Dan padca Bastilje - Hudo Slovenija\" \/>\n<meta property=\"og:description\" content=\"Francoski filmski distributer Studiocanal je po nedavnem napadu v francoski Nici pozval kinematografe, naj s sporedov umaknejo triler Dan padca Bastilje, ki govori o na\u010drtovanem teroristi\u010dnem napadu na predve\u010der francoskega dr\u017eavnega praznika ob obletnici padca Bastilje. Triler so prikazovali v 237 kinematografih. &quot;Vse kinematografe smo pozvali, da s sporedov umaknejo film, saj nekateri njegovi vidiki niso v skladu s trenutnim razpolo\u017eenjem v dr\u017eavi,&quot; je dejala predstavnica Studiocanala. Ameri\u0161ko-francosko-britanski koprodukcijski film pripoveduje zgodbo o mladi Francozinji, ki na predve\u010der francoskega dr\u017eavnega praznika pripravlja napad, ter o agentu CIE (upodablja ga Idris Elba), ki se odpravi v Pariz, da bi napadalko ustavil. Zgodba filma je postala toliko bolj srhljiva po tem, ko je Francoz tunizijskega porekla Mohamed Lahouaie Bouhlel z 19-tonskim tovornjakom hladilnikom zapeljal skozi mno\u017eico, ki se je ob dr\u017eavnem prazniku zbrala na Angle\u0161ki promenadi, ter pri tem ubil najmanj 84 ljudi. Film je premiero do\u017eivel v Franciji, prikazan je bil tudi \u017ee v Nem\u010diji, Veliki Britaniji, Avstraliji in na Novi Zelandiji. V francoski prestolnici so ga \u017ee ve\u010d tednov ogla\u0161evali na postajah podzemne \u017eeleznice in avtobusih, po petkovem napadu pa so vso publiciteto umaknili. Napad v Nici, za katerega je odgovornost prevzela Islamska dr\u017eava, je bil tretji v nizu teroristi\u010dnih napadov v Franciji v zadnjih 18 mesecih. Ni pa prvi\u010d, da se je izmi\u0161ljena filmska zgodba izkazala tudi za realnost. Januarja lani se je podobno zgodilo s trilerjem Made in France. Ta je bil tik pred premiero, ko sta brata Said in Cherif Kouachi napadla \u010dasopis Charlie Hebdo, njuna pajda\u0161inja Amedy Coulibaly pa je ubila policistko in \u0161tiri judovske talce. Distributer filma SND Films je triler umaknil, kasneje pa je distribucijo prevzel britanski Pretty Pictures, ki je datum za\u010detka predvajanja premaknil na 18. november. Pet dni pred na\u010drtovano novo premiero filma pa se je zgodba ponovila, ko so \u010dlani Islamske\" \/>\n<meta property=\"og:url\" content=\"https:\/\/hudo.com\/si\/aktualno\/zaradi-napada-v-nici-bo-iz-kinematografov-morda-umaknjen-triler-dan-padca-bastilje\/\" \/>\n<meta property=\"og:site_name\" content=\"Hudo Slovenija\" \/>\n<meta property=\"article:publisher\" content=\"https:\/\/www.facebook.com\/hudo.si\" \/>\n<meta property=\"article:published_time\" content=\"2016-07-18T09:42:00+00:00\" \/>\n<meta property=\"article:modified_time\" content=\"2016-07-19T03:57:23+00:00\" \/>\n<meta property=\"og:image\" content=\"https:\/\/hudo.com\/si\/wp-content\/uploads\/sites\/2\/2016\/07\/MDF01911-300.jpg\" \/>\n\t<meta property=\"og:image:width\" content=\"450\" \/>\n\t<meta property=\"og:image:height\" content=\"307\" \/>\n\t<meta property=\"og:image:type\" content=\"image\/jpeg\" \/>\n<meta name=\"author\" content=\"hudo\" \/>\n<meta name=\"twitter:card\" content=\"summary_large_image\" \/>\n<meta name=\"twitter:creator\" content=\"@hudo_si\" \/>\n<meta name=\"twitter:site\" content=\"@hudo_si\" \/>\n<meta name=\"twitter:label1\" content=\"Written by\" \/>\n\t<meta name=\"twitter:data1\" content=\"hudo\" \/>\n\t<meta name=\"twitter:label2\" content=\"Est. reading time\" \/>\n\t<meta name=\"twitter:data2\" content=\"2 minuti\" \/>\n<script type=\"application\/ld+json\" class=\"yoast-schema-graph\">{\"@context\":\"https:\/\/schema.org\",\"@graph\":[{\"@type\":\"Article\",\"@id\":\"https:\/\/hudo.com\/si\/aktualno\/zaradi-napada-v-nici-bo-iz-kinematografov-morda-umaknjen-triler-dan-padca-bastilje\/#article\",\"isPartOf\":{\"@id\":\"https:\/\/hudo.com\/si\/aktualno\/zaradi-napada-v-nici-bo-iz-kinematografov-morda-umaknjen-triler-dan-padca-bastilje\/\"},\"author\":{\"name\":\"hudo\",\"@id\":\"https:\/\/hudo.com\/si\/#\/schema\/person\/601cf3379633985b20f7e50f2bb47707\"},\"headline\":\"Zaradi napada v Nici bo iz kinematografov morda umaknjen triler Dan padca Bastilje\",\"datePublished\":\"2016-07-18T09:42:00+00:00\",\"dateModified\":\"2016-07-19T03:57:23+00:00\",\"mainEntityOfPage\":{\"@id\":\"https:\/\/hudo.com\/si\/aktualno\/zaradi-napada-v-nici-bo-iz-kinematografov-morda-umaknjen-triler-dan-padca-bastilje\/\"},\"wordCount\":330,\"publisher\":{\"@id\":\"https:\/\/hudo.com\/si\/#organization\"},\"articleSection\":[\"Aktualno\"],\"inLanguage\":\"sl-SI\"},{\"@type\":\"WebPage\",\"@id\":\"https:\/\/hudo.com\/si\/aktualno\/zaradi-napada-v-nici-bo-iz-kinematografov-morda-umaknjen-triler-dan-padca-bastilje\/\",\"url\":\"https:\/\/hudo.com\/si\/aktualno\/zaradi-napada-v-nici-bo-iz-kinematografov-morda-umaknjen-triler-dan-padca-bastilje\/\",\"name\":\"Zaradi napada v Nici bo iz kinematografov morda umaknjen triler Dan padca Bastilje - Hudo Slovenija\",\"isPartOf\":{\"@id\":\"https:\/\/hudo.com\/si\/#website\"},\"datePublished\":\"2016-07-18T09:42:00+00:00\",\"dateModified\":\"2016-07-19T03:57:23+00:00\",\"breadcrumb\":{\"@id\":\"https:\/\/hudo.com\/si\/aktualno\/zaradi-napada-v-nici-bo-iz-kinematografov-morda-umaknjen-triler-dan-padca-bastilje\/#breadcrumb\"},\"inLanguage\":\"sl-SI\",\"potentialAction\":[{\"@type\":\"ReadAction\",\"target\":[\"https:\/\/hudo.com\/si\/aktualno\/zaradi-napada-v-nici-bo-iz-kinematografov-morda-umaknjen-triler-dan-padca-bastilje\/\"]}]},{\"@type\":\"BreadcrumbList\",\"@id\":\"https:\/\/hudo.com\/si\/aktualno\/zaradi-napada-v-nici-bo-iz-kinematografov-morda-umaknjen-triler-dan-padca-bastilje\/#breadcrumb\",\"itemListElement\":[{\"@type\":\"ListItem\",\"position\":1,\"name\":\"Home\",\"item\":\"https:\/\/hudo.com\/si\/\"},{\"@type\":\"ListItem\",\"position\":2,\"name\":\"Zaradi napada v Nici bo iz kinematografov morda umaknjen triler Dan padca Bastilje\"}]},{\"@type\":\"WebSite\",\"@id\":\"https:\/\/hudo.com\/si\/#website\",\"url\":\"https:\/\/hudo.com\/si\/\",\"name\":\"Hudo Slovenija\",\"description\":\"Vse novice iz Slovenije in sveta\",\"publisher\":{\"@id\":\"https:\/\/hudo.com\/si\/#organization\"},\"potentialAction\":[{\"@type\":\"SearchAction\",\"target\":{\"@type\":\"EntryPoint\",\"urlTemplate\":\"https:\/\/hudo.com\/si\/?s={search_term_string}\"},\"query-input\":\"required name=search_term_string\"}],\"inLanguage\":\"sl-SI\"},{\"@type\":\"Organization\",\"@id\":\"https:\/\/hudo.com\/si\/#organization\",\"name\":\"VSN Media\",\"url\":\"https:\/\/hudo.com\/si\/\",\"logo\":{\"@type\":\"ImageObject\",\"inLanguage\":\"sl-SI\",\"@id\":\"https:\/\/hudo.com\/si\/#\/schema\/logo\/image\/\",\"url\":\"https:\/\/hudo.com\/si\/wp-content\/uploads\/sites\/2\/2021\/03\/hudo-app-2.png\",\"contentUrl\":\"https:\/\/hudo.com\/si\/wp-content\/uploads\/sites\/2\/2021\/03\/hudo-app-2.png\",\"width\":2185,\"height\":2167,\"caption\":\"VSN Media\"},\"image\":{\"@id\":\"https:\/\/hudo.com\/si\/#\/schema\/logo\/image\/\"},\"sameAs\":[\"https:\/\/www.facebook.com\/hudo.si\",\"https:\/\/twitter.com\/hudo_si\"]},{\"@type\":\"Person\",\"@id\":\"https:\/\/hudo.com\/si\/#\/schema\/person\/601cf3379633985b20f7e50f2bb47707\",\"name\":\"hudo\",\"image\":{\"@type\":\"ImageObject\",\"inLanguage\":\"sl-SI\",\"@id\":\"https:\/\/hudo.com\/si\/#\/schema\/person\/image\/\",\"url\":\"https:\/\/secure.gravatar.com\/avatar\/c4ca25fa72cace7a696b52ff5db9e095?s=96&d=mm&r=g\",\"contentUrl\":\"https:\/\/secure.gravatar.com\/avatar\/c4ca25fa72cace7a696b52ff5db9e095?s=96&d=mm&r=g\",\"caption\":\"hudo\"},\"url\":\"https:\/\/hudo.com\/si\/author\/hudo\/\"}]}<\/script>\n<!-- \/ Yoast SEO plugin. -->","yoast_head_json":{"title":"Zaradi napada v Nici bo iz kinematografov morda umaknjen triler Dan padca Bastilje - Hudo Slovenija","robots":{"index":"index","follow":"follow","max-snippet":"max-snippet:-1","max-image-preview":"max-image-preview:large","max-video-preview":"max-video-preview:-1"},"canonical":"https:\/\/hudo.com\/si\/aktualno\/zaradi-napada-v-nici-bo-iz-kinematografov-morda-umaknjen-triler-dan-padca-bastilje\/","og_locale":"sl_SI","og_type":"article","og_title":"Zaradi napada v Nici bo iz kinematografov morda umaknjen triler Dan padca Bastilje - Hudo Slovenija","og_description":"Francoski filmski distributer Studiocanal je po nedavnem napadu v francoski Nici pozval kinematografe, naj s sporedov umaknejo triler Dan padca Bastilje, ki govori o na\u010drtovanem teroristi\u010dnem napadu na predve\u010der francoskega dr\u017eavnega praznika ob obletnici padca Bastilje. Triler so prikazovali v 237 kinematografih. \"Vse kinematografe smo pozvali, da s sporedov umaknejo film, saj nekateri njegovi vidiki niso v skladu s trenutnim razpolo\u017eenjem v dr\u017eavi,\" je dejala predstavnica Studiocanala. Ameri\u0161ko-francosko-britanski koprodukcijski film pripoveduje zgodbo o mladi Francozinji, ki na predve\u010der francoskega dr\u017eavnega praznika pripravlja napad, ter o agentu CIE (upodablja ga Idris Elba), ki se odpravi v Pariz, da bi napadalko ustavil. Zgodba filma je postala toliko bolj srhljiva po tem, ko je Francoz tunizijskega porekla Mohamed Lahouaie Bouhlel z 19-tonskim tovornjakom hladilnikom zapeljal skozi mno\u017eico, ki se je ob dr\u017eavnem prazniku zbrala na Angle\u0161ki promenadi, ter pri tem ubil najmanj 84 ljudi. Film je premiero do\u017eivel v Franciji, prikazan je bil tudi \u017ee v Nem\u010diji, Veliki Britaniji, Avstraliji in na Novi Zelandiji. V francoski prestolnici so ga \u017ee ve\u010d tednov ogla\u0161evali na postajah podzemne \u017eeleznice in avtobusih, po petkovem napadu pa so vso publiciteto umaknili. Napad v Nici, za katerega je odgovornost prevzela Islamska dr\u017eava, je bil tretji v nizu teroristi\u010dnih napadov v Franciji v zadnjih 18 mesecih. Ni pa prvi\u010d, da se je izmi\u0161ljena filmska zgodba izkazala tudi za realnost. Januarja lani se je podobno zgodilo s trilerjem Made in France. Ta je bil tik pred premiero, ko sta brata Said in Cherif Kouachi napadla \u010dasopis Charlie Hebdo, njuna pajda\u0161inja Amedy Coulibaly pa je ubila policistko in \u0161tiri judovske talce. Distributer filma SND Films je triler umaknil, kasneje pa je distribucijo prevzel britanski Pretty Pictures, ki je datum za\u010detka predvajanja premaknil na 18. november. Pet dni pred na\u010drtovano novo premiero filma pa se je zgodba ponovila, ko so \u010dlani Islamske","og_url":"https:\/\/hudo.com\/si\/aktualno\/zaradi-napada-v-nici-bo-iz-kinematografov-morda-umaknjen-triler-dan-padca-bastilje\/","og_site_name":"Hudo Slovenija","article_publisher":"https:\/\/www.facebook.com\/hudo.si","article_published_time":"2016-07-18T09:42:00+00:00","article_modified_time":"2016-07-19T03:57:23+00:00","og_image":[{"width":450,"height":307,"url":"https:\/\/hudo.com\/si\/wp-content\/uploads\/sites\/2\/2016\/07\/MDF01911-300.jpg","type":"image\/jpeg"}],"author":"hudo","twitter_card":"summary_large_image","twitter_creator":"@hudo_si","twitter_site":"@hudo_si","twitter_misc":{"Written by":"hudo","Est. reading time":"2 minuti"},"schema":{"@context":"https:\/\/schema.org","@graph":[{"@type":"Article","@id":"https:\/\/hudo.com\/si\/aktualno\/zaradi-napada-v-nici-bo-iz-kinematografov-morda-umaknjen-triler-dan-padca-bastilje\/#article","isPartOf":{"@id":"https:\/\/hudo.com\/si\/aktualno\/zaradi-napada-v-nici-bo-iz-kinematografov-morda-umaknjen-triler-dan-padca-bastilje\/"},"author":{"name":"hudo","@id":"https:\/\/hudo.com\/si\/#\/schema\/person\/601cf3379633985b20f7e50f2bb47707"},"headline":"Zaradi napada v Nici bo iz kinematografov morda umaknjen triler Dan padca Bastilje","datePublished":"2016-07-18T09:42:00+00:00","dateModified":"2016-07-19T03:57:23+00:00","mainEntityOfPage":{"@id":"https:\/\/hudo.com\/si\/aktualno\/zaradi-napada-v-nici-bo-iz-kinematografov-morda-umaknjen-triler-dan-padca-bastilje\/"},"wordCount":330,"publisher":{"@id":"https:\/\/hudo.com\/si\/#organization"},"articleSection":["Aktualno"],"inLanguage":"sl-SI"},{"@type":"WebPage","@id":"https:\/\/hudo.com\/si\/aktualno\/zaradi-napada-v-nici-bo-iz-kinematografov-morda-umaknjen-triler-dan-padca-bastilje\/","url":"https:\/\/hudo.com\/si\/aktualno\/zaradi-napada-v-nici-bo-iz-kinematografov-morda-umaknjen-triler-dan-padca-bastilje\/","name":"Zaradi napada v Nici bo iz kinematografov morda umaknjen triler Dan padca Bastilje - Hudo Slovenija","isPartOf":{"@id":"https:\/\/hudo.com\/si\/#website"},"datePublished":"2016-07-18T09:42:00+00:00","dateModified":"2016-07-19T03:57:23+00:00","breadcrumb":{"@id":"https:\/\/hudo.com\/si\/aktualno\/zaradi-napada-v-nici-bo-iz-kinematografov-morda-umaknjen-triler-dan-padca-bastilje\/#breadcrumb"},"inLanguage":"sl-SI","potentialAction":[{"@type":"ReadAction","target":["https:\/\/hudo.com\/si\/aktualno\/zaradi-napada-v-nici-bo-iz-kinematografov-morda-umaknjen-triler-dan-padca-bastilje\/"]}]},{"@type":"BreadcrumbList","@id":"https:\/\/hudo.com\/si\/aktualno\/zaradi-napada-v-nici-bo-iz-kinematografov-morda-umaknjen-triler-dan-padca-bastilje\/#breadcrumb","itemListElement":[{"@type":"ListItem","position":1,"name":"Home","item":"https:\/\/hudo.com\/si\/"},{"@type":"ListItem","position":2,"name":"Zaradi napada v Nici bo iz kinematografov morda umaknjen triler Dan padca Bastilje"}]},{"@type":"WebSite","@id":"https:\/\/hudo.com\/si\/#website","url":"https:\/\/hudo.com\/si\/","name":"Hudo Slovenija","description":"Vse novice iz Slovenije in sveta","publisher":{"@id":"https:\/\/hudo.com\/si\/#organization"},"potentialAction":[{"@type":"SearchAction","target":{"@type":"EntryPoint","urlTemplate":"https:\/\/hudo.com\/si\/?s={search_term_string}"},"query-input":"required name=search_term_string"}],"inLanguage":"sl-SI"},{"@type":"Organization","@id":"https:\/\/hudo.com\/si\/#organization","name":"VSN Media","url":"https:\/\/hudo.com\/si\/","logo":{"@type":"ImageObject","inLanguage":"sl-SI","@id":"https:\/\/hudo.com\/si\/#\/schema\/logo\/image\/","url":"https:\/\/hudo.com\/si\/wp-content\/uploads\/sites\/2\/2021\/03\/hudo-app-2.png","contentUrl":"https:\/\/hudo.com\/si\/wp-content\/uploads\/sites\/2\/2021\/03\/hudo-app-2.png","width":2185,"height":2167,"caption":"VSN Media"},"image":{"@id":"https:\/\/hudo.com\/si\/#\/schema\/logo\/image\/"},"sameAs":["https:\/\/www.facebook.com\/hudo.si","https:\/\/twitter.com\/hudo_si"]},{"@type":"Person","@id":"https:\/\/hudo.com\/si\/#\/schema\/person\/601cf3379633985b20f7e50f2bb47707","name":"hudo","image":{"@type":"ImageObject","inLanguage":"sl-SI","@id":"https:\/\/hudo.com\/si\/#\/schema\/person\/image\/","url":"https:\/\/secure.gravatar.com\/avatar\/c4ca25fa72cace7a696b52ff5db9e095?s=96&d=mm&r=g","contentUrl":"https:\/\/secure.gravatar.com\/avatar\/c4ca25fa72cace7a696b52ff5db9e095?s=96&d=mm&r=g","caption":"hudo"},"url":"https:\/\/hudo.com\/si\/author\/hudo\/"}]}},"amp_enabled":true,"_links":{"self":[{"href":"https:\/\/hudo.com\/si\/wp-json\/wp\/v2\/posts\/97066"}],"collection":[{"href":"https:\/\/hudo.com\/si\/wp-json\/wp\/v2\/posts"}],"about":[{"href":"https:\/\/hudo.com\/si\/wp-json\/wp\/v2\/types\/post"}],"author":[{"embeddable":true,"href":"https:\/\/hudo.com\/si\/wp-json\/wp\/v2\/users\/1"}],"replies":[{"embeddable":true,"href":"https:\/\/hudo.com\/si\/wp-json\/wp\/v2\/comments?post=97066"}],"version-history":[{"count":1,"href":"https:\/\/hudo.com\/si\/wp-json\/wp\/v2\/posts\/97066\/revisions"}],"predecessor-version":[{"id":97248,"href":"https:\/\/hudo.com\/si\/wp-json\/wp\/v2\/posts\/97066\/revisions\/97248"}],"wp:attachment":[{"href":"https:\/\/hudo.com\/si\/wp-json\/wp\/v2\/media?parent=97066"}],"wp:term":[{"taxonomy":"category","embeddable":true,"href":"https:\/\/hudo.com\/si\/wp-json\/wp\/v2\/categories?post=97066"},{"taxonomy":"post_tag","embeddable":true,"href":"https:\/\/hudo.com\/si\/wp-json\/wp\/v2\/tags?post=97066"},{"taxonomy":"source","embeddable":true,"href":"https:\/\/hudo.com\/si\/wp-json\/wp\/v2\/source?post=97066"},{"taxonomy":"supertag","embeddable":true,"href":"https:\/\/hudo.com\/si\/wp-json\/wp\/v2\/supertag?post=97066"}],"curies":[{"name":"wp","href":"https:\/\/api.w.org\/{rel}","templated":true}]}}