{"id":98138,"date":"2016-07-20T09:32:02","date_gmt":"2016-07-20T07:32:02","guid":{"rendered":"http:\/\/hudo.com\/si\/?p=98138"},"modified":"2016-07-20T09:32:02","modified_gmt":"2016-07-20T07:32:02","slug":"na-brniku-odpirajo-mednarodno-letalsko-akademijo","status":"publish","type":"post","link":"https:\/\/hudo.com\/si\/aktualno\/na-brniku-odpirajo-mednarodno-letalsko-akademijo\/","title":{"rendered":"Na Brniku odpirajo mednarodno letalsko akademijo"},"content":{"rendered":"<p>Kot so sporo\u010dili iz Aerodroma Ljubljana, ki od leta 2014 sodi pod okrilje Fraporta, bo akademija postala pomemben izobra\u017eevalni center za vse zaposlene v skupini Fraport in dopolnila obstoje\u010de izobra\u017eevalne dejavnosti frankfurtskega letali\u0161\u010da.<\/p>\n<p>Ustanovitev novega izobra\u017eevalnega sredi\u0161\u010da po besedah direktorja splo\u0161nega sektorja v Aerodromu Ljubljana in vodje Fraportove letalske akademije Thomasa Uihleina odra\u017ea Fraportovo zavezanost k dolgoro\u010dnemu razvoju ljubljanskega letali\u0161\u010da. Z njo \u017eeli Fraport okrepiti sinergije med partnerji na ljubljanskem letali\u0161\u010du in razviti svojevrstno ponudbo \u017ee obstoje\u010dega znanja s podro\u010dja letali\u0161kih storitev ter ukrepanja v izrednih razmerah.<\/p>\n<p>&#8220;Okolica ljubljanskega letali\u0161\u010da je nadvse primerna za razvoj visokokakovostnih inovativnih re\u0161itev s podro\u010dja letalskega izobra\u017eevanja,&#8221; je strate\u0161ki pomen akademije pojasnil Uihlein.<\/p>\n<p>Izobra\u017eevanja bodo izvajali strokovno usposobljeni sodelavci (in\u0161truktorji) Aerodroma Ljubljana in drugih letali\u0161\u010d iz skupine Fraport, pa tudi drugi partnerji. &#8220;Dolgoro\u010dni cilj akademije ni le podajanje znanja, temve\u010d tudi povezovanje razli\u010dnih letalskih podro\u010dij v integriran izobra\u017eevalni koncept,&#8221; je povedal Uihlein.<\/p>\n<p>Ponudba letalske akademije bo sprva obsegala obstoje\u010da izobra\u017eevanja s podro\u010dja upravljanja letali\u0161\u010da, oskrbe letal, oskrbe potnikov, varstva pri delu in letali\u0161kih gasilskih storitev.<\/p>\n<p>\u017de v prihodnjem letu bo na obmo\u010dju letali\u0161\u010da stekla gradnja novega izobra\u017eevalnega centra. Investicija v novi objekt, ki bo svojemu namenu predan leta 2018, je ocenjena na 3,9 milijona evrov.<\/p>\n","protected":false},"excerpt":{"rendered":"<p>Brnik, 20. julija &#8211; Na ljubljanskem letali\u0161\u010du bo ob koncu leto\u0161njega leta vrata odprla Fraportova letalska akademija. Njen glavni namen je zadostiti izobra\u017eevalnim potrebam letali\u0161\u010d iz skupine Fraport in \u0161ir\u0161ega trga. Vodenje in upravljanje akademije bo zaupano Aerodromu Ljubljana.<\/p>\n","protected":false},"author":5,"featured_media":98139,"comment_status":"closed","ping_status":"closed","sticky":false,"template":"","format":"standard","meta":{"footnotes":""},"categories":[1179],"tags":[3796,5821,3797],"source":[4511],"supertag":[5675],"acf":[],"yoast_head":"<!-- This site is optimized with the Yoast SEO plugin v21.3 - https:\/\/yoast.com\/wordpress\/plugins\/seo\/ -->\n<title>Na Brniku odpirajo mednarodno letalsko akademijo - Hudo Slovenija<\/title>\n<meta name=\"robots\" content=\"index, follow, max-snippet:-1, max-image-preview:large, max-video-preview:-1\" \/>\n<link rel=\"canonical\" href=\"https:\/\/hudo.com\/si\/aktualno\/na-brniku-odpirajo-mednarodno-letalsko-akademijo\/\" \/>\n<meta property=\"og:locale\" content=\"sl_SI\" \/>\n<meta property=\"og:type\" content=\"article\" \/>\n<meta property=\"og:title\" content=\"Na Brniku odpirajo mednarodno letalsko akademijo - Hudo Slovenija\" \/>\n<meta property=\"og:description\" content=\"Brnik, 20. julija - Na ljubljanskem letali\u0161\u010du bo ob koncu leto\u0161njega leta vrata odprla Fraportova letalska akademija. Njen glavni namen je zadostiti izobra\u017eevalnim potrebam letali\u0161\u010d iz skupine Fraport in \u0161ir\u0161ega trga. Vodenje in upravljanje akademije bo zaupano Aerodromu Ljubljana.\" \/>\n<meta property=\"og:url\" content=\"https:\/\/hudo.com\/si\/aktualno\/na-brniku-odpirajo-mednarodno-letalsko-akademijo\/\" \/>\n<meta property=\"og:site_name\" content=\"Hudo Slovenija\" \/>\n<meta property=\"article:publisher\" content=\"https:\/\/www.facebook.com\/hudo.si\" \/>\n<meta property=\"article:published_time\" content=\"2016-07-20T07:32:02+00:00\" \/>\n<meta property=\"og:image\" content=\"https:\/\/hudo.com\/si\/wp-content\/uploads\/sites\/2\/2016\/07\/profimedia-0011764042.jpg\" \/>\n\t<meta property=\"og:image:width\" content=\"1250\" \/>\n\t<meta property=\"og:image:height\" content=\"833\" \/>\n\t<meta property=\"og:image:type\" content=\"image\/jpeg\" \/>\n<meta name=\"author\" content=\"A. G., STA\" \/>\n<meta name=\"twitter:card\" content=\"summary_large_image\" \/>\n<meta name=\"twitter:creator\" content=\"@hudo_si\" \/>\n<meta name=\"twitter:site\" content=\"@hudo_si\" \/>\n<meta name=\"twitter:label1\" content=\"Written by\" \/>\n\t<meta name=\"twitter:data1\" content=\"A. G., STA\" \/>\n\t<meta name=\"twitter:label2\" content=\"Est. reading time\" \/>\n\t<meta name=\"twitter:data2\" content=\"1 minuta\" \/>\n<script type=\"application\/ld+json\" class=\"yoast-schema-graph\">{\"@context\":\"https:\/\/schema.org\",\"@graph\":[{\"@type\":\"Article\",\"@id\":\"https:\/\/hudo.com\/si\/aktualno\/na-brniku-odpirajo-mednarodno-letalsko-akademijo\/#article\",\"isPartOf\":{\"@id\":\"https:\/\/hudo.com\/si\/aktualno\/na-brniku-odpirajo-mednarodno-letalsko-akademijo\/\"},\"author\":{\"name\":\"A. G., STA\",\"@id\":\"https:\/\/hudo.com\/si\/#\/schema\/person\/2391667a63ea075ba94f2f2dc6b77537\"},\"headline\":\"Na Brniku odpirajo mednarodno letalsko akademijo\",\"datePublished\":\"2016-07-20T07:32:02+00:00\",\"dateModified\":\"2016-07-20T07:32:02+00:00\",\"mainEntityOfPage\":{\"@id\":\"https:\/\/hudo.com\/si\/aktualno\/na-brniku-odpirajo-mednarodno-letalsko-akademijo\/\"},\"wordCount\":237,\"publisher\":{\"@id\":\"https:\/\/hudo.com\/si\/#organization\"},\"keywords\":[\"brnik\",\"fraport\",\"letali\u0161\u010de jo\u017eeta pu\u010dnika\"],\"articleSection\":[\"Aktualno\"],\"inLanguage\":\"sl-SI\"},{\"@type\":\"WebPage\",\"@id\":\"https:\/\/hudo.com\/si\/aktualno\/na-brniku-odpirajo-mednarodno-letalsko-akademijo\/\",\"url\":\"https:\/\/hudo.com\/si\/aktualno\/na-brniku-odpirajo-mednarodno-letalsko-akademijo\/\",\"name\":\"Na Brniku odpirajo mednarodno letalsko akademijo - Hudo Slovenija\",\"isPartOf\":{\"@id\":\"https:\/\/hudo.com\/si\/#website\"},\"datePublished\":\"2016-07-20T07:32:02+00:00\",\"dateModified\":\"2016-07-20T07:32:02+00:00\",\"breadcrumb\":{\"@id\":\"https:\/\/hudo.com\/si\/aktualno\/na-brniku-odpirajo-mednarodno-letalsko-akademijo\/#breadcrumb\"},\"inLanguage\":\"sl-SI\",\"potentialAction\":[{\"@type\":\"ReadAction\",\"target\":[\"https:\/\/hudo.com\/si\/aktualno\/na-brniku-odpirajo-mednarodno-letalsko-akademijo\/\"]}]},{\"@type\":\"BreadcrumbList\",\"@id\":\"https:\/\/hudo.com\/si\/aktualno\/na-brniku-odpirajo-mednarodno-letalsko-akademijo\/#breadcrumb\",\"itemListElement\":[{\"@type\":\"ListItem\",\"position\":1,\"name\":\"Home\",\"item\":\"https:\/\/hudo.com\/si\/\"},{\"@type\":\"ListItem\",\"position\":2,\"name\":\"Na Brniku odpirajo mednarodno letalsko akademijo\"}]},{\"@type\":\"WebSite\",\"@id\":\"https:\/\/hudo.com\/si\/#website\",\"url\":\"https:\/\/hudo.com\/si\/\",\"name\":\"Hudo Slovenija\",\"description\":\"Vse novice iz Slovenije in sveta\",\"publisher\":{\"@id\":\"https:\/\/hudo.com\/si\/#organization\"},\"potentialAction\":[{\"@type\":\"SearchAction\",\"target\":{\"@type\":\"EntryPoint\",\"urlTemplate\":\"https:\/\/hudo.com\/si\/?s={search_term_string}\"},\"query-input\":\"required name=search_term_string\"}],\"inLanguage\":\"sl-SI\"},{\"@type\":\"Organization\",\"@id\":\"https:\/\/hudo.com\/si\/#organization\",\"name\":\"VSN Media\",\"url\":\"https:\/\/hudo.com\/si\/\",\"logo\":{\"@type\":\"ImageObject\",\"inLanguage\":\"sl-SI\",\"@id\":\"https:\/\/hudo.com\/si\/#\/schema\/logo\/image\/\",\"url\":\"https:\/\/hudo.com\/si\/wp-content\/uploads\/sites\/2\/2021\/03\/hudo-app-2.png\",\"contentUrl\":\"https:\/\/hudo.com\/si\/wp-content\/uploads\/sites\/2\/2021\/03\/hudo-app-2.png\",\"width\":2185,\"height\":2167,\"caption\":\"VSN Media\"},\"image\":{\"@id\":\"https:\/\/hudo.com\/si\/#\/schema\/logo\/image\/\"},\"sameAs\":[\"https:\/\/www.facebook.com\/hudo.si\",\"https:\/\/twitter.com\/hudo_si\"]},{\"@type\":\"Person\",\"@id\":\"https:\/\/hudo.com\/si\/#\/schema\/person\/2391667a63ea075ba94f2f2dc6b77537\",\"name\":\"A. G., STA\",\"image\":{\"@type\":\"ImageObject\",\"inLanguage\":\"sl-SI\",\"@id\":\"https:\/\/hudo.com\/si\/#\/schema\/person\/image\/\",\"url\":\"https:\/\/secure.gravatar.com\/avatar\/e13d22ac3e442658d5025fbbe6238a79?s=96&d=mm&r=g\",\"contentUrl\":\"https:\/\/secure.gravatar.com\/avatar\/e13d22ac3e442658d5025fbbe6238a79?s=96&d=mm&r=g\",\"caption\":\"A. G., STA\"},\"url\":\"https:\/\/hudo.com\/si\/author\/alenka\/\"}]}<\/script>\n<!-- \/ Yoast SEO plugin. -->","yoast_head_json":{"title":"Na Brniku odpirajo mednarodno letalsko akademijo - Hudo Slovenija","robots":{"index":"index","follow":"follow","max-snippet":"max-snippet:-1","max-image-preview":"max-image-preview:large","max-video-preview":"max-video-preview:-1"},"canonical":"https:\/\/hudo.com\/si\/aktualno\/na-brniku-odpirajo-mednarodno-letalsko-akademijo\/","og_locale":"sl_SI","og_type":"article","og_title":"Na Brniku odpirajo mednarodno letalsko akademijo - Hudo Slovenija","og_description":"Brnik, 20. julija - Na ljubljanskem letali\u0161\u010du bo ob koncu leto\u0161njega leta vrata odprla Fraportova letalska akademija. Njen glavni namen je zadostiti izobra\u017eevalnim potrebam letali\u0161\u010d iz skupine Fraport in \u0161ir\u0161ega trga. Vodenje in upravljanje akademije bo zaupano Aerodromu Ljubljana.","og_url":"https:\/\/hudo.com\/si\/aktualno\/na-brniku-odpirajo-mednarodno-letalsko-akademijo\/","og_site_name":"Hudo Slovenija","article_publisher":"https:\/\/www.facebook.com\/hudo.si","article_published_time":"2016-07-20T07:32:02+00:00","og_image":[{"width":1250,"height":833,"url":"https:\/\/hudo.com\/si\/wp-content\/uploads\/sites\/2\/2016\/07\/profimedia-0011764042.jpg","type":"image\/jpeg"}],"author":"A. G., STA","twitter_card":"summary_large_image","twitter_creator":"@hudo_si","twitter_site":"@hudo_si","twitter_misc":{"Written by":"A. G., STA","Est. reading time":"1 minuta"},"schema":{"@context":"https:\/\/schema.org","@graph":[{"@type":"Article","@id":"https:\/\/hudo.com\/si\/aktualno\/na-brniku-odpirajo-mednarodno-letalsko-akademijo\/#article","isPartOf":{"@id":"https:\/\/hudo.com\/si\/aktualno\/na-brniku-odpirajo-mednarodno-letalsko-akademijo\/"},"author":{"name":"A. G., STA","@id":"https:\/\/hudo.com\/si\/#\/schema\/person\/2391667a63ea075ba94f2f2dc6b77537"},"headline":"Na Brniku odpirajo mednarodno letalsko akademijo","datePublished":"2016-07-20T07:32:02+00:00","dateModified":"2016-07-20T07:32:02+00:00","mainEntityOfPage":{"@id":"https:\/\/hudo.com\/si\/aktualno\/na-brniku-odpirajo-mednarodno-letalsko-akademijo\/"},"wordCount":237,"publisher":{"@id":"https:\/\/hudo.com\/si\/#organization"},"keywords":["brnik","fraport","letali\u0161\u010de jo\u017eeta pu\u010dnika"],"articleSection":["Aktualno"],"inLanguage":"sl-SI"},{"@type":"WebPage","@id":"https:\/\/hudo.com\/si\/aktualno\/na-brniku-odpirajo-mednarodno-letalsko-akademijo\/","url":"https:\/\/hudo.com\/si\/aktualno\/na-brniku-odpirajo-mednarodno-letalsko-akademijo\/","name":"Na Brniku odpirajo mednarodno letalsko akademijo - Hudo Slovenija","isPartOf":{"@id":"https:\/\/hudo.com\/si\/#website"},"datePublished":"2016-07-20T07:32:02+00:00","dateModified":"2016-07-20T07:32:02+00:00","breadcrumb":{"@id":"https:\/\/hudo.com\/si\/aktualno\/na-brniku-odpirajo-mednarodno-letalsko-akademijo\/#breadcrumb"},"inLanguage":"sl-SI","potentialAction":[{"@type":"ReadAction","target":["https:\/\/hudo.com\/si\/aktualno\/na-brniku-odpirajo-mednarodno-letalsko-akademijo\/"]}]},{"@type":"BreadcrumbList","@id":"https:\/\/hudo.com\/si\/aktualno\/na-brniku-odpirajo-mednarodno-letalsko-akademijo\/#breadcrumb","itemListElement":[{"@type":"ListItem","position":1,"name":"Home","item":"https:\/\/hudo.com\/si\/"},{"@type":"ListItem","position":2,"name":"Na Brniku odpirajo mednarodno letalsko akademijo"}]},{"@type":"WebSite","@id":"https:\/\/hudo.com\/si\/#website","url":"https:\/\/hudo.com\/si\/","name":"Hudo Slovenija","description":"Vse novice iz Slovenije in sveta","publisher":{"@id":"https:\/\/hudo.com\/si\/#organization"},"potentialAction":[{"@type":"SearchAction","target":{"@type":"EntryPoint","urlTemplate":"https:\/\/hudo.com\/si\/?s={search_term_string}"},"query-input":"required name=search_term_string"}],"inLanguage":"sl-SI"},{"@type":"Organization","@id":"https:\/\/hudo.com\/si\/#organization","name":"VSN Media","url":"https:\/\/hudo.com\/si\/","logo":{"@type":"ImageObject","inLanguage":"sl-SI","@id":"https:\/\/hudo.com\/si\/#\/schema\/logo\/image\/","url":"https:\/\/hudo.com\/si\/wp-content\/uploads\/sites\/2\/2021\/03\/hudo-app-2.png","contentUrl":"https:\/\/hudo.com\/si\/wp-content\/uploads\/sites\/2\/2021\/03\/hudo-app-2.png","width":2185,"height":2167,"caption":"VSN Media"},"image":{"@id":"https:\/\/hudo.com\/si\/#\/schema\/logo\/image\/"},"sameAs":["https:\/\/www.facebook.com\/hudo.si","https:\/\/twitter.com\/hudo_si"]},{"@type":"Person","@id":"https:\/\/hudo.com\/si\/#\/schema\/person\/2391667a63ea075ba94f2f2dc6b77537","name":"A. G., STA","image":{"@type":"ImageObject","inLanguage":"sl-SI","@id":"https:\/\/hudo.com\/si\/#\/schema\/person\/image\/","url":"https:\/\/secure.gravatar.com\/avatar\/e13d22ac3e442658d5025fbbe6238a79?s=96&d=mm&r=g","contentUrl":"https:\/\/secure.gravatar.com\/avatar\/e13d22ac3e442658d5025fbbe6238a79?s=96&d=mm&r=g","caption":"A. G., STA"},"url":"https:\/\/hudo.com\/si\/author\/alenka\/"}]}},"amp_enabled":true,"_links":{"self":[{"href":"https:\/\/hudo.com\/si\/wp-json\/wp\/v2\/posts\/98138"}],"collection":[{"href":"https:\/\/hudo.com\/si\/wp-json\/wp\/v2\/posts"}],"about":[{"href":"https:\/\/hudo.com\/si\/wp-json\/wp\/v2\/types\/post"}],"author":[{"embeddable":true,"href":"https:\/\/hudo.com\/si\/wp-json\/wp\/v2\/users\/5"}],"replies":[{"embeddable":true,"href":"https:\/\/hudo.com\/si\/wp-json\/wp\/v2\/comments?post=98138"}],"version-history":[{"count":1,"href":"https:\/\/hudo.com\/si\/wp-json\/wp\/v2\/posts\/98138\/revisions"}],"predecessor-version":[{"id":98140,"href":"https:\/\/hudo.com\/si\/wp-json\/wp\/v2\/posts\/98138\/revisions\/98140"}],"wp:featuredmedia":[{"embeddable":true,"href":"https:\/\/hudo.com\/si\/wp-json\/wp\/v2\/media\/98139"}],"wp:attachment":[{"href":"https:\/\/hudo.com\/si\/wp-json\/wp\/v2\/media?parent=98138"}],"wp:term":[{"taxonomy":"category","embeddable":true,"href":"https:\/\/hudo.com\/si\/wp-json\/wp\/v2\/categories?post=98138"},{"taxonomy":"post_tag","embeddable":true,"href":"https:\/\/hudo.com\/si\/wp-json\/wp\/v2\/tags?post=98138"},{"taxonomy":"source","embeddable":true,"href":"https:\/\/hudo.com\/si\/wp-json\/wp\/v2\/source?post=98138"},{"taxonomy":"supertag","embeddable":true,"href":"https:\/\/hudo.com\/si\/wp-json\/wp\/v2\/supertag?post=98138"}],"curies":[{"name":"wp","href":"https:\/\/api.w.org\/{rel}","templated":true}]}}