{"id":98347,"date":"2016-07-20T09:50:00","date_gmt":"2016-07-20T07:50:00","guid":{"rendered":"http:\/\/hudo.com\/si\/2016\/07\/20\/sodisce-eu-delavcu-ob-prekinitvi-delovnega-razmerja-pripada-nadomestilo-za-neizkoriscen-dopust\/"},"modified":"2016-07-21T09:27:09","modified_gmt":"2016-07-21T07:27:09","slug":"sodisce-eu-delavcu-ob-prekinitvi-delovnega-razmerja-pripada-nadomestilo-za-neizkoriscen-dopust","status":"publish","type":"post","link":"https:\/\/hudo.com\/si\/aktualno\/sodisce-eu-delavcu-ob-prekinitvi-delovnega-razmerja-pripada-nadomestilo-za-neizkoriscen-dopust\/","title":{"rendered":"Sodi\u0161\u010de EU: Delavcu ob prekinitvi delovnega razmerja pripada nadomestilo za neizkori\u0161\u010den dopust"},"content":{"rendered":"<p>Delavec, ki sam prekine delovno razmerje, ima kljub temu pravico do denarnega nadomestila, \u010de v celoti ali delno ni mogel izkoristiti svoje pravice do pla\u010danega letnega dopusta, je presodilo Sodi\u0161\u010de EU. Pravica do pla\u010danega dopusta je v EU po mnenju sodi\u0161\u010da posebnega pomena, odobrena vsakemu delavcu, ne glede na njegovo zdravstveno stanje.  Sodi\u0161\u010de EU je o nadomestilu presojalo na pobudo dunajskega sodi\u0161\u010da v primeru Hansa Mascheka, uradnika mesta Dunaj, ki se je s 1. julijem 2012 upokojil na lastno pobudo. Maschek je bil pred tem, med 15. novembrom 2010 in 31. decembrom 2010, odsoten z dela zaradi bolezni, v skladu s sporazumom, sklenjenim z njegovim delodajalcem, pa od 1. januarja 2011 ni smel priti na delovno mesto, je pa \u0161e vedno prejemal pla\u010do.  Po upokojitvi je Maschek od svojega delodajalca zahteval pla\u010dilo denarnega nadomestila za neizrabljen pla\u010dan letni dopust, pri \u010demer je trdil, da je tik pred upokojitvijo znova zbolel. Delodajalec je njegovo zahtevo zavrnil z obrazlo\u017eitvijo, da v skladu z ureditvijo sistema javnih pla\u010d v mestu Dunaj delavec, ki sam prekine delovno razmerje &#8211; med drugim zato, ker se je upokojil &#8211; nima pravice do tega nadomestila.  Dunajsko upravno sodi\u0161\u010de, ki obravnava njegovo prito\u017ebo o zavrnitvi, se je na sodi\u0161\u010de EU obrnilo z vpra\u0161anjem o zdru\u017eljivosti te ureditve s pravom EU.  Sodi\u0161\u010de v sodbi z dana\u0161njega dne opozarja, da evropska direktiva dolo\u010da, da ima vsak delavec pravico do pla\u010danega letnega dopusta najmanj \u0161tirih tednov in da je ta pravica do pla\u010danega letnega dopusta na\u010delo socialnega prava EU, ki je posebnega pomena. Odobrena je vsakemu delavcu, ne glede na njegovo zdravstveno stanje.  \u010ce je delovno razmerje prenehalo in torej dejansko ni ve\u010d mogo\u010de izrabiti pla\u010danega letnega dopusta, direktiva dolo\u010da, da ima delavec pravico do denarnega nadomestila, da se prepre\u010di, da bi se zaradi te nemo\u017enosti delavcu onemogo\u010dilo vsakr\u0161no kori\u0161\u010denje te pravice, \u010deprav v denarni obliki.  Sodi\u0161\u010de v zvezi s tem pojasnjuje, da razlog za prenehanj<\/p>\n","protected":false},"excerpt":{"rendered":"<p>Delavec, ki sam prekine delovno razmerje, ima kljub temu pravico do denarnega nadomestila, \u010de v celoti ali delno ni mogel izkoristiti svoje pravice do pla\u010danega letnega dopusta, je presodilo Sodi\u0161\u010de EU. Pravica do pla\u010danega dopusta je v EU po mnenju sodi\u0161\u010da posebnega pomena, odobrena vsakemu delavcu, ne glede na njegovo zdravstveno stanje.  Sodi\u0161\u010de EU je o nadomestilu presojalo na pobudo dunajskega sodi\u0161\u010da v primeru Hansa Mascheka, uradnika mesta Dunaj, ki se je s 1. julijem 2012 upokojil na lastno pobudo. Maschek je bil pred tem, med 15. novembrom 2010 in 31. decembrom 2010, odsoten z dela zaradi bolezni, v skladu s sporazumom, sklenjenim z njegovim delodajalcem, pa od 1. januarja 2011 ni smel priti na delovno mesto, je pa \u0161e vedno prejemal pla\u010do.  Po upokojitvi je Maschek od svojega delodajalca zahteval pla\u010dilo denarnega nadomestila za neizrabljen pla\u010dan letni dopust, pri \u010demer je trdil, da je tik pred upokojitvijo znova zbolel. Delodajalec je njegovo zahtevo zavrnil z obrazlo\u017eitvijo, da v skladu z ureditvijo sistema javnih pla\u010d v mestu Dunaj delavec, ki sam prekine delovno razmerje &#8211; med drugim zato, ker se je upokojil &#8211; nima pravice do tega nadomestila.  Dunajsko upravno sodi\u0161\u010de, ki obravnava njegovo prito\u017ebo o zavrnitvi, se je na sodi\u0161\u010de EU obrnilo z vpra\u0161anjem o zdru\u017eljivosti te ureditve s pravom EU.  Sodi\u0161\u010de v sodbi z dana\u0161njega dne opozarja, da evropska direktiva dolo\u010da, da ima vsak delavec pravico do pla\u010danega letnega dopusta najmanj \u0161tirih tednov in da je ta pravica do pla\u010danega letnega dopusta na\u010delo socialnega prava EU, ki je posebnega pomena. Odobrena je vsakemu delavcu, ne glede na njegovo zdravstveno stanje.  \u010ce je delovno razmerje prenehalo in torej dejansko ni ve\u010d mogo\u010de izrabiti pla\u010danega letnega dopusta, direktiva dolo\u010da, da ima delavec pravico do denarnega nadomestila, da se prepre\u010di, da bi se zaradi te nemo\u017enosti delavcu onemogo\u010dilo vsakr\u0161no kori\u0161\u010denje te pravice, \u010deprav v denarni obliki.  Sodi\u0161\u010de v zvezi s tem pojasnjuje, da razlog za prenehanj<\/p>\n","protected":false},"author":1,"featured_media":0,"comment_status":"closed","ping_status":"closed","sticky":false,"template":"","format":"standard","meta":{"footnotes":""},"categories":[1179],"tags":[],"source":[1711],"supertag":[],"acf":[],"yoast_head":"<!-- This site is optimized with the Yoast SEO plugin v21.3 - https:\/\/yoast.com\/wordpress\/plugins\/seo\/ -->\n<title>Sodi\u0161\u010de EU: Delavcu ob prekinitvi delovnega razmerja pripada nadomestilo za neizkori\u0161\u010den dopust - Hudo Slovenija<\/title>\n<meta name=\"robots\" content=\"index, follow, max-snippet:-1, max-image-preview:large, max-video-preview:-1\" \/>\n<link rel=\"canonical\" href=\"https:\/\/hudo.com\/si\/aktualno\/sodisce-eu-delavcu-ob-prekinitvi-delovnega-razmerja-pripada-nadomestilo-za-neizkoriscen-dopust\/\" \/>\n<meta property=\"og:locale\" content=\"sl_SI\" \/>\n<meta property=\"og:type\" content=\"article\" \/>\n<meta property=\"og:title\" content=\"Sodi\u0161\u010de EU: Delavcu ob prekinitvi delovnega razmerja pripada nadomestilo za neizkori\u0161\u010den dopust - Hudo Slovenija\" \/>\n<meta property=\"og:description\" content=\"Delavec, ki sam prekine delovno razmerje, ima kljub temu pravico do denarnega nadomestila, \u010de v celoti ali delno ni mogel izkoristiti svoje pravice do pla\u010danega letnega dopusta, je presodilo Sodi\u0161\u010de EU. Pravica do pla\u010danega dopusta je v EU po mnenju sodi\u0161\u010da posebnega pomena, odobrena vsakemu delavcu, ne glede na njegovo zdravstveno stanje. Sodi\u0161\u010de EU je o nadomestilu presojalo na pobudo dunajskega sodi\u0161\u010da v primeru Hansa Mascheka, uradnika mesta Dunaj, ki se je s 1. julijem 2012 upokojil na lastno pobudo. Maschek je bil pred tem, med 15. novembrom 2010 in 31. decembrom 2010, odsoten z dela zaradi bolezni, v skladu s sporazumom, sklenjenim z njegovim delodajalcem, pa od 1. januarja 2011 ni smel priti na delovno mesto, je pa \u0161e vedno prejemal pla\u010do. Po upokojitvi je Maschek od svojega delodajalca zahteval pla\u010dilo denarnega nadomestila za neizrabljen pla\u010dan letni dopust, pri \u010demer je trdil, da je tik pred upokojitvijo znova zbolel. Delodajalec je njegovo zahtevo zavrnil z obrazlo\u017eitvijo, da v skladu z ureditvijo sistema javnih pla\u010d v mestu Dunaj delavec, ki sam prekine delovno razmerje - med drugim zato, ker se je upokojil - nima pravice do tega nadomestila. Dunajsko upravno sodi\u0161\u010de, ki obravnava njegovo prito\u017ebo o zavrnitvi, se je na sodi\u0161\u010de EU obrnilo z vpra\u0161anjem o zdru\u017eljivosti te ureditve s pravom EU. Sodi\u0161\u010de v sodbi z dana\u0161njega dne opozarja, da evropska direktiva dolo\u010da, da ima vsak delavec pravico do pla\u010danega letnega dopusta najmanj \u0161tirih tednov in da je ta pravica do pla\u010danega letnega dopusta na\u010delo socialnega prava EU, ki je posebnega pomena. Odobrena je vsakemu delavcu, ne glede na njegovo zdravstveno stanje. \u010ce je delovno razmerje prenehalo in torej dejansko ni ve\u010d mogo\u010de izrabiti pla\u010danega letnega dopusta, direktiva dolo\u010da, da ima delavec pravico do denarnega nadomestila, da se prepre\u010di, da bi se zaradi te nemo\u017enosti delavcu onemogo\u010dilo vsakr\u0161no kori\u0161\u010denje te pravice, \u010deprav v denarni obliki. Sodi\u0161\u010de v zvezi s tem pojasnjuje, da razlog za prenehanj\" \/>\n<meta property=\"og:url\" content=\"https:\/\/hudo.com\/si\/aktualno\/sodisce-eu-delavcu-ob-prekinitvi-delovnega-razmerja-pripada-nadomestilo-za-neizkoriscen-dopust\/\" \/>\n<meta property=\"og:site_name\" content=\"Hudo Slovenija\" \/>\n<meta property=\"article:publisher\" content=\"https:\/\/www.facebook.com\/hudo.si\" \/>\n<meta property=\"article:published_time\" content=\"2016-07-20T07:50:00+00:00\" \/>\n<meta property=\"article:modified_time\" content=\"2016-07-21T07:27:09+00:00\" \/>\n<meta property=\"og:image\" content=\"https:\/\/hudo.com\/si\/wp-content\/uploads\/sites\/2\/2016\/07\/ANPL9838_a-300.jpg\" \/>\n\t<meta property=\"og:image:width\" content=\"450\" \/>\n\t<meta property=\"og:image:height\" content=\"583\" \/>\n\t<meta property=\"og:image:type\" content=\"image\/jpeg\" \/>\n<meta name=\"author\" content=\"hudo\" \/>\n<meta name=\"twitter:card\" content=\"summary_large_image\" \/>\n<meta name=\"twitter:creator\" content=\"@hudo_si\" \/>\n<meta name=\"twitter:site\" content=\"@hudo_si\" \/>\n<meta name=\"twitter:label1\" content=\"Written by\" \/>\n\t<meta name=\"twitter:data1\" content=\"hudo\" \/>\n\t<meta name=\"twitter:label2\" content=\"Est. reading time\" \/>\n\t<meta name=\"twitter:data2\" content=\"2 minuti\" \/>\n<script type=\"application\/ld+json\" class=\"yoast-schema-graph\">{\"@context\":\"https:\/\/schema.org\",\"@graph\":[{\"@type\":\"Article\",\"@id\":\"https:\/\/hudo.com\/si\/aktualno\/sodisce-eu-delavcu-ob-prekinitvi-delovnega-razmerja-pripada-nadomestilo-za-neizkoriscen-dopust\/#article\",\"isPartOf\":{\"@id\":\"https:\/\/hudo.com\/si\/aktualno\/sodisce-eu-delavcu-ob-prekinitvi-delovnega-razmerja-pripada-nadomestilo-za-neizkoriscen-dopust\/\"},\"author\":{\"name\":\"hudo\",\"@id\":\"https:\/\/hudo.com\/si\/#\/schema\/person\/601cf3379633985b20f7e50f2bb47707\"},\"headline\":\"Sodi\u0161\u010de EU: Delavcu ob prekinitvi delovnega razmerja pripada nadomestilo za neizkori\u0161\u010den dopust\",\"datePublished\":\"2016-07-20T07:50:00+00:00\",\"dateModified\":\"2016-07-21T07:27:09+00:00\",\"mainEntityOfPage\":{\"@id\":\"https:\/\/hudo.com\/si\/aktualno\/sodisce-eu-delavcu-ob-prekinitvi-delovnega-razmerja-pripada-nadomestilo-za-neizkoriscen-dopust\/\"},\"wordCount\":351,\"publisher\":{\"@id\":\"https:\/\/hudo.com\/si\/#organization\"},\"articleSection\":[\"Aktualno\"],\"inLanguage\":\"sl-SI\"},{\"@type\":\"WebPage\",\"@id\":\"https:\/\/hudo.com\/si\/aktualno\/sodisce-eu-delavcu-ob-prekinitvi-delovnega-razmerja-pripada-nadomestilo-za-neizkoriscen-dopust\/\",\"url\":\"https:\/\/hudo.com\/si\/aktualno\/sodisce-eu-delavcu-ob-prekinitvi-delovnega-razmerja-pripada-nadomestilo-za-neizkoriscen-dopust\/\",\"name\":\"Sodi\u0161\u010de EU: Delavcu ob prekinitvi delovnega razmerja pripada nadomestilo za neizkori\u0161\u010den dopust - Hudo Slovenija\",\"isPartOf\":{\"@id\":\"https:\/\/hudo.com\/si\/#website\"},\"datePublished\":\"2016-07-20T07:50:00+00:00\",\"dateModified\":\"2016-07-21T07:27:09+00:00\",\"breadcrumb\":{\"@id\":\"https:\/\/hudo.com\/si\/aktualno\/sodisce-eu-delavcu-ob-prekinitvi-delovnega-razmerja-pripada-nadomestilo-za-neizkoriscen-dopust\/#breadcrumb\"},\"inLanguage\":\"sl-SI\",\"potentialAction\":[{\"@type\":\"ReadAction\",\"target\":[\"https:\/\/hudo.com\/si\/aktualno\/sodisce-eu-delavcu-ob-prekinitvi-delovnega-razmerja-pripada-nadomestilo-za-neizkoriscen-dopust\/\"]}]},{\"@type\":\"BreadcrumbList\",\"@id\":\"https:\/\/hudo.com\/si\/aktualno\/sodisce-eu-delavcu-ob-prekinitvi-delovnega-razmerja-pripada-nadomestilo-za-neizkoriscen-dopust\/#breadcrumb\",\"itemListElement\":[{\"@type\":\"ListItem\",\"position\":1,\"name\":\"Home\",\"item\":\"https:\/\/hudo.com\/si\/\"},{\"@type\":\"ListItem\",\"position\":2,\"name\":\"Sodi\u0161\u010de EU: Delavcu ob prekinitvi delovnega razmerja pripada nadomestilo za neizkori\u0161\u010den dopust\"}]},{\"@type\":\"WebSite\",\"@id\":\"https:\/\/hudo.com\/si\/#website\",\"url\":\"https:\/\/hudo.com\/si\/\",\"name\":\"Hudo Slovenija\",\"description\":\"Vse novice iz Slovenije in sveta\",\"publisher\":{\"@id\":\"https:\/\/hudo.com\/si\/#organization\"},\"potentialAction\":[{\"@type\":\"SearchAction\",\"target\":{\"@type\":\"EntryPoint\",\"urlTemplate\":\"https:\/\/hudo.com\/si\/?s={search_term_string}\"},\"query-input\":\"required name=search_term_string\"}],\"inLanguage\":\"sl-SI\"},{\"@type\":\"Organization\",\"@id\":\"https:\/\/hudo.com\/si\/#organization\",\"name\":\"VSN Media\",\"url\":\"https:\/\/hudo.com\/si\/\",\"logo\":{\"@type\":\"ImageObject\",\"inLanguage\":\"sl-SI\",\"@id\":\"https:\/\/hudo.com\/si\/#\/schema\/logo\/image\/\",\"url\":\"https:\/\/hudo.com\/si\/wp-content\/uploads\/sites\/2\/2021\/03\/hudo-app-2.png\",\"contentUrl\":\"https:\/\/hudo.com\/si\/wp-content\/uploads\/sites\/2\/2021\/03\/hudo-app-2.png\",\"width\":2185,\"height\":2167,\"caption\":\"VSN Media\"},\"image\":{\"@id\":\"https:\/\/hudo.com\/si\/#\/schema\/logo\/image\/\"},\"sameAs\":[\"https:\/\/www.facebook.com\/hudo.si\",\"https:\/\/twitter.com\/hudo_si\"]},{\"@type\":\"Person\",\"@id\":\"https:\/\/hudo.com\/si\/#\/schema\/person\/601cf3379633985b20f7e50f2bb47707\",\"name\":\"hudo\",\"image\":{\"@type\":\"ImageObject\",\"inLanguage\":\"sl-SI\",\"@id\":\"https:\/\/hudo.com\/si\/#\/schema\/person\/image\/\",\"url\":\"https:\/\/secure.gravatar.com\/avatar\/c4ca25fa72cace7a696b52ff5db9e095?s=96&d=mm&r=g\",\"contentUrl\":\"https:\/\/secure.gravatar.com\/avatar\/c4ca25fa72cace7a696b52ff5db9e095?s=96&d=mm&r=g\",\"caption\":\"hudo\"},\"url\":\"https:\/\/hudo.com\/si\/author\/hudo\/\"}]}<\/script>\n<!-- \/ Yoast SEO plugin. -->","yoast_head_json":{"title":"Sodi\u0161\u010de EU: Delavcu ob prekinitvi delovnega razmerja pripada nadomestilo za neizkori\u0161\u010den dopust - Hudo Slovenija","robots":{"index":"index","follow":"follow","max-snippet":"max-snippet:-1","max-image-preview":"max-image-preview:large","max-video-preview":"max-video-preview:-1"},"canonical":"https:\/\/hudo.com\/si\/aktualno\/sodisce-eu-delavcu-ob-prekinitvi-delovnega-razmerja-pripada-nadomestilo-za-neizkoriscen-dopust\/","og_locale":"sl_SI","og_type":"article","og_title":"Sodi\u0161\u010de EU: Delavcu ob prekinitvi delovnega razmerja pripada nadomestilo za neizkori\u0161\u010den dopust - Hudo Slovenija","og_description":"Delavec, ki sam prekine delovno razmerje, ima kljub temu pravico do denarnega nadomestila, \u010de v celoti ali delno ni mogel izkoristiti svoje pravice do pla\u010danega letnega dopusta, je presodilo Sodi\u0161\u010de EU. Pravica do pla\u010danega dopusta je v EU po mnenju sodi\u0161\u010da posebnega pomena, odobrena vsakemu delavcu, ne glede na njegovo zdravstveno stanje. Sodi\u0161\u010de EU je o nadomestilu presojalo na pobudo dunajskega sodi\u0161\u010da v primeru Hansa Mascheka, uradnika mesta Dunaj, ki se je s 1. julijem 2012 upokojil na lastno pobudo. Maschek je bil pred tem, med 15. novembrom 2010 in 31. decembrom 2010, odsoten z dela zaradi bolezni, v skladu s sporazumom, sklenjenim z njegovim delodajalcem, pa od 1. januarja 2011 ni smel priti na delovno mesto, je pa \u0161e vedno prejemal pla\u010do. Po upokojitvi je Maschek od svojega delodajalca zahteval pla\u010dilo denarnega nadomestila za neizrabljen pla\u010dan letni dopust, pri \u010demer je trdil, da je tik pred upokojitvijo znova zbolel. Delodajalec je njegovo zahtevo zavrnil z obrazlo\u017eitvijo, da v skladu z ureditvijo sistema javnih pla\u010d v mestu Dunaj delavec, ki sam prekine delovno razmerje - med drugim zato, ker se je upokojil - nima pravice do tega nadomestila. Dunajsko upravno sodi\u0161\u010de, ki obravnava njegovo prito\u017ebo o zavrnitvi, se je na sodi\u0161\u010de EU obrnilo z vpra\u0161anjem o zdru\u017eljivosti te ureditve s pravom EU. Sodi\u0161\u010de v sodbi z dana\u0161njega dne opozarja, da evropska direktiva dolo\u010da, da ima vsak delavec pravico do pla\u010danega letnega dopusta najmanj \u0161tirih tednov in da je ta pravica do pla\u010danega letnega dopusta na\u010delo socialnega prava EU, ki je posebnega pomena. Odobrena je vsakemu delavcu, ne glede na njegovo zdravstveno stanje. \u010ce je delovno razmerje prenehalo in torej dejansko ni ve\u010d mogo\u010de izrabiti pla\u010danega letnega dopusta, direktiva dolo\u010da, da ima delavec pravico do denarnega nadomestila, da se prepre\u010di, da bi se zaradi te nemo\u017enosti delavcu onemogo\u010dilo vsakr\u0161no kori\u0161\u010denje te pravice, \u010deprav v denarni obliki. Sodi\u0161\u010de v zvezi s tem pojasnjuje, da razlog za prenehanj","og_url":"https:\/\/hudo.com\/si\/aktualno\/sodisce-eu-delavcu-ob-prekinitvi-delovnega-razmerja-pripada-nadomestilo-za-neizkoriscen-dopust\/","og_site_name":"Hudo Slovenija","article_publisher":"https:\/\/www.facebook.com\/hudo.si","article_published_time":"2016-07-20T07:50:00+00:00","article_modified_time":"2016-07-21T07:27:09+00:00","og_image":[{"width":450,"height":583,"url":"https:\/\/hudo.com\/si\/wp-content\/uploads\/sites\/2\/2016\/07\/ANPL9838_a-300.jpg","type":"image\/jpeg"}],"author":"hudo","twitter_card":"summary_large_image","twitter_creator":"@hudo_si","twitter_site":"@hudo_si","twitter_misc":{"Written by":"hudo","Est. reading time":"2 minuti"},"schema":{"@context":"https:\/\/schema.org","@graph":[{"@type":"Article","@id":"https:\/\/hudo.com\/si\/aktualno\/sodisce-eu-delavcu-ob-prekinitvi-delovnega-razmerja-pripada-nadomestilo-za-neizkoriscen-dopust\/#article","isPartOf":{"@id":"https:\/\/hudo.com\/si\/aktualno\/sodisce-eu-delavcu-ob-prekinitvi-delovnega-razmerja-pripada-nadomestilo-za-neizkoriscen-dopust\/"},"author":{"name":"hudo","@id":"https:\/\/hudo.com\/si\/#\/schema\/person\/601cf3379633985b20f7e50f2bb47707"},"headline":"Sodi\u0161\u010de EU: Delavcu ob prekinitvi delovnega razmerja pripada nadomestilo za neizkori\u0161\u010den dopust","datePublished":"2016-07-20T07:50:00+00:00","dateModified":"2016-07-21T07:27:09+00:00","mainEntityOfPage":{"@id":"https:\/\/hudo.com\/si\/aktualno\/sodisce-eu-delavcu-ob-prekinitvi-delovnega-razmerja-pripada-nadomestilo-za-neizkoriscen-dopust\/"},"wordCount":351,"publisher":{"@id":"https:\/\/hudo.com\/si\/#organization"},"articleSection":["Aktualno"],"inLanguage":"sl-SI"},{"@type":"WebPage","@id":"https:\/\/hudo.com\/si\/aktualno\/sodisce-eu-delavcu-ob-prekinitvi-delovnega-razmerja-pripada-nadomestilo-za-neizkoriscen-dopust\/","url":"https:\/\/hudo.com\/si\/aktualno\/sodisce-eu-delavcu-ob-prekinitvi-delovnega-razmerja-pripada-nadomestilo-za-neizkoriscen-dopust\/","name":"Sodi\u0161\u010de EU: Delavcu ob prekinitvi delovnega razmerja pripada nadomestilo za neizkori\u0161\u010den dopust - Hudo Slovenija","isPartOf":{"@id":"https:\/\/hudo.com\/si\/#website"},"datePublished":"2016-07-20T07:50:00+00:00","dateModified":"2016-07-21T07:27:09+00:00","breadcrumb":{"@id":"https:\/\/hudo.com\/si\/aktualno\/sodisce-eu-delavcu-ob-prekinitvi-delovnega-razmerja-pripada-nadomestilo-za-neizkoriscen-dopust\/#breadcrumb"},"inLanguage":"sl-SI","potentialAction":[{"@type":"ReadAction","target":["https:\/\/hudo.com\/si\/aktualno\/sodisce-eu-delavcu-ob-prekinitvi-delovnega-razmerja-pripada-nadomestilo-za-neizkoriscen-dopust\/"]}]},{"@type":"BreadcrumbList","@id":"https:\/\/hudo.com\/si\/aktualno\/sodisce-eu-delavcu-ob-prekinitvi-delovnega-razmerja-pripada-nadomestilo-za-neizkoriscen-dopust\/#breadcrumb","itemListElement":[{"@type":"ListItem","position":1,"name":"Home","item":"https:\/\/hudo.com\/si\/"},{"@type":"ListItem","position":2,"name":"Sodi\u0161\u010de EU: Delavcu ob prekinitvi delovnega razmerja pripada nadomestilo za neizkori\u0161\u010den dopust"}]},{"@type":"WebSite","@id":"https:\/\/hudo.com\/si\/#website","url":"https:\/\/hudo.com\/si\/","name":"Hudo Slovenija","description":"Vse novice iz Slovenije in sveta","publisher":{"@id":"https:\/\/hudo.com\/si\/#organization"},"potentialAction":[{"@type":"SearchAction","target":{"@type":"EntryPoint","urlTemplate":"https:\/\/hudo.com\/si\/?s={search_term_string}"},"query-input":"required name=search_term_string"}],"inLanguage":"sl-SI"},{"@type":"Organization","@id":"https:\/\/hudo.com\/si\/#organization","name":"VSN Media","url":"https:\/\/hudo.com\/si\/","logo":{"@type":"ImageObject","inLanguage":"sl-SI","@id":"https:\/\/hudo.com\/si\/#\/schema\/logo\/image\/","url":"https:\/\/hudo.com\/si\/wp-content\/uploads\/sites\/2\/2021\/03\/hudo-app-2.png","contentUrl":"https:\/\/hudo.com\/si\/wp-content\/uploads\/sites\/2\/2021\/03\/hudo-app-2.png","width":2185,"height":2167,"caption":"VSN Media"},"image":{"@id":"https:\/\/hudo.com\/si\/#\/schema\/logo\/image\/"},"sameAs":["https:\/\/www.facebook.com\/hudo.si","https:\/\/twitter.com\/hudo_si"]},{"@type":"Person","@id":"https:\/\/hudo.com\/si\/#\/schema\/person\/601cf3379633985b20f7e50f2bb47707","name":"hudo","image":{"@type":"ImageObject","inLanguage":"sl-SI","@id":"https:\/\/hudo.com\/si\/#\/schema\/person\/image\/","url":"https:\/\/secure.gravatar.com\/avatar\/c4ca25fa72cace7a696b52ff5db9e095?s=96&d=mm&r=g","contentUrl":"https:\/\/secure.gravatar.com\/avatar\/c4ca25fa72cace7a696b52ff5db9e095?s=96&d=mm&r=g","caption":"hudo"},"url":"https:\/\/hudo.com\/si\/author\/hudo\/"}]}},"amp_enabled":true,"_links":{"self":[{"href":"https:\/\/hudo.com\/si\/wp-json\/wp\/v2\/posts\/98347"}],"collection":[{"href":"https:\/\/hudo.com\/si\/wp-json\/wp\/v2\/posts"}],"about":[{"href":"https:\/\/hudo.com\/si\/wp-json\/wp\/v2\/types\/post"}],"author":[{"embeddable":true,"href":"https:\/\/hudo.com\/si\/wp-json\/wp\/v2\/users\/1"}],"replies":[{"embeddable":true,"href":"https:\/\/hudo.com\/si\/wp-json\/wp\/v2\/comments?post=98347"}],"version-history":[{"count":1,"href":"https:\/\/hudo.com\/si\/wp-json\/wp\/v2\/posts\/98347\/revisions"}],"predecessor-version":[{"id":98500,"href":"https:\/\/hudo.com\/si\/wp-json\/wp\/v2\/posts\/98347\/revisions\/98500"}],"wp:attachment":[{"href":"https:\/\/hudo.com\/si\/wp-json\/wp\/v2\/media?parent=98347"}],"wp:term":[{"taxonomy":"category","embeddable":true,"href":"https:\/\/hudo.com\/si\/wp-json\/wp\/v2\/categories?post=98347"},{"taxonomy":"post_tag","embeddable":true,"href":"https:\/\/hudo.com\/si\/wp-json\/wp\/v2\/tags?post=98347"},{"taxonomy":"source","embeddable":true,"href":"https:\/\/hudo.com\/si\/wp-json\/wp\/v2\/source?post=98347"},{"taxonomy":"supertag","embeddable":true,"href":"https:\/\/hudo.com\/si\/wp-json\/wp\/v2\/supertag?post=98347"}],"curies":[{"name":"wp","href":"https:\/\/api.w.org\/{rel}","templated":true}]}}