{"id":98685,"date":"2016-07-21T07:24:51","date_gmt":"2016-07-21T05:24:51","guid":{"rendered":"http:\/\/hudo.com\/si\/?p=98685"},"modified":"2016-07-21T07:24:51","modified_gmt":"2016-07-21T05:24:51","slug":"gasilci-omejili-pozar-v-postnem-logisticnem-centru","status":"publish","type":"post","link":"https:\/\/hudo.com\/si\/aktualno\/gasilci-omejili-pozar-v-postnem-logisticnem-centru\/","title":{"rendered":"V prihodnjih dneh te\u017eave pri dostave po\u0161iljk preko Po\u0161te Slovenije"},"content":{"rendered":"<p>Kot so sporo\u010dili s Po\u0161te Slovenije, \u017ertev med zaposlenimi ni bilo, re\u0161evalci so s kraja nesre\u010de v bolni\u0161nico odpeljali zgolj enega od zaposlenih, in sicer na njegovo \u017eeljo. O materialni \u0161kodi je \u0161e prezgodaj govoriti, zagotovo pa bo pri\u0161lo do zamud pri dostavi po\u0161iljk v naslednjih dneh, pravijo na Po\u0161ti Slovenije. Ob tem so poudarili, da je podatkovni center, ki je lociran v logisti\u010dnem centru, nepo\u0161kodovan in bo &#8211; po do sedaj zbranih informacijah &#8211; deloval nemoteno.<\/p>\n<p>Pri ga\u0161enju po\u017eara je sodelovalo okoli 100 gasilcev in 25 vozil Gasilske brigade Ljubljana in prostovoljnih gasilskih dru\u0161tev z obmo\u010dja ob\u010dine Ljubljana, so povedali na ljubljanski gasilski brigadi.<\/p>\n<p>Na Policijski upravi Ljubljana so za STA pojasnili, da so policisti zavarovali obmo\u010dje po\u017eara. Dodali so, da preiskave vzroka nesre\u010de ne bo mogo\u010de za\u010deti, dokler po\u017ear ne bo poga\u0161en. Po poro\u010danju spletnega portala 24ur naj bi po neuradnih informacijah zagorel agregat v stavbi.<\/p>\n","protected":false},"excerpt":{"rendered":"<p>Po\u017ear, ki je v\u010deraj popoldne zajel logisti\u010dni center Po\u0161te Slovenije v Ljubljani, so gasilci omejili. Na kraju po\u017eara bodo pono\u010di izvajali po\u017earno stra\u017eo, saj ogenj na nekaterih obmo\u010djih \u0161e vedno tli, so za STA pojasnili na Gasilski brigadi Ljubljana. V po\u017earu ni bilo po\u0161kodovanih, bodo pa te\u017eave pri dostavi po\u0161iljk, pa so sporo\u010dili iz Po\u0161te Slovenije.<\/p>\n","protected":false},"author":5,"featured_media":98686,"comment_status":"closed","ping_status":"closed","sticky":false,"template":"","format":"standard","meta":{"footnotes":""},"categories":[1179],"tags":[5074,5016,1595],"source":[4511],"supertag":[5675],"acf":[],"yoast_head":"<!-- This site is optimized with the Yoast SEO plugin v21.3 - https:\/\/yoast.com\/wordpress\/plugins\/seo\/ -->\n<title>V prihodnjih dneh te\u017eave pri dostave po\u0161iljk preko Po\u0161te Slovenije - Hudo Slovenija<\/title>\n<meta name=\"robots\" content=\"index, follow, max-snippet:-1, max-image-preview:large, max-video-preview:-1\" \/>\n<link rel=\"canonical\" href=\"https:\/\/hudo.com\/si\/aktualno\/gasilci-omejili-pozar-v-postnem-logisticnem-centru\/\" \/>\n<meta property=\"og:locale\" content=\"sl_SI\" \/>\n<meta property=\"og:type\" content=\"article\" \/>\n<meta property=\"og:title\" content=\"V prihodnjih dneh te\u017eave pri dostave po\u0161iljk preko Po\u0161te Slovenije - Hudo Slovenija\" \/>\n<meta property=\"og:description\" content=\"Po\u017ear, ki je v\u010deraj popoldne zajel logisti\u010dni center Po\u0161te Slovenije v Ljubljani, so gasilci omejili. Na kraju po\u017eara bodo pono\u010di izvajali po\u017earno stra\u017eo, saj ogenj na nekaterih obmo\u010djih \u0161e vedno tli, so za STA pojasnili na Gasilski brigadi Ljubljana. V po\u017earu ni bilo po\u0161kodovanih, bodo pa te\u017eave pri dostavi po\u0161iljk, pa so sporo\u010dili iz Po\u0161te Slovenije.\" \/>\n<meta property=\"og:url\" content=\"https:\/\/hudo.com\/si\/aktualno\/gasilci-omejili-pozar-v-postnem-logisticnem-centru\/\" \/>\n<meta property=\"og:site_name\" content=\"Hudo Slovenija\" \/>\n<meta property=\"article:publisher\" content=\"https:\/\/www.facebook.com\/hudo.si\" \/>\n<meta property=\"article:published_time\" content=\"2016-07-21T05:24:51+00:00\" \/>\n<meta property=\"og:image\" content=\"https:\/\/hudo.com\/si\/wp-content\/uploads\/sites\/2\/2016\/07\/profimedia-0012497795.jpg\" \/>\n\t<meta property=\"og:image:width\" content=\"1250\" \/>\n\t<meta property=\"og:image:height\" content=\"810\" \/>\n\t<meta property=\"og:image:type\" content=\"image\/jpeg\" \/>\n<meta name=\"author\" content=\"A. G., STA\" \/>\n<meta name=\"twitter:card\" content=\"summary_large_image\" \/>\n<meta name=\"twitter:creator\" content=\"@hudo_si\" \/>\n<meta name=\"twitter:site\" content=\"@hudo_si\" \/>\n<meta name=\"twitter:label1\" content=\"Written by\" \/>\n\t<meta name=\"twitter:data1\" content=\"A. G., STA\" \/>\n\t<meta name=\"twitter:label2\" content=\"Est. reading time\" \/>\n\t<meta name=\"twitter:data2\" content=\"1 minuta\" \/>\n<script type=\"application\/ld+json\" class=\"yoast-schema-graph\">{\"@context\":\"https:\/\/schema.org\",\"@graph\":[{\"@type\":\"Article\",\"@id\":\"https:\/\/hudo.com\/si\/aktualno\/gasilci-omejili-pozar-v-postnem-logisticnem-centru\/#article\",\"isPartOf\":{\"@id\":\"https:\/\/hudo.com\/si\/aktualno\/gasilci-omejili-pozar-v-postnem-logisticnem-centru\/\"},\"author\":{\"name\":\"A. G., STA\",\"@id\":\"https:\/\/hudo.com\/si\/#\/schema\/person\/2391667a63ea075ba94f2f2dc6b77537\"},\"headline\":\"V prihodnjih dneh te\u017eave pri dostave po\u0161iljk preko Po\u0161te Slovenije\",\"datePublished\":\"2016-07-21T05:24:51+00:00\",\"dateModified\":\"2016-07-21T05:24:51+00:00\",\"mainEntityOfPage\":{\"@id\":\"https:\/\/hudo.com\/si\/aktualno\/gasilci-omejili-pozar-v-postnem-logisticnem-centru\/\"},\"wordCount\":182,\"publisher\":{\"@id\":\"https:\/\/hudo.com\/si\/#organization\"},\"keywords\":[\"po\u0161ta Slovenije\",\"po\u017ear\",\"Slovenija\"],\"articleSection\":[\"Aktualno\"],\"inLanguage\":\"sl-SI\"},{\"@type\":\"WebPage\",\"@id\":\"https:\/\/hudo.com\/si\/aktualno\/gasilci-omejili-pozar-v-postnem-logisticnem-centru\/\",\"url\":\"https:\/\/hudo.com\/si\/aktualno\/gasilci-omejili-pozar-v-postnem-logisticnem-centru\/\",\"name\":\"V prihodnjih dneh te\u017eave pri dostave po\u0161iljk preko Po\u0161te Slovenije - Hudo Slovenija\",\"isPartOf\":{\"@id\":\"https:\/\/hudo.com\/si\/#website\"},\"datePublished\":\"2016-07-21T05:24:51+00:00\",\"dateModified\":\"2016-07-21T05:24:51+00:00\",\"breadcrumb\":{\"@id\":\"https:\/\/hudo.com\/si\/aktualno\/gasilci-omejili-pozar-v-postnem-logisticnem-centru\/#breadcrumb\"},\"inLanguage\":\"sl-SI\",\"potentialAction\":[{\"@type\":\"ReadAction\",\"target\":[\"https:\/\/hudo.com\/si\/aktualno\/gasilci-omejili-pozar-v-postnem-logisticnem-centru\/\"]}]},{\"@type\":\"BreadcrumbList\",\"@id\":\"https:\/\/hudo.com\/si\/aktualno\/gasilci-omejili-pozar-v-postnem-logisticnem-centru\/#breadcrumb\",\"itemListElement\":[{\"@type\":\"ListItem\",\"position\":1,\"name\":\"Home\",\"item\":\"https:\/\/hudo.com\/si\/\"},{\"@type\":\"ListItem\",\"position\":2,\"name\":\"V prihodnjih dneh te\u017eave pri dostave po\u0161iljk preko Po\u0161te Slovenije\"}]},{\"@type\":\"WebSite\",\"@id\":\"https:\/\/hudo.com\/si\/#website\",\"url\":\"https:\/\/hudo.com\/si\/\",\"name\":\"Hudo Slovenija\",\"description\":\"Vse novice iz Slovenije in sveta\",\"publisher\":{\"@id\":\"https:\/\/hudo.com\/si\/#organization\"},\"potentialAction\":[{\"@type\":\"SearchAction\",\"target\":{\"@type\":\"EntryPoint\",\"urlTemplate\":\"https:\/\/hudo.com\/si\/?s={search_term_string}\"},\"query-input\":\"required name=search_term_string\"}],\"inLanguage\":\"sl-SI\"},{\"@type\":\"Organization\",\"@id\":\"https:\/\/hudo.com\/si\/#organization\",\"name\":\"VSN Media\",\"url\":\"https:\/\/hudo.com\/si\/\",\"logo\":{\"@type\":\"ImageObject\",\"inLanguage\":\"sl-SI\",\"@id\":\"https:\/\/hudo.com\/si\/#\/schema\/logo\/image\/\",\"url\":\"https:\/\/hudo.com\/si\/wp-content\/uploads\/sites\/2\/2021\/03\/hudo-app-2.png\",\"contentUrl\":\"https:\/\/hudo.com\/si\/wp-content\/uploads\/sites\/2\/2021\/03\/hudo-app-2.png\",\"width\":2185,\"height\":2167,\"caption\":\"VSN Media\"},\"image\":{\"@id\":\"https:\/\/hudo.com\/si\/#\/schema\/logo\/image\/\"},\"sameAs\":[\"https:\/\/www.facebook.com\/hudo.si\",\"https:\/\/twitter.com\/hudo_si\"]},{\"@type\":\"Person\",\"@id\":\"https:\/\/hudo.com\/si\/#\/schema\/person\/2391667a63ea075ba94f2f2dc6b77537\",\"name\":\"A. G., STA\",\"image\":{\"@type\":\"ImageObject\",\"inLanguage\":\"sl-SI\",\"@id\":\"https:\/\/hudo.com\/si\/#\/schema\/person\/image\/\",\"url\":\"https:\/\/secure.gravatar.com\/avatar\/e13d22ac3e442658d5025fbbe6238a79?s=96&d=mm&r=g\",\"contentUrl\":\"https:\/\/secure.gravatar.com\/avatar\/e13d22ac3e442658d5025fbbe6238a79?s=96&d=mm&r=g\",\"caption\":\"A. G., STA\"},\"url\":\"https:\/\/hudo.com\/si\/author\/alenka\/\"}]}<\/script>\n<!-- \/ Yoast SEO plugin. -->","yoast_head_json":{"title":"V prihodnjih dneh te\u017eave pri dostave po\u0161iljk preko Po\u0161te Slovenije - Hudo Slovenija","robots":{"index":"index","follow":"follow","max-snippet":"max-snippet:-1","max-image-preview":"max-image-preview:large","max-video-preview":"max-video-preview:-1"},"canonical":"https:\/\/hudo.com\/si\/aktualno\/gasilci-omejili-pozar-v-postnem-logisticnem-centru\/","og_locale":"sl_SI","og_type":"article","og_title":"V prihodnjih dneh te\u017eave pri dostave po\u0161iljk preko Po\u0161te Slovenije - Hudo Slovenija","og_description":"Po\u017ear, ki je v\u010deraj popoldne zajel logisti\u010dni center Po\u0161te Slovenije v Ljubljani, so gasilci omejili. Na kraju po\u017eara bodo pono\u010di izvajali po\u017earno stra\u017eo, saj ogenj na nekaterih obmo\u010djih \u0161e vedno tli, so za STA pojasnili na Gasilski brigadi Ljubljana. V po\u017earu ni bilo po\u0161kodovanih, bodo pa te\u017eave pri dostavi po\u0161iljk, pa so sporo\u010dili iz Po\u0161te Slovenije.","og_url":"https:\/\/hudo.com\/si\/aktualno\/gasilci-omejili-pozar-v-postnem-logisticnem-centru\/","og_site_name":"Hudo Slovenija","article_publisher":"https:\/\/www.facebook.com\/hudo.si","article_published_time":"2016-07-21T05:24:51+00:00","og_image":[{"width":1250,"height":810,"url":"https:\/\/hudo.com\/si\/wp-content\/uploads\/sites\/2\/2016\/07\/profimedia-0012497795.jpg","type":"image\/jpeg"}],"author":"A. G., STA","twitter_card":"summary_large_image","twitter_creator":"@hudo_si","twitter_site":"@hudo_si","twitter_misc":{"Written by":"A. G., STA","Est. reading time":"1 minuta"},"schema":{"@context":"https:\/\/schema.org","@graph":[{"@type":"Article","@id":"https:\/\/hudo.com\/si\/aktualno\/gasilci-omejili-pozar-v-postnem-logisticnem-centru\/#article","isPartOf":{"@id":"https:\/\/hudo.com\/si\/aktualno\/gasilci-omejili-pozar-v-postnem-logisticnem-centru\/"},"author":{"name":"A. G., STA","@id":"https:\/\/hudo.com\/si\/#\/schema\/person\/2391667a63ea075ba94f2f2dc6b77537"},"headline":"V prihodnjih dneh te\u017eave pri dostave po\u0161iljk preko Po\u0161te Slovenije","datePublished":"2016-07-21T05:24:51+00:00","dateModified":"2016-07-21T05:24:51+00:00","mainEntityOfPage":{"@id":"https:\/\/hudo.com\/si\/aktualno\/gasilci-omejili-pozar-v-postnem-logisticnem-centru\/"},"wordCount":182,"publisher":{"@id":"https:\/\/hudo.com\/si\/#organization"},"keywords":["po\u0161ta Slovenije","po\u017ear","Slovenija"],"articleSection":["Aktualno"],"inLanguage":"sl-SI"},{"@type":"WebPage","@id":"https:\/\/hudo.com\/si\/aktualno\/gasilci-omejili-pozar-v-postnem-logisticnem-centru\/","url":"https:\/\/hudo.com\/si\/aktualno\/gasilci-omejili-pozar-v-postnem-logisticnem-centru\/","name":"V prihodnjih dneh te\u017eave pri dostave po\u0161iljk preko Po\u0161te Slovenije - Hudo Slovenija","isPartOf":{"@id":"https:\/\/hudo.com\/si\/#website"},"datePublished":"2016-07-21T05:24:51+00:00","dateModified":"2016-07-21T05:24:51+00:00","breadcrumb":{"@id":"https:\/\/hudo.com\/si\/aktualno\/gasilci-omejili-pozar-v-postnem-logisticnem-centru\/#breadcrumb"},"inLanguage":"sl-SI","potentialAction":[{"@type":"ReadAction","target":["https:\/\/hudo.com\/si\/aktualno\/gasilci-omejili-pozar-v-postnem-logisticnem-centru\/"]}]},{"@type":"BreadcrumbList","@id":"https:\/\/hudo.com\/si\/aktualno\/gasilci-omejili-pozar-v-postnem-logisticnem-centru\/#breadcrumb","itemListElement":[{"@type":"ListItem","position":1,"name":"Home","item":"https:\/\/hudo.com\/si\/"},{"@type":"ListItem","position":2,"name":"V prihodnjih dneh te\u017eave pri dostave po\u0161iljk preko Po\u0161te Slovenije"}]},{"@type":"WebSite","@id":"https:\/\/hudo.com\/si\/#website","url":"https:\/\/hudo.com\/si\/","name":"Hudo Slovenija","description":"Vse novice iz Slovenije in sveta","publisher":{"@id":"https:\/\/hudo.com\/si\/#organization"},"potentialAction":[{"@type":"SearchAction","target":{"@type":"EntryPoint","urlTemplate":"https:\/\/hudo.com\/si\/?s={search_term_string}"},"query-input":"required name=search_term_string"}],"inLanguage":"sl-SI"},{"@type":"Organization","@id":"https:\/\/hudo.com\/si\/#organization","name":"VSN Media","url":"https:\/\/hudo.com\/si\/","logo":{"@type":"ImageObject","inLanguage":"sl-SI","@id":"https:\/\/hudo.com\/si\/#\/schema\/logo\/image\/","url":"https:\/\/hudo.com\/si\/wp-content\/uploads\/sites\/2\/2021\/03\/hudo-app-2.png","contentUrl":"https:\/\/hudo.com\/si\/wp-content\/uploads\/sites\/2\/2021\/03\/hudo-app-2.png","width":2185,"height":2167,"caption":"VSN Media"},"image":{"@id":"https:\/\/hudo.com\/si\/#\/schema\/logo\/image\/"},"sameAs":["https:\/\/www.facebook.com\/hudo.si","https:\/\/twitter.com\/hudo_si"]},{"@type":"Person","@id":"https:\/\/hudo.com\/si\/#\/schema\/person\/2391667a63ea075ba94f2f2dc6b77537","name":"A. G., STA","image":{"@type":"ImageObject","inLanguage":"sl-SI","@id":"https:\/\/hudo.com\/si\/#\/schema\/person\/image\/","url":"https:\/\/secure.gravatar.com\/avatar\/e13d22ac3e442658d5025fbbe6238a79?s=96&d=mm&r=g","contentUrl":"https:\/\/secure.gravatar.com\/avatar\/e13d22ac3e442658d5025fbbe6238a79?s=96&d=mm&r=g","caption":"A. G., STA"},"url":"https:\/\/hudo.com\/si\/author\/alenka\/"}]}},"amp_enabled":true,"_links":{"self":[{"href":"https:\/\/hudo.com\/si\/wp-json\/wp\/v2\/posts\/98685"}],"collection":[{"href":"https:\/\/hudo.com\/si\/wp-json\/wp\/v2\/posts"}],"about":[{"href":"https:\/\/hudo.com\/si\/wp-json\/wp\/v2\/types\/post"}],"author":[{"embeddable":true,"href":"https:\/\/hudo.com\/si\/wp-json\/wp\/v2\/users\/5"}],"replies":[{"embeddable":true,"href":"https:\/\/hudo.com\/si\/wp-json\/wp\/v2\/comments?post=98685"}],"version-history":[{"count":1,"href":"https:\/\/hudo.com\/si\/wp-json\/wp\/v2\/posts\/98685\/revisions"}],"predecessor-version":[{"id":98687,"href":"https:\/\/hudo.com\/si\/wp-json\/wp\/v2\/posts\/98685\/revisions\/98687"}],"wp:featuredmedia":[{"embeddable":true,"href":"https:\/\/hudo.com\/si\/wp-json\/wp\/v2\/media\/98686"}],"wp:attachment":[{"href":"https:\/\/hudo.com\/si\/wp-json\/wp\/v2\/media?parent=98685"}],"wp:term":[{"taxonomy":"category","embeddable":true,"href":"https:\/\/hudo.com\/si\/wp-json\/wp\/v2\/categories?post=98685"},{"taxonomy":"post_tag","embeddable":true,"href":"https:\/\/hudo.com\/si\/wp-json\/wp\/v2\/tags?post=98685"},{"taxonomy":"source","embeddable":true,"href":"https:\/\/hudo.com\/si\/wp-json\/wp\/v2\/source?post=98685"},{"taxonomy":"supertag","embeddable":true,"href":"https:\/\/hudo.com\/si\/wp-json\/wp\/v2\/supertag?post=98685"}],"curies":[{"name":"wp","href":"https:\/\/api.w.org\/{rel}","templated":true}]}}