{"id":99405,"date":"2016-07-22T07:51:17","date_gmt":"2016-07-22T05:51:17","guid":{"rendered":"http:\/\/hudo.com\/si\/?p=99405"},"modified":"2016-07-22T07:51:17","modified_gmt":"2016-07-22T05:51:17","slug":"vesna-pusic-ni-pricakovala-da-se-bo-na-glasovanju-za-sekretarja-zn-tako-slabo-odrezala","status":"publish","type":"post","link":"https:\/\/hudo.com\/si\/aktualno\/vesna-pusic-ni-pricakovala-da-se-bo-na-glasovanju-za-sekretarja-zn-tako-slabo-odrezala\/","title":{"rendered":"Vesna Pusi\u0107 ni pri\u010dakovala, da se bo na glasovanju za sekretarja ZN tako slabo odrezala&#8230;"},"content":{"rendered":"<p>\u010clanice Varnostnega sveta so na prvem poskusnem glasovanju pred imeni kandidatov na glasovnicah ozna\u010dile ali njihovo kandidaturo vzpodbujajo, odsvetujejo ali nimajo mnenja. Kandidate in veleposlanike dr\u017eav, iz katerih prihajajo, so potem obvestili o tem, kako se je odrezal njihov kandidat, pa \u0161e najbolj\u0161i in najslab\u0161i izid brez omembe imena kandidata.<\/p>\n<p>Kljub tajnosti glasovanja so informacije po\u010dasi vseeno pricurljale na dan. Najbolje se je odrezal Portugalec Antonio Guterres, ki je dobil 12 glasov vzpodbude in tri glasove brez mnenja. Ni pa dobil nobenega priporo\u010dila proti kampanji. Na drugo mesto se je uvrstil nekdanji slovenski predsednik Danilo T\u00fcrk z 11 glasovi vzpodbude ter dvema nevtralnima glasovoma in dvema glasovoma proti kandidaturi.<\/p>\n<p>Za generalnega sekretarja ZN se poteguje \u0161est kandidatov in \u0161est kandidatk. Okoli 56 \u010dlanic ZN je naredilo koalicijo za \u017eensko generalno sekretarko, vendar pa se je Bolgarka Irina Bokova, ki se je najbolje odrezala, zna\u0161la na tretjem mestu. Dobila je devet glasov vzpodbude, vendar pa tudi \u0161tiri glasove proti kandidaturi. Ruski veleposlanik Vitalij \u010curkin je dvorano Varnostnega sveta ZN po glasovanju zapustil zelo nejevoljen in ni odgovarjal na novinarska vpra\u0161anja.<\/p>\n<p>Po devet glasov vzpodbude sta dobila tudi Srb Vuk Jeremi\u0107 in Makedonec Srgjan Kerim. \u0160ele na \u0161esto mesto se je sode\u010d po pisanju nekaterih zahodnih medijev uvrstila velika favoritka Novozelandka Helen Clark, ki je dobila osem glasov vzpodbude in kar pet glasov proti kandidaturi. Slab\u0161e od Clarkove se je odrezala argentinska zunanja ministrica Susanna Malcorra, sicer tudi nekdanja \u0161efica kabineta pri sedanjem generalnem sekretarju ZN Ban Ki Moonu.<\/p>\n<p>Pri dnu, vendar pred Hrvatico, so \u0161e Kostari\u010danka Christiana Figueres, nekdanja zunanja ministrica Moldove Natalia Gherman in \u010drnogorski zunanji minister Igor Luk\u0161i\u010d. Britanski veleposlanik pri ZN Matthew Rycroft je kandidate, ki se niso dobro odrezali, pozval naj odstopijo od tekme, ker je kandidatov preve\u010d.<\/p>\n<p>Malcorra, ki naj bi neuradno veljala za favoritko ZDA in Jeremi\u0107, ki je glede tega na drugi strani, sta \u017ee sporo\u010dila, da bosta tekmo nadaljevala in se zahvalila za podporo, ki sta jo dobila.<\/p>\n","protected":false},"excerpt":{"rendered":"<p>Ameri\u0161ki in svetovni mediji se sklicujejo na diplomatske vire in poro\u010dajo, da se je v prvem krogu poskusnega glasovanja o naslednjem generalnem sekretarju Zdru\u017eenih narodov v \u010detrtek najslab\u0161e odrezala nekdanja hrva\u0161ka zunanja ministrica Vesna Pusi\u0107, saj ji je kar enajst od petnajstih \u010dlanic Varnostnega sveta ZN odsvetovalo nadaljnjo kandidaturo.<\/p>\n","protected":false},"author":5,"featured_media":99407,"comment_status":"closed","ping_status":"closed","sticky":false,"template":"","format":"standard","meta":{"footnotes":""},"categories":[1179],"tags":[1810,5064],"source":[4511],"supertag":[],"acf":[],"yoast_head":"<!-- This site is optimized with the Yoast SEO plugin v21.3 - https:\/\/yoast.com\/wordpress\/plugins\/seo\/ -->\n<title>Vesna Pusi\u0107 ni pri\u010dakovala, da se bo na glasovanju za sekretarja ZN tako slabo odrezala... - Hudo Slovenija<\/title>\n<meta name=\"robots\" content=\"index, follow, max-snippet:-1, max-image-preview:large, max-video-preview:-1\" \/>\n<link rel=\"canonical\" href=\"https:\/\/hudo.com\/si\/aktualno\/vesna-pusic-ni-pricakovala-da-se-bo-na-glasovanju-za-sekretarja-zn-tako-slabo-odrezala\/\" \/>\n<meta property=\"og:locale\" content=\"sl_SI\" \/>\n<meta property=\"og:type\" content=\"article\" \/>\n<meta property=\"og:title\" content=\"Vesna Pusi\u0107 ni pri\u010dakovala, da se bo na glasovanju za sekretarja ZN tako slabo odrezala... - Hudo Slovenija\" \/>\n<meta property=\"og:description\" content=\"Ameri\u0161ki in svetovni mediji se sklicujejo na diplomatske vire in poro\u010dajo, da se je v prvem krogu poskusnega glasovanja o naslednjem generalnem sekretarju Zdru\u017eenih narodov v \u010detrtek najslab\u0161e odrezala nekdanja hrva\u0161ka zunanja ministrica Vesna Pusi\u0107, saj ji je kar enajst od petnajstih \u010dlanic Varnostnega sveta ZN odsvetovalo nadaljnjo kandidaturo.\" \/>\n<meta property=\"og:url\" content=\"https:\/\/hudo.com\/si\/aktualno\/vesna-pusic-ni-pricakovala-da-se-bo-na-glasovanju-za-sekretarja-zn-tako-slabo-odrezala\/\" \/>\n<meta property=\"og:site_name\" content=\"Hudo Slovenija\" \/>\n<meta property=\"article:publisher\" content=\"https:\/\/www.facebook.com\/hudo.si\" \/>\n<meta property=\"article:published_time\" content=\"2016-07-22T05:51:17+00:00\" \/>\n<meta property=\"og:image\" content=\"https:\/\/hudo.com\/si\/wp-content\/uploads\/sites\/2\/2016\/07\/Vesna-Pusi\u0107.jpg\" \/>\n\t<meta property=\"og:image:width\" content=\"940\" \/>\n\t<meta property=\"og:image:height\" content=\"623\" \/>\n\t<meta property=\"og:image:type\" content=\"image\/jpeg\" \/>\n<meta name=\"author\" content=\"A. G., STA\" \/>\n<meta name=\"twitter:card\" content=\"summary_large_image\" \/>\n<meta name=\"twitter:creator\" content=\"@hudo_si\" \/>\n<meta name=\"twitter:site\" content=\"@hudo_si\" \/>\n<meta name=\"twitter:label1\" content=\"Written by\" \/>\n\t<meta name=\"twitter:data1\" content=\"A. G., STA\" \/>\n\t<meta name=\"twitter:label2\" content=\"Est. reading time\" \/>\n\t<meta name=\"twitter:data2\" content=\"2 minuti\" \/>\n<script type=\"application\/ld+json\" class=\"yoast-schema-graph\">{\"@context\":\"https:\/\/schema.org\",\"@graph\":[{\"@type\":\"Article\",\"@id\":\"https:\/\/hudo.com\/si\/aktualno\/vesna-pusic-ni-pricakovala-da-se-bo-na-glasovanju-za-sekretarja-zn-tako-slabo-odrezala\/#article\",\"isPartOf\":{\"@id\":\"https:\/\/hudo.com\/si\/aktualno\/vesna-pusic-ni-pricakovala-da-se-bo-na-glasovanju-za-sekretarja-zn-tako-slabo-odrezala\/\"},\"author\":{\"name\":\"A. G., STA\",\"@id\":\"https:\/\/hudo.com\/si\/#\/schema\/person\/2391667a63ea075ba94f2f2dc6b77537\"},\"headline\":\"Vesna Pusi\u0107 ni pri\u010dakovala, da se bo na glasovanju za sekretarja ZN tako slabo odrezala&#8230;\",\"datePublished\":\"2016-07-22T05:51:17+00:00\",\"dateModified\":\"2016-07-22T05:51:17+00:00\",\"mainEntityOfPage\":{\"@id\":\"https:\/\/hudo.com\/si\/aktualno\/vesna-pusic-ni-pricakovala-da-se-bo-na-glasovanju-za-sekretarja-zn-tako-slabo-odrezala\/\"},\"wordCount\":351,\"publisher\":{\"@id\":\"https:\/\/hudo.com\/si\/#organization\"},\"keywords\":[\"hrva\u0161ka\",\"zdru\u017eeni narodi\"],\"articleSection\":[\"Aktualno\"],\"inLanguage\":\"sl-SI\"},{\"@type\":\"WebPage\",\"@id\":\"https:\/\/hudo.com\/si\/aktualno\/vesna-pusic-ni-pricakovala-da-se-bo-na-glasovanju-za-sekretarja-zn-tako-slabo-odrezala\/\",\"url\":\"https:\/\/hudo.com\/si\/aktualno\/vesna-pusic-ni-pricakovala-da-se-bo-na-glasovanju-za-sekretarja-zn-tako-slabo-odrezala\/\",\"name\":\"Vesna Pusi\u0107 ni pri\u010dakovala, da se bo na glasovanju za sekretarja ZN tako slabo odrezala... - Hudo Slovenija\",\"isPartOf\":{\"@id\":\"https:\/\/hudo.com\/si\/#website\"},\"datePublished\":\"2016-07-22T05:51:17+00:00\",\"dateModified\":\"2016-07-22T05:51:17+00:00\",\"breadcrumb\":{\"@id\":\"https:\/\/hudo.com\/si\/aktualno\/vesna-pusic-ni-pricakovala-da-se-bo-na-glasovanju-za-sekretarja-zn-tako-slabo-odrezala\/#breadcrumb\"},\"inLanguage\":\"sl-SI\",\"potentialAction\":[{\"@type\":\"ReadAction\",\"target\":[\"https:\/\/hudo.com\/si\/aktualno\/vesna-pusic-ni-pricakovala-da-se-bo-na-glasovanju-za-sekretarja-zn-tako-slabo-odrezala\/\"]}]},{\"@type\":\"BreadcrumbList\",\"@id\":\"https:\/\/hudo.com\/si\/aktualno\/vesna-pusic-ni-pricakovala-da-se-bo-na-glasovanju-za-sekretarja-zn-tako-slabo-odrezala\/#breadcrumb\",\"itemListElement\":[{\"@type\":\"ListItem\",\"position\":1,\"name\":\"Home\",\"item\":\"https:\/\/hudo.com\/si\/\"},{\"@type\":\"ListItem\",\"position\":2,\"name\":\"Vesna Pusi\u0107 ni pri\u010dakovala, da se bo na glasovanju za sekretarja ZN tako slabo odrezala&#8230;\"}]},{\"@type\":\"WebSite\",\"@id\":\"https:\/\/hudo.com\/si\/#website\",\"url\":\"https:\/\/hudo.com\/si\/\",\"name\":\"Hudo Slovenija\",\"description\":\"Vse novice iz Slovenije in sveta\",\"publisher\":{\"@id\":\"https:\/\/hudo.com\/si\/#organization\"},\"potentialAction\":[{\"@type\":\"SearchAction\",\"target\":{\"@type\":\"EntryPoint\",\"urlTemplate\":\"https:\/\/hudo.com\/si\/?s={search_term_string}\"},\"query-input\":\"required name=search_term_string\"}],\"inLanguage\":\"sl-SI\"},{\"@type\":\"Organization\",\"@id\":\"https:\/\/hudo.com\/si\/#organization\",\"name\":\"VSN Media\",\"url\":\"https:\/\/hudo.com\/si\/\",\"logo\":{\"@type\":\"ImageObject\",\"inLanguage\":\"sl-SI\",\"@id\":\"https:\/\/hudo.com\/si\/#\/schema\/logo\/image\/\",\"url\":\"https:\/\/hudo.com\/si\/wp-content\/uploads\/sites\/2\/2021\/03\/hudo-app-2.png\",\"contentUrl\":\"https:\/\/hudo.com\/si\/wp-content\/uploads\/sites\/2\/2021\/03\/hudo-app-2.png\",\"width\":2185,\"height\":2167,\"caption\":\"VSN Media\"},\"image\":{\"@id\":\"https:\/\/hudo.com\/si\/#\/schema\/logo\/image\/\"},\"sameAs\":[\"https:\/\/www.facebook.com\/hudo.si\",\"https:\/\/twitter.com\/hudo_si\"]},{\"@type\":\"Person\",\"@id\":\"https:\/\/hudo.com\/si\/#\/schema\/person\/2391667a63ea075ba94f2f2dc6b77537\",\"name\":\"A. G., STA\",\"image\":{\"@type\":\"ImageObject\",\"inLanguage\":\"sl-SI\",\"@id\":\"https:\/\/hudo.com\/si\/#\/schema\/person\/image\/\",\"url\":\"https:\/\/secure.gravatar.com\/avatar\/e13d22ac3e442658d5025fbbe6238a79?s=96&d=mm&r=g\",\"contentUrl\":\"https:\/\/secure.gravatar.com\/avatar\/e13d22ac3e442658d5025fbbe6238a79?s=96&d=mm&r=g\",\"caption\":\"A. G., STA\"},\"url\":\"https:\/\/hudo.com\/si\/author\/alenka\/\"}]}<\/script>\n<!-- \/ Yoast SEO plugin. -->","yoast_head_json":{"title":"Vesna Pusi\u0107 ni pri\u010dakovala, da se bo na glasovanju za sekretarja ZN tako slabo odrezala... - Hudo Slovenija","robots":{"index":"index","follow":"follow","max-snippet":"max-snippet:-1","max-image-preview":"max-image-preview:large","max-video-preview":"max-video-preview:-1"},"canonical":"https:\/\/hudo.com\/si\/aktualno\/vesna-pusic-ni-pricakovala-da-se-bo-na-glasovanju-za-sekretarja-zn-tako-slabo-odrezala\/","og_locale":"sl_SI","og_type":"article","og_title":"Vesna Pusi\u0107 ni pri\u010dakovala, da se bo na glasovanju za sekretarja ZN tako slabo odrezala... - Hudo Slovenija","og_description":"Ameri\u0161ki in svetovni mediji se sklicujejo na diplomatske vire in poro\u010dajo, da se je v prvem krogu poskusnega glasovanja o naslednjem generalnem sekretarju Zdru\u017eenih narodov v \u010detrtek najslab\u0161e odrezala nekdanja hrva\u0161ka zunanja ministrica Vesna Pusi\u0107, saj ji je kar enajst od petnajstih \u010dlanic Varnostnega sveta ZN odsvetovalo nadaljnjo kandidaturo.","og_url":"https:\/\/hudo.com\/si\/aktualno\/vesna-pusic-ni-pricakovala-da-se-bo-na-glasovanju-za-sekretarja-zn-tako-slabo-odrezala\/","og_site_name":"Hudo Slovenija","article_publisher":"https:\/\/www.facebook.com\/hudo.si","article_published_time":"2016-07-22T05:51:17+00:00","og_image":[{"width":940,"height":623,"url":"https:\/\/hudo.com\/si\/wp-content\/uploads\/sites\/2\/2016\/07\/Vesna-Pusi\u0107.jpg","type":"image\/jpeg"}],"author":"A. G., STA","twitter_card":"summary_large_image","twitter_creator":"@hudo_si","twitter_site":"@hudo_si","twitter_misc":{"Written by":"A. G., STA","Est. reading time":"2 minuti"},"schema":{"@context":"https:\/\/schema.org","@graph":[{"@type":"Article","@id":"https:\/\/hudo.com\/si\/aktualno\/vesna-pusic-ni-pricakovala-da-se-bo-na-glasovanju-za-sekretarja-zn-tako-slabo-odrezala\/#article","isPartOf":{"@id":"https:\/\/hudo.com\/si\/aktualno\/vesna-pusic-ni-pricakovala-da-se-bo-na-glasovanju-za-sekretarja-zn-tako-slabo-odrezala\/"},"author":{"name":"A. G., STA","@id":"https:\/\/hudo.com\/si\/#\/schema\/person\/2391667a63ea075ba94f2f2dc6b77537"},"headline":"Vesna Pusi\u0107 ni pri\u010dakovala, da se bo na glasovanju za sekretarja ZN tako slabo odrezala&#8230;","datePublished":"2016-07-22T05:51:17+00:00","dateModified":"2016-07-22T05:51:17+00:00","mainEntityOfPage":{"@id":"https:\/\/hudo.com\/si\/aktualno\/vesna-pusic-ni-pricakovala-da-se-bo-na-glasovanju-za-sekretarja-zn-tako-slabo-odrezala\/"},"wordCount":351,"publisher":{"@id":"https:\/\/hudo.com\/si\/#organization"},"keywords":["hrva\u0161ka","zdru\u017eeni narodi"],"articleSection":["Aktualno"],"inLanguage":"sl-SI"},{"@type":"WebPage","@id":"https:\/\/hudo.com\/si\/aktualno\/vesna-pusic-ni-pricakovala-da-se-bo-na-glasovanju-za-sekretarja-zn-tako-slabo-odrezala\/","url":"https:\/\/hudo.com\/si\/aktualno\/vesna-pusic-ni-pricakovala-da-se-bo-na-glasovanju-za-sekretarja-zn-tako-slabo-odrezala\/","name":"Vesna Pusi\u0107 ni pri\u010dakovala, da se bo na glasovanju za sekretarja ZN tako slabo odrezala... - Hudo Slovenija","isPartOf":{"@id":"https:\/\/hudo.com\/si\/#website"},"datePublished":"2016-07-22T05:51:17+00:00","dateModified":"2016-07-22T05:51:17+00:00","breadcrumb":{"@id":"https:\/\/hudo.com\/si\/aktualno\/vesna-pusic-ni-pricakovala-da-se-bo-na-glasovanju-za-sekretarja-zn-tako-slabo-odrezala\/#breadcrumb"},"inLanguage":"sl-SI","potentialAction":[{"@type":"ReadAction","target":["https:\/\/hudo.com\/si\/aktualno\/vesna-pusic-ni-pricakovala-da-se-bo-na-glasovanju-za-sekretarja-zn-tako-slabo-odrezala\/"]}]},{"@type":"BreadcrumbList","@id":"https:\/\/hudo.com\/si\/aktualno\/vesna-pusic-ni-pricakovala-da-se-bo-na-glasovanju-za-sekretarja-zn-tako-slabo-odrezala\/#breadcrumb","itemListElement":[{"@type":"ListItem","position":1,"name":"Home","item":"https:\/\/hudo.com\/si\/"},{"@type":"ListItem","position":2,"name":"Vesna Pusi\u0107 ni pri\u010dakovala, da se bo na glasovanju za sekretarja ZN tako slabo odrezala&#8230;"}]},{"@type":"WebSite","@id":"https:\/\/hudo.com\/si\/#website","url":"https:\/\/hudo.com\/si\/","name":"Hudo Slovenija","description":"Vse novice iz Slovenije in sveta","publisher":{"@id":"https:\/\/hudo.com\/si\/#organization"},"potentialAction":[{"@type":"SearchAction","target":{"@type":"EntryPoint","urlTemplate":"https:\/\/hudo.com\/si\/?s={search_term_string}"},"query-input":"required name=search_term_string"}],"inLanguage":"sl-SI"},{"@type":"Organization","@id":"https:\/\/hudo.com\/si\/#organization","name":"VSN Media","url":"https:\/\/hudo.com\/si\/","logo":{"@type":"ImageObject","inLanguage":"sl-SI","@id":"https:\/\/hudo.com\/si\/#\/schema\/logo\/image\/","url":"https:\/\/hudo.com\/si\/wp-content\/uploads\/sites\/2\/2021\/03\/hudo-app-2.png","contentUrl":"https:\/\/hudo.com\/si\/wp-content\/uploads\/sites\/2\/2021\/03\/hudo-app-2.png","width":2185,"height":2167,"caption":"VSN Media"},"image":{"@id":"https:\/\/hudo.com\/si\/#\/schema\/logo\/image\/"},"sameAs":["https:\/\/www.facebook.com\/hudo.si","https:\/\/twitter.com\/hudo_si"]},{"@type":"Person","@id":"https:\/\/hudo.com\/si\/#\/schema\/person\/2391667a63ea075ba94f2f2dc6b77537","name":"A. G., STA","image":{"@type":"ImageObject","inLanguage":"sl-SI","@id":"https:\/\/hudo.com\/si\/#\/schema\/person\/image\/","url":"https:\/\/secure.gravatar.com\/avatar\/e13d22ac3e442658d5025fbbe6238a79?s=96&d=mm&r=g","contentUrl":"https:\/\/secure.gravatar.com\/avatar\/e13d22ac3e442658d5025fbbe6238a79?s=96&d=mm&r=g","caption":"A. G., STA"},"url":"https:\/\/hudo.com\/si\/author\/alenka\/"}]}},"amp_enabled":true,"_links":{"self":[{"href":"https:\/\/hudo.com\/si\/wp-json\/wp\/v2\/posts\/99405"}],"collection":[{"href":"https:\/\/hudo.com\/si\/wp-json\/wp\/v2\/posts"}],"about":[{"href":"https:\/\/hudo.com\/si\/wp-json\/wp\/v2\/types\/post"}],"author":[{"embeddable":true,"href":"https:\/\/hudo.com\/si\/wp-json\/wp\/v2\/users\/5"}],"replies":[{"embeddable":true,"href":"https:\/\/hudo.com\/si\/wp-json\/wp\/v2\/comments?post=99405"}],"version-history":[{"count":1,"href":"https:\/\/hudo.com\/si\/wp-json\/wp\/v2\/posts\/99405\/revisions"}],"predecessor-version":[{"id":99408,"href":"https:\/\/hudo.com\/si\/wp-json\/wp\/v2\/posts\/99405\/revisions\/99408"}],"wp:featuredmedia":[{"embeddable":true,"href":"https:\/\/hudo.com\/si\/wp-json\/wp\/v2\/media\/99407"}],"wp:attachment":[{"href":"https:\/\/hudo.com\/si\/wp-json\/wp\/v2\/media?parent=99405"}],"wp:term":[{"taxonomy":"category","embeddable":true,"href":"https:\/\/hudo.com\/si\/wp-json\/wp\/v2\/categories?post=99405"},{"taxonomy":"post_tag","embeddable":true,"href":"https:\/\/hudo.com\/si\/wp-json\/wp\/v2\/tags?post=99405"},{"taxonomy":"source","embeddable":true,"href":"https:\/\/hudo.com\/si\/wp-json\/wp\/v2\/source?post=99405"},{"taxonomy":"supertag","embeddable":true,"href":"https:\/\/hudo.com\/si\/wp-json\/wp\/v2\/supertag?post=99405"}],"curies":[{"name":"wp","href":"https:\/\/api.w.org\/{rel}","templated":true}]}}